{"id":538489,"date":"2023-05-18T11:27:49","date_gmt":"2023-05-18T11:27:49","guid":{"rendered":"https:\/\/dimensionturistica.com\/es\/?p=538489"},"modified":"2023-05-18T11:27:49","modified_gmt":"2023-05-18T11:27:49","slug":"vicky-foods-factura-un-32-mas-y-supera-los-530-millones-con-un-aumento-de-produccion-del-6","status":"publish","type":"post","link":"https:\/\/dimensionturistica.com\/es\/vicky-foods-factura-un-32-mas-y-supera-los-530-millones-con-un-aumento-de-produccion-del-6\/","title":{"rendered":"Vicky Foods factura un 32% m\u00e1s y supera los 530 millones, con un aumento de producci\u00f3n del 6%"},"content":{"rendered":"<p> <br \/>\n<\/p>\n<div subscriptions-section=\"content\">\n<p>\n    El aumento de los precios y su repercusi\u00f3n est\u00e1 aumentando las facturas en empresas alimentarias. Vicky Foods, la empresa de pan y boller\u00eda cuya marca estrella es Dulcesol, termin\u00f3 el a\u00f1o pasado con una facturaci\u00f3n de 536 millones de euros, seg\u00fan revela en un comunicado. Esto supione un aumento del 32,3% respecto a los 405 millones del ejercicio anterior.\n<\/p>\n<p>\n    La compa\u00f1\u00eda reconoce que el pasado ejercicio fue complejo, marcado por la inflaci\u00f3n y las consecuencias de la guerra de Ucrania, teniendo en cuenta que la harina, una de las materias primas m\u00e1s afectadas por la volatilidad, es un ingrediente fundamental para sus productos.\n<\/p>\n<p>\n    El volumen de producci\u00f3n se increment\u00f3 significativamente, pero en menor medida que la facturaci\u00f3n, ya que gener\u00f3<strong> 203.000 toneladas de productos, un 6% m\u00e1s <\/strong>que el a\u00f1o anterior.\n<\/p>\n<p>\n    Por gamas de productos, la divisi\u00f3n de pan creci\u00f3 un 12% el a\u00f1o pasado y ya representa el 58% del volumen de la compa\u00f1\u00eda, que cuenta con una cartera formada en total por 350 productos,   a trav\u00e9s de sus marcas Dulcesol -de pan, pasteler\u00eda, boller\u00eda y helados-, Be Plus -de alimentaci\u00f3n saludable y de conveniencia-, Horno Hermanos Juan -de boller\u00eda y pan congelados para hosteler\u00eda y el canal alimentaci\u00f3n-. Adem\u00e1s, el a\u00f1o pasado lanz\u00f3  , lanz\u00f3 FITz, una marca de precocinados congelados.\n<\/p>\n<h3 class=\"subhead\">Inversiones<\/h3>\n<p>\n    Vicky Foods explica que el a\u00f1o pasado destino m\u00e1s de<strong> 21 millones de euros a inversiones<\/strong> de diferente \u00edndole. Adem\u00e1s de las dirigidas a mejoras en procedimientos y procesos, y a  proyectos de I+D+i, apuesta por los envases y por el aumento de capacidad.\n<\/p>\n<p>\n    A mediados de a\u00f1o inici\u00f3 unas obras de modernizaci\u00f3n  de su planta de impresi\u00f3n de envases en la Pobla del Duc (Valencia) tanto en sus instalaciones como en la incorporaci\u00f3n de maquinaria. Est\u00e1 previsto que finalicen en 2024 y cuentan con una partida de m\u00e1s de cuatro millones de euros.\n<\/p>\n<p>\n    Otra de las grandes apuestas de Vicky Foods es su <strong>nueva f\u00e1brica en Francia,<\/strong> que ha iniciado la construcci\u00f3n a principios de este a\u00f1o. La <a target=\"_blank\" href=\"https:\/\/www.expansion.com\/valencia\/2023\/03\/21\/6419d672e5fdeadb178b467f.html\" rel=\"noopener\">inversi\u00f3n prevista ronda los 80 millones<\/a> de euros y espera que entre en producci\u00f3n a finales del pr\u00f3ximo a\u00f1o.\n<\/p>\n<p>\n    Ser\u00e1 su segunda planta de producci\u00f3n fuera de Espa\u00f1a, adem\u00e1s de la de Argelia, que inici\u00f3 la fabricaci\u00f3n en 2014.\n<\/p>\n<h3 class=\"subhead\">Negocio exterior<\/h3>\n<p>\n    Las ventas internacionales han sido otra de las palancas de Vicky Foods. El a\u00f1o pasado gener\u00f3 <strong>116 millones de euros,<\/strong> un 21% de total del grupo, tras crecer un 30% respecto a 2021.\n<\/p>\n<p>\n    La compa\u00f1\u00eda se\u00f1ala que sus productos llegan a m\u00e1s de 60 pa\u00edses.\n<\/p>\n<\/div>\n\n<p><em> \u2018 The preceding article may include information circulated by third parties \u2019 <\/em><\/p>\n<p><em> \u2018 Some details of this article were extracted from the following source amp.expansion.com \u2019 <\/em><\/p>\n","protected":false},"excerpt":{"rendered":"<p>El aumento de los precios y su repercusi\u00f3n est\u00e1 aumentando las facturas en empresas alimentarias. Vicky Foods, la empresa de pan y boller\u00eda cuya marca estrella es Dulcesol, termin\u00f3 el a\u00f1o pasado con una facturaci\u00f3n de 536 millones de euros, seg\u00fan revela en un comunicado. Esto supione un aumento del 32,3% respecto a los 405 [&hellip;]<\/p>\n","protected":false},"author":2,"featured_media":538490,"comment_status":"open","ping_status":"closed","sticky":false,"template":"","format":"standard","meta":{"om_disable_all_campaigns":false,"jnews-multi-image_gallery":[],"jnews_single_post":[],"jnews_primary_category":[],"jnews_social_meta":[],"footnotes":""},"categories":[43],"tags":[572,634,2769],"class_list":["post-538489","post","type-post","status-publish","format-standard","has-post-thumbnail","hentry","category-gourmet","tag-distribucion","tag-empresas","tag-valencia"],"_links":{"self":[{"href":"https:\/\/dimensionturistica.com\/es\/wp-json\/wp\/v2\/posts\/538489","targetHints":{"allow":["GET"]}}],"collection":[{"href":"https:\/\/dimensionturistica.com\/es\/wp-json\/wp\/v2\/posts"}],"about":[{"href":"https:\/\/dimensionturistica.com\/es\/wp-json\/wp\/v2\/types\/post"}],"author":[{"embeddable":true,"href":"https:\/\/dimensionturistica.com\/es\/wp-json\/wp\/v2\/users\/2"}],"replies":[{"embeddable":true,"href":"https:\/\/dimensionturistica.com\/es\/wp-json\/wp\/v2\/comments?post=538489"}],"version-history":[{"count":0,"href":"https:\/\/dimensionturistica.com\/es\/wp-json\/wp\/v2\/posts\/538489\/revisions"}],"wp:featuredmedia":[{"embeddable":true,"href":"https:\/\/dimensionturistica.com\/es\/wp-json\/wp\/v2\/media\/538490"}],"wp:attachment":[{"href":"https:\/\/dimensionturistica.com\/es\/wp-json\/wp\/v2\/media?parent=538489"}],"wp:term":[{"taxonomy":"category","embeddable":true,"href":"https:\/\/dimensionturistica.com\/es\/wp-json\/wp\/v2\/categories?post=538489"},{"taxonomy":"post_tag","embeddable":true,"href":"https:\/\/dimensionturistica.com\/es\/wp-json\/wp\/v2\/tags?post=538489"}],"curies":[{"name":"wp","href":"https:\/\/api.w.org\/{rel}","templated":true}]}}