{"id":537822,"date":"2023-05-17T16:22:02","date_gmt":"2023-05-17T16:22:02","guid":{"rendered":"https:\/\/dimensionturistica.com\/es\/?p=537822"},"modified":"2024-02-29T17:13:56","modified_gmt":"2024-02-29T17:13:56","slug":"desfile-gucci-crucero-2024","status":"publish","type":"post","link":"https:\/\/dimensionturistica.com\/es\/desfile-gucci-crucero-2024\/","title":{"rendered":"Desfile Gucci Crucero 2024"},"content":{"rendered":"<p> <br \/>\n<\/p>\n<div role=\"region\" tabindex=\"0\">\n<style data-emotion=\"css 18vfmjb\"><![CDATA[.css-18vfmjb{font-family:Charter,Georgia,Times,Serif;font-size:1.1875rem;line-height:1.6;}.css-18vfmjb em{font-family:Charter,Georgia,Times,Serif;font-style:italic;}.css-18vfmjb strong{font-family:Charter,Georgia,Times,Serif;font-weight:bold;}]]><\/style>\n<p class=\"css-18vfmjb et3p2gv0\"><strong>La nueva colecci\u00f3n Gucci Crucero 2024 ha sido presentada en el Palacio Gyeongbokgung de Se\u00fal, <\/strong>lugar emblem\u00e1tico e hist\u00f3rico de la ciudad coreana. <\/p>\n<p class=\"css-18vfmjb et3p2gv0\">La nueva colecci\u00f3n explora un intercambio de di\u00e1logo entre la herencia de la Casa Gucci y el electrizante impacto e influencia de Corea del Sur. Una ilustraci\u00f3n de la manifestaci\u00f3n multicultural que se vive en el d\u00eda a d\u00eda de la ciudad, la colecci\u00f3n refleja la comunidad global en el coraz\u00f3n de Gucci: un legado creativo que evoluciona a trav\u00e9s de distintos dise\u00f1adores y artesanos que interpretan los c\u00f3digos de la Casa. <\/p>\n<p class=\"css-18vfmjb et3p2gv0\"><strong>Las siluetas evocan al Gucci de finales de los a\u00f1os 90 pero con la paleta de colores del Gucci de 2010<\/strong>, bas\u00e1ndose en los cambios de c\u00f3digos generacionales:<strong> los materiales y y t\u00e9cnicas m\u00e1s formales se transforman es unos m\u00e1s &#8220;sporty&#8221; y street style<\/strong>, todo un h\u00edbrido que se inspira un estudio en deconstrucci\u00f3n: bombers que se transforman en faldas, bikers en abrigos.<\/p>\n<p class=\"css-18vfmjb et3p2gv0\">La uni\u00f3n de lo experimental y novedoso de Se\u00fal con los valores tradicionales de la Casa Gucci.<\/p>\n<\/div>\n\n<p><em> &#8221; Fuentes www.elle.com &#8221; <\/em><\/p>\n","protected":false},"excerpt":{"rendered":"<p>La nueva colecci\u00f3n Gucci Crucero 2024 ha sido presentada en el Palacio Gyeongbokgung de Se\u00fal, lugar emblem\u00e1tico e hist\u00f3rico de la ciudad coreana. La nueva colecci\u00f3n explora un intercambio de di\u00e1logo entre la herencia de la Casa Gucci y el electrizante impacto e influencia de Corea del Sur. Una ilustraci\u00f3n de la manifestaci\u00f3n multicultural que [&hellip;]<\/p>\n","protected":false},"author":4,"featured_media":537823,"comment_status":"open","ping_status":"closed","sticky":false,"template":"","format":"standard","meta":{"om_disable_all_campaigns":false,"jnews-multi-image_gallery":[],"jnews_single_post":[],"jnews_primary_category":[],"jnews_social_meta":[],"footnotes":""},"categories":[41,144872],"tags":[],"class_list":["post-537822","post","type-post","status-publish","format-standard","has-post-thumbnail","hentry","category-cruceros","category-fashion"],"_links":{"self":[{"href":"https:\/\/dimensionturistica.com\/es\/wp-json\/wp\/v2\/posts\/537822","targetHints":{"allow":["GET"]}}],"collection":[{"href":"https:\/\/dimensionturistica.com\/es\/wp-json\/wp\/v2\/posts"}],"about":[{"href":"https:\/\/dimensionturistica.com\/es\/wp-json\/wp\/v2\/types\/post"}],"author":[{"embeddable":true,"href":"https:\/\/dimensionturistica.com\/es\/wp-json\/wp\/v2\/users\/4"}],"replies":[{"embeddable":true,"href":"https:\/\/dimensionturistica.com\/es\/wp-json\/wp\/v2\/comments?post=537822"}],"version-history":[{"count":0,"href":"https:\/\/dimensionturistica.com\/es\/wp-json\/wp\/v2\/posts\/537822\/revisions"}],"wp:featuredmedia":[{"embeddable":true,"href":"https:\/\/dimensionturistica.com\/es\/wp-json\/wp\/v2\/media\/537823"}],"wp:attachment":[{"href":"https:\/\/dimensionturistica.com\/es\/wp-json\/wp\/v2\/media?parent=537822"}],"wp:term":[{"taxonomy":"category","embeddable":true,"href":"https:\/\/dimensionturistica.com\/es\/wp-json\/wp\/v2\/categories?post=537822"},{"taxonomy":"post_tag","embeddable":true,"href":"https:\/\/dimensionturistica.com\/es\/wp-json\/wp\/v2\/tags?post=537822"}],"curies":[{"name":"wp","href":"https:\/\/api.w.org\/{rel}","templated":true}]}}