{"id":537443,"date":"2023-05-17T12:18:03","date_gmt":"2023-05-17T12:18:03","guid":{"rendered":"https:\/\/dimensionturistica.com\/es\/?p=537443"},"modified":"2023-05-17T12:18:03","modified_gmt":"2023-05-17T12:18:03","slug":"jornadas-iati-de-los-grandes-viajes","status":"publish","type":"post","link":"https:\/\/dimensionturistica.com\/es\/jornadas-iati-de-los-grandes-viajes\/","title":{"rendered":"Jornadas IATI de los grandes viajes"},"content":{"rendered":"<p> <br \/>\n<\/p>\n<div>\n<p>As\u00ed, contar\u00e1n con las experiencias de trotamundos como <strong>Ana Luja, de Leioa, y Josu Larrabeiti, de Getxo, que llevan 15 a\u00f1os haciendo grandes viajes<\/strong> y ser\u00e1n entrevistados por Roge Blasco; el bilba\u00edno <strong>Koldo Burgoa, que estuvo 3 a\u00f1os en moto por \u00c1frica y Sudam\u00e9rica<\/strong>; la <strong>jatabetarra Mayella Sainz, que viaj\u00f3 dos a\u00f1os en pareja y luego sola por \u00c1frica, Asia y Ocean\u00eda<\/strong>; <strong>Asier Arroita, que intent\u00f3 regresar desde Hong Kong a su pueblo<\/strong>, <strong>Ortuella, en bicicleta; Cynthia Rodr\u00edguez y Amaia Zuriarrain, de Anoeta, que recorrieron Am\u00e9rica en barcoestop y con mochila<\/strong>; la <strong>donostiarra Bego\u00f1a Garc\u00eda dio la vuelta al mundo en bici durante 5 a\u00f1os<\/strong>; o <strong>Miryam Tejada, de Eibar, que viaj\u00f3 durante 7 meses por Sudam\u00e9rica hasta que lleg\u00f3 la pandemia<\/strong>.<\/p>\n<\/div>\n\n<p><em> &#8221; Fuentes viajar.elperiodico.com &#8221; <\/em><\/p>\n","protected":false},"excerpt":{"rendered":"<p>As\u00ed, contar\u00e1n con las experiencias de trotamundos como Ana Luja, de Leioa, y Josu Larrabeiti, de Getxo, que llevan 15 a\u00f1os haciendo grandes viajes y ser\u00e1n entrevistados por Roge Blasco; el bilba\u00edno Koldo Burgoa, que estuvo 3 a\u00f1os en moto por \u00c1frica y Sudam\u00e9rica; la jatabetarra Mayella Sainz, que viaj\u00f3 dos a\u00f1os en pareja y [&hellip;]<\/p>\n","protected":false},"author":4,"featured_media":537444,"comment_status":"open","ping_status":"closed","sticky":false,"template":"","format":"standard","meta":{"om_disable_all_campaigns":false,"jnews-multi-image_gallery":[],"jnews_single_post":[],"jnews_primary_category":[],"jnews_social_meta":[],"footnotes":""},"categories":[39],"tags":[1742,67892,3657,545],"class_list":["post-537443","post","type-post","status-publish","format-standard","has-post-thumbnail","hentry","category-viajes","tag-bilbao","tag-el-evento-viajero-mas-inspirador-cumple-10-anos-jornadas-iati-de-los-grandes-viajes","tag-planes","tag-viajes"],"_links":{"self":[{"href":"https:\/\/dimensionturistica.com\/es\/wp-json\/wp\/v2\/posts\/537443","targetHints":{"allow":["GET"]}}],"collection":[{"href":"https:\/\/dimensionturistica.com\/es\/wp-json\/wp\/v2\/posts"}],"about":[{"href":"https:\/\/dimensionturistica.com\/es\/wp-json\/wp\/v2\/types\/post"}],"author":[{"embeddable":true,"href":"https:\/\/dimensionturistica.com\/es\/wp-json\/wp\/v2\/users\/4"}],"replies":[{"embeddable":true,"href":"https:\/\/dimensionturistica.com\/es\/wp-json\/wp\/v2\/comments?post=537443"}],"version-history":[{"count":0,"href":"https:\/\/dimensionturistica.com\/es\/wp-json\/wp\/v2\/posts\/537443\/revisions"}],"wp:featuredmedia":[{"embeddable":true,"href":"https:\/\/dimensionturistica.com\/es\/wp-json\/wp\/v2\/media\/537444"}],"wp:attachment":[{"href":"https:\/\/dimensionturistica.com\/es\/wp-json\/wp\/v2\/media?parent=537443"}],"wp:term":[{"taxonomy":"category","embeddable":true,"href":"https:\/\/dimensionturistica.com\/es\/wp-json\/wp\/v2\/categories?post=537443"},{"taxonomy":"post_tag","embeddable":true,"href":"https:\/\/dimensionturistica.com\/es\/wp-json\/wp\/v2\/tags?post=537443"}],"curies":[{"name":"wp","href":"https:\/\/api.w.org\/{rel}","templated":true}]}}