{"id":537086,"date":"2023-05-16T23:14:09","date_gmt":"2023-05-16T23:14:09","guid":{"rendered":"https:\/\/dimensionturistica.com\/es\/?p=537086"},"modified":"2023-05-16T23:14:09","modified_gmt":"2023-05-16T23:14:09","slug":"en-dos-anos-hubo-mas-de-treinta-accidentes-en-el-crucero","status":"publish","type":"post","link":"https:\/\/dimensionturistica.com\/es\/en-dos-anos-hubo-mas-de-treinta-accidentes-en-el-crucero\/","title":{"rendered":"\u00abEn dos a\u00f1os hubo m\u00e1s de treinta accidentes en El Crucero\u00bb"},"content":{"rendered":"<p> <br \/>\n<\/p>\n<div>\n<!-- amp-ad GAM: megabanner_dos--><\/p>\n<div class=\"v-mdl-ath\">\n<div class=\"v-mdl-ath__c v-mdl-ath__c--1\">\n<p class=\"v-mdl-ath__p v-mdl-ath__p--date\">\nMi\u00e9rcoles, 17 de mayo 2023, 01:06<br \/>\n<time datetime=\"2023-05-16T23:06:22Z\" class=\"v-mdl-ath__time\"><br \/>\n<\/time>\n<\/p>\n<\/div>\n<\/div>\n<p class=\"v-p\">Vecinos y empresarios de El Crucero, en Tineo, piden que se ponga soluci\u00f3n al aumento de accidentes de tr\u00e1fico que registra su cruce con la AS-216. Desde que el 18 de marzo de 2021 se inaugur\u00f3 el espacio comercial de El Crucero Park, el tr\u00e1fico en el cruce por el que se entra desde la AS-216 ha aumentado. Y tambi\u00e9n el n\u00famero de accidentes de tr\u00e1fico. El \u00faltimo, hace apenas tres d\u00edas, en el que la colisi\u00f3n de dos veh\u00edculos dej\u00f3 dos heridos de gravedad, que todav\u00eda hoy siguen hospitalizados. \u00abEn los \u00faltimos dos a\u00f1os hubo m\u00e1s de treinta accidentes en este cruce. Un d\u00eda va acabar muriendo alguien\u00bb, advierte Fern\u00e1ndez Ca\u00f1\u00f3n, de la plataforma El Suroccidente tambi\u00e9n es Asturias Por unas Carreteras Seguras y Modernas.<\/p>\n<p><span class=\"paywall\" amp-access=\"result=\" allow_access=\"\" amp-access-hide=\"\"><\/p>\n<p class=\"v-p\">\u00abEs un cruce con mucha afluencia de veh\u00edculos, camiones y autobuses\u00bb, explica Ca\u00f1\u00f3n durante una concentraci\u00f3n vecinal en el cruce, desde donde pidieron al Principado soluciones. \u00abCreemos que lo mejor ser\u00eda quitar las cuatro se\u00f1ales de stops y los cuatro pasos de cebra y poner una rotonda. Pero no somos ni t\u00e9cnicos ni ingenieros\u00bb, indican.<\/p>\n<p><\/span><\/p>\n<div class=\"container-wall-exclusive\" amp-access=\"result!='ALLOW_ACCESS'\" amp-access-hide=\"\">\n<div class=\"center-content-exclusive\">\n<div class=\"paragraph-titles-exclus\">\n<span>Este contenido es exclusivo para suscriptores<\/span><\/p>\n<p>Disfruta de acceso ilimitado y ventajas exclusivas<\/p>\n<\/p><\/div>\n<\/div>\n<\/div>\n<nav class=\"v-d__btn-c\">\n<button on=\"tap:AMP.navigateTo(url=\" https:=\"\" class=\"v-btn v-btn-i v-btn-i--l v-btn--l v-btn--xl-xs v-mdl-b v-btn--cb7\" data-target=\"modal-comments\" data-voc-modal-comments=\"\" data-voc-vtm-id=\"btncomentar\" data-voc-vtm-info=\"abrir-comentarios\"><br \/>\n<span class=\"v-icon\"><br \/>\n<svg xmlns=\"http:\/\/www.w3.org\/2000\/svg\" width=\"24\" height=\"24\" viewbox=\"0 0 24 24\">\n<path data-name=\"Trazado 1616\" d=\"M2519,857h24v17.531h-4.5V881l-7.5-6.469h-12Z\" transform=\"translate(-2519 -857)\"\/>\n<\/svg><br \/>\n<\/span><br \/>\n<span data-voc-comments-count-text=\"\" data-voc-comments-count=\"0003b016-f439-11ed-85aa-63388d72d4d6\" data-voc-comments-count-zero-text=\"Comenta\" class=\"voc-number\">Comenta<\/span><br \/>\n<\/button><br \/>\n<button on=\"tap:AMP.navigateTo(url=\" https:=\"\" class=\"v-btn v-btn-i v-btn-i--l v-btn-bs v-btn-bs--cb7 v-mdl-b\" data-target=\"report-error\" data-voc-component=\"modal-b-open\" data-voc-report-error=\"\" data-voc-vtm-id=\"btnreporterror\" data-voc-vtm-info=\"reporte-error\"><br \/>\n<span class=\"v-icon\"><br \/>\n<svg xmlns=\"http:\/\/www.w3.org\/2000\/svg\" width=\"24\" height=\"23.999\" viewbox=\"0 0 24 23.999\">\n<path data-name=\"icon-report-error\" d=\"M-11661,910v-9h1.5v9Zm0-9V886h24l-6,7.5,6,7.5Z\" transform=\"translate(11661.002 -886)\"\/>\n<\/svg><br \/>\n<\/span><br \/>\nReporta un error<br \/>\n<\/button><br \/>\n<\/nav>\n<\/div>\n\n<p><em> &#8221; Fuentes www.elcomercio.es &#8221; <\/em><\/p>\n","protected":false},"excerpt":{"rendered":"<p>Mi\u00e9rcoles, 17 de mayo 2023, 01:06 Vecinos y empresarios de El Crucero, en Tineo, piden que se ponga soluci\u00f3n al aumento de accidentes de tr\u00e1fico que registra su cruce con la AS-216. Desde que el 18 de marzo de 2021 se inaugur\u00f3 el espacio comercial de El Crucero Park, el tr\u00e1fico en el cruce por [&hellip;]<\/p>\n","protected":false},"author":4,"featured_media":537087,"comment_status":"open","ping_status":"closed","sticky":false,"template":"","format":"standard","meta":{"om_disable_all_campaigns":false,"jnews-multi-image_gallery":[],"jnews_single_post":[],"jnews_primary_category":[],"jnews_social_meta":[],"footnotes":""},"categories":[41],"tags":[720,6060,1280,1523,54215],"class_list":["post-537086","post","type-post","status-publish","format-standard","has-post-thumbnail","hentry","category-cruceros","tag-accidentes","tag-anos","tag-crucero","tag-dos","tag-treinta"],"_links":{"self":[{"href":"https:\/\/dimensionturistica.com\/es\/wp-json\/wp\/v2\/posts\/537086","targetHints":{"allow":["GET"]}}],"collection":[{"href":"https:\/\/dimensionturistica.com\/es\/wp-json\/wp\/v2\/posts"}],"about":[{"href":"https:\/\/dimensionturistica.com\/es\/wp-json\/wp\/v2\/types\/post"}],"author":[{"embeddable":true,"href":"https:\/\/dimensionturistica.com\/es\/wp-json\/wp\/v2\/users\/4"}],"replies":[{"embeddable":true,"href":"https:\/\/dimensionturistica.com\/es\/wp-json\/wp\/v2\/comments?post=537086"}],"version-history":[{"count":0,"href":"https:\/\/dimensionturistica.com\/es\/wp-json\/wp\/v2\/posts\/537086\/revisions"}],"wp:featuredmedia":[{"embeddable":true,"href":"https:\/\/dimensionturistica.com\/es\/wp-json\/wp\/v2\/media\/537087"}],"wp:attachment":[{"href":"https:\/\/dimensionturistica.com\/es\/wp-json\/wp\/v2\/media?parent=537086"}],"wp:term":[{"taxonomy":"category","embeddable":true,"href":"https:\/\/dimensionturistica.com\/es\/wp-json\/wp\/v2\/categories?post=537086"},{"taxonomy":"post_tag","embeddable":true,"href":"https:\/\/dimensionturistica.com\/es\/wp-json\/wp\/v2\/tags?post=537086"}],"curies":[{"name":"wp","href":"https:\/\/api.w.org\/{rel}","templated":true}]}}