{"id":537072,"date":"2023-05-16T22:57:51","date_gmt":"2023-05-16T22:57:51","guid":{"rendered":"https:\/\/dimensionturistica.com\/es\/?p=537072"},"modified":"2023-05-16T22:57:51","modified_gmt":"2023-05-16T22:57:51","slug":"tres-cruceros-con-2-352-viajeros-esta-semana","status":"publish","type":"post","link":"https:\/\/dimensionturistica.com\/es\/tres-cruceros-con-2-352-viajeros-esta-semana\/","title":{"rendered":"Tres cruceros con 2.352 viajeros, esta semana"},"content":{"rendered":"<p> <br \/>\n<\/p>\n<div>\n<!-- amp-ad GAM: megabanner_dos--><\/p>\n<div class=\"v-mdl-ath\">\n<div class=\"v-mdl-ath__c v-mdl-ath__c--1\">\n<p class=\"v-mdl-ath__p v-mdl-ath__p--date\">\nMi\u00e9rcoles, 17 de mayo 2023, 00:48<br \/>\n<time datetime=\"2023-05-16T22:48:09Z\" class=\"v-mdl-ath__time\"><br \/>\n<\/time>\n<\/p>\n<\/div>\n<\/div>\n<p class=\"v-p\">E. C. El Musel recibir\u00e1 esta semana tres cruceros que permitir\u00e1n la llegada a Gij\u00f3n de m\u00e1s de dos mil turistas. Hoy atracar\u00e1 el buque &#8216;SH Vega&#8217;, con 152 pasajeros; el jueves har\u00e1 lo propio el &#8216;Aida Aurora&#8217;, en el que viajan mil turistas, en su mayor\u00eda alemanes, y el domingo har\u00e1 escala el &#8216;Ambition&#8217;, con 1.200 viajeros.<\/p>\n<div class=\"container-wall-exclusive\" amp-access=\"result!='ALLOW_ACCESS'\" amp-access-hide=\"\">\n<div class=\"center-content-exclusive\">\n<div class=\"paragraph-titles-exclus\">\n<span>Este contenido es exclusivo para suscriptores<\/span><\/p>\n<p>Disfruta de acceso ilimitado y ventajas exclusivas<\/p>\n<\/p><\/div>\n<\/div>\n<\/div>\n<nav class=\"v-d__btn-c\">\n<button on=\"tap:AMP.navigateTo(url=\" https:=\"\" class=\"v-btn v-btn-i v-btn-i--l v-btn--l v-btn--xl-xs v-mdl-b v-btn--cb7\" data-target=\"modal-comments\" data-voc-modal-comments=\"\" data-voc-vtm-id=\"btncomentar\" data-voc-vtm-info=\"abrir-comentarios\"><br \/>\n<span class=\"v-icon\"><br \/>\n<svg xmlns=\"http:\/\/www.w3.org\/2000\/svg\" width=\"24\" height=\"24\" viewbox=\"0 0 24 24\">\n<path data-name=\"Trazado 1616\" d=\"M2519,857h24v17.531h-4.5V881l-7.5-6.469h-12Z\" transform=\"translate(-2519 -857)\"\/>\n<\/svg><br \/>\n<\/span><br \/>\n<span data-voc-comments-count-text=\"\" data-voc-comments-count=\"dd0a1758-f438-11ed-85aa-63388d72d4d6\" data-voc-comments-count-zero-text=\"Comenta\" class=\"voc-number\">Comenta<\/span><br \/>\n<\/button><br \/>\n<button on=\"tap:AMP.navigateTo(url=\" https:=\"\" class=\"v-btn v-btn-i v-btn-i--l v-btn-bs v-btn-bs--cb7 v-mdl-b\" data-target=\"report-error\" data-voc-component=\"modal-b-open\" data-voc-report-error=\"\" data-voc-vtm-id=\"btnreporterror\" data-voc-vtm-info=\"reporte-error\"><br \/>\n<span class=\"v-icon\"><br \/>\n<svg xmlns=\"http:\/\/www.w3.org\/2000\/svg\" width=\"24\" height=\"23.999\" viewbox=\"0 0 24 23.999\">\n<path data-name=\"icon-report-error\" d=\"M-11661,910v-9h1.5v9Zm0-9V886h24l-6,7.5,6,7.5Z\" transform=\"translate(11661.002 -886)\"\/>\n<\/svg><br \/>\n<\/span><br \/>\nReporta un error<br \/>\n<\/button><br \/>\n<\/nav>\n<\/div>\n\n<p><em> &#8221; Fuentes www.elcomercio.es &#8221; <\/em><\/p>\n","protected":false},"excerpt":{"rendered":"<p>Mi\u00e9rcoles, 17 de mayo 2023, 00:48 E. C. El Musel recibir\u00e1 esta semana tres cruceros que permitir\u00e1n la llegada a Gij\u00f3n de m\u00e1s de dos mil turistas. Hoy atracar\u00e1 el buque &#8216;SH Vega&#8217;, con 152 pasajeros; el jueves har\u00e1 lo propio el &#8216;Aida Aurora&#8217;, en el que viajan mil turistas, en su mayor\u00eda alemanes, y [&hellip;]<\/p>\n","protected":false},"author":4,"featured_media":503909,"comment_status":"open","ping_status":"closed","sticky":false,"template":"","format":"standard","meta":{"om_disable_all_campaigns":false,"jnews-multi-image_gallery":[],"jnews_single_post":[],"jnews_primary_category":[],"jnews_social_meta":[],"footnotes":""},"categories":[41],"tags":[67879,543,2849,598,1298],"class_list":["post-537072","post","type-post","status-publish","format-standard","has-post-thumbnail","hentry","category-cruceros","tag-67879","tag-cruceros","tag-semana","tag-tres","tag-viajeros"],"_links":{"self":[{"href":"https:\/\/dimensionturistica.com\/es\/wp-json\/wp\/v2\/posts\/537072","targetHints":{"allow":["GET"]}}],"collection":[{"href":"https:\/\/dimensionturistica.com\/es\/wp-json\/wp\/v2\/posts"}],"about":[{"href":"https:\/\/dimensionturistica.com\/es\/wp-json\/wp\/v2\/types\/post"}],"author":[{"embeddable":true,"href":"https:\/\/dimensionturistica.com\/es\/wp-json\/wp\/v2\/users\/4"}],"replies":[{"embeddable":true,"href":"https:\/\/dimensionturistica.com\/es\/wp-json\/wp\/v2\/comments?post=537072"}],"version-history":[{"count":0,"href":"https:\/\/dimensionturistica.com\/es\/wp-json\/wp\/v2\/posts\/537072\/revisions"}],"wp:featuredmedia":[{"embeddable":true,"href":"https:\/\/dimensionturistica.com\/es\/wp-json\/wp\/v2\/media\/503909"}],"wp:attachment":[{"href":"https:\/\/dimensionturistica.com\/es\/wp-json\/wp\/v2\/media?parent=537072"}],"wp:term":[{"taxonomy":"category","embeddable":true,"href":"https:\/\/dimensionturistica.com\/es\/wp-json\/wp\/v2\/categories?post=537072"},{"taxonomy":"post_tag","embeddable":true,"href":"https:\/\/dimensionturistica.com\/es\/wp-json\/wp\/v2\/tags?post=537072"}],"curies":[{"name":"wp","href":"https:\/\/api.w.org\/{rel}","templated":true}]}}