{"id":536910,"date":"2023-05-16T18:47:49","date_gmt":"2023-05-16T18:47:49","guid":{"rendered":"https:\/\/dimensionturistica.com\/es\/?p=536910"},"modified":"2024-02-29T17:14:01","modified_gmt":"2024-02-29T17:14:01","slug":"un-dialogo-cultural-gucci-presento-coleccion-crucero-2024-en-seul","status":"publish","type":"post","link":"https:\/\/dimensionturistica.com\/es\/un-dialogo-cultural-gucci-presento-coleccion-crucero-2024-en-seul\/","title":{"rendered":"Un di\u00e1logo cultural: Gucci present\u00f3 colecci\u00f3n Crucero 2024 en Se\u00fal"},"content":{"rendered":"<p> <br \/>\n<\/p>\n<div data-td-block-uid=\"tdi_86\">\n<div class=\"tdb-block-inner td-fix-index\">\n<h2><strong>El nuevo director creativo mostr\u00f3 su primera colecci\u00f3n con la firma italiana\u2026<\/strong><\/h2>\n<p><strong>Por: Isamar Escobar.<\/strong> <\/p>\n<p><strong>Sabato de Sarno<\/strong> present\u00f3 la esperada colecci\u00f3n <strong>Crucero<\/strong> <strong>2024 de Gucci <\/strong>en el <strong>Palacio Gyeongbokgung de Se\u00fal<\/strong>, un desfile que indaga en la relaci\u00f3n que mantiene la <strong>maison Italiana con Corea del Sur<\/strong>.<\/p>\n<p>La <strong>influencia asi\u00e1tica <\/strong>de la firma italiana se ha hecho presente al hacer de iconos como <strong>Hanni, KAI, Mina Shin<\/strong>, sus embajadores, en la presenta tambi\u00e9n estuvieron presentes invitados de la talla de\u00a0<strong>Dakota Johnson, Elizabeth Olsen, Saoirse Ronan y Asap Rocky.<\/strong><\/p>\n<p>El\u00a0<em>fashion show\u00a0<\/em>comenz\u00f3 al ritmo de\u00a0<em>Oldboy<\/em>, una <strong>canci\u00f3n especial y representativa<\/strong> de tierras surcoreanas.\u00a0La modelo\u00a0<strong>Sora Choi\u00a0<\/strong>abri\u00f3 el espect\u00e1culo con un largo abrigo acolchado negro sobre pantalones vaqueros agarrando una atractiva bolsa <strong>en forma de baguette<\/strong> que apareci\u00f3 una y otra vez a lo largo del runway.\u00a0<\/p>\n<figure class=\"is-layout-flex wp-block-gallery-1 wp-block-gallery has-nested-images columns-default is-cropped\">\n<figure class=\"wp-block-image size-large\"><img decoding=\"async\" width=\"682\" height=\"1024\" data-id=\"37085\" src=\"https:\/\/dimensionturistica.com\/es\/wp-content\/uploads\/2023\/05\/Un-dialogo-cultural-Gucci-presento-coleccion-Crucero-2024-en-Seul.jpeg\" alt=\"\" class=\"wp-image-37085\"  \/><\/figure>\n<figure class=\"wp-block-image size-large\"><img decoding=\"async\" loading=\"lazy\" width=\"682\" height=\"1024\" data-id=\"37086\" src=\"https:\/\/dimensionturistica.com\/es\/wp-content\/uploads\/2023\/05\/1684262863_666_Un-dialogo-cultural-Gucci-presento-coleccion-Crucero-2024-en-Seul.jpeg\" alt=\"\" class=\"wp-image-37086\"  \/><\/figure>\n<figure class=\"wp-block-image size-large\"><img decoding=\"async\" loading=\"lazy\" width=\"682\" height=\"1024\" data-id=\"37083\" src=\"https:\/\/dimensionturistica.com\/es\/wp-content\/uploads\/2023\/05\/1684262863_520_Un-dialogo-cultural-Gucci-presento-coleccion-Crucero-2024-en-Seul.jpeg\" alt=\"\" class=\"wp-image-37083\"  \/><\/figure>\n<figure class=\"wp-block-image size-large\"><img decoding=\"async\" loading=\"lazy\" width=\"682\" height=\"1024\" data-id=\"37082\" src=\"https:\/\/dimensionturistica.com\/es\/wp-content\/uploads\/2023\/05\/1684262864_474_Un-dialogo-cultural-Gucci-presento-coleccion-Crucero-2024-en-Seul.jpeg\" alt=\"\" class=\"wp-image-37082\"  \/><\/figure>\n<figure class=\"wp-block-image size-large\"><img decoding=\"async\" loading=\"lazy\" width=\"682\" height=\"1024\" data-id=\"37084\" src=\"https:\/\/dimensionturistica.com\/es\/wp-content\/uploads\/2023\/05\/1684262864_160_Un-dialogo-cultural-Gucci-presento-coleccion-Crucero-2024-en-Seul.jpeg\" alt=\"\" class=\"wp-image-37084\"  \/><\/figure>\n<\/figure>\n<h3><strong>Gucci Crucero 2024<\/strong><\/h3>\n<p><strong>Sabato de Sarno<\/strong> mostr\u00f3 una colecci\u00f3n que explora el di\u00e1logo entre el propio patrimonio cultural de la casa y la electrizante influencia actual que ejerce sobre \u00e9l,<strong> Corea del Sur.<\/strong><\/p>\n<p>El dise\u00f1ador busc\u00f3 reflejar c\u00f3mo ha<strong> evolucionado la marca<\/strong> en los \u00faltimos a\u00f1os con los <strong>propios enfoques personales y culturales <\/strong>que han mostrado quienes han pasado por ella, desde dise\u00f1adores a artesanos, en una propuesta en la que <strong>la vestimenta surcoreana<\/strong> y sus <strong>costumbres<\/strong>, as\u00ed como el <strong>instinto por la moda<\/strong> de quien camina por sus calles.<\/p>\n<figure class=\"is-layout-flex wp-block-gallery-3 wp-block-gallery has-nested-images columns-default is-cropped\">\n<figure class=\"wp-block-image size-large\"><img decoding=\"async\" loading=\"lazy\" width=\"682\" height=\"1024\" data-id=\"37089\" src=\"https:\/\/dimensionturistica.com\/es\/wp-content\/uploads\/2023\/05\/1684262864_207_Un-dialogo-cultural-Gucci-presento-coleccion-Crucero-2024-en-Seul.jpeg\" alt=\"\" class=\"wp-image-37089\"  \/><\/figure>\n<figure class=\"wp-block-image size-large\"><img decoding=\"async\" loading=\"lazy\" width=\"682\" height=\"1024\" data-id=\"37087\" src=\"https:\/\/dimensionturistica.com\/es\/wp-content\/uploads\/2023\/05\/1684262865_265_Un-dialogo-cultural-Gucci-presento-coleccion-Crucero-2024-en-Seul.jpeg\" alt=\"\" class=\"wp-image-37087\"  \/><\/figure>\n<figure class=\"wp-block-image size-large\"><img decoding=\"async\" loading=\"lazy\" width=\"682\" height=\"1024\" data-id=\"37090\" src=\"https:\/\/dimensionturistica.com\/es\/wp-content\/uploads\/2023\/05\/1684262865_701_Un-dialogo-cultural-Gucci-presento-coleccion-Crucero-2024-en-Seul.jpeg\" alt=\"\" class=\"wp-image-37090\"  \/><\/figure>\n<figure class=\"wp-block-image size-large\"><img decoding=\"async\" loading=\"lazy\" width=\"682\" height=\"1024\" data-id=\"37088\" src=\"https:\/\/dimensionturistica.com\/es\/wp-content\/uploads\/2023\/05\/1684262865_506_Un-dialogo-cultural-Gucci-presento-coleccion-Crucero-2024-en-Seul.jpeg\" alt=\"\" class=\"wp-image-37088\"  \/><\/figure>\n<\/figure>\n<p>Una<strong> fusi\u00f3n de tradici\u00f3n<\/strong> <strong>y vanguardia <\/strong>que se refleja en la combinaci\u00f3n de <strong>dise\u00f1os y siluetas de los 90<\/strong>, esta vez con una <strong>paleta de colores <\/strong>muy al estilo de la casa italiana de la <strong>primera d\u00e9cada del siglo XXI<\/strong>, con ropa deportiva inspirada en la<strong> vida cotidiana actual de Se\u00fal,<\/strong> con gui\u00f1os al windsurf y el jet-ski, collares de perlas o accesorios con aires futuristas.<\/p>\n<p><strong>Te puede interesar:<\/strong><\/p>\n<p><strong><a rel=\"nofollow noopener\" target=\"_blank\" href=\"https:\/\/marieclaire.com.mx\/gucci-sabato-de-sarno-nuevo-director-creativo\/\">Gucci tiene nuevo Director Creativo: Sabato De Sarno<\/a><\/strong><\/p>\n<p><strong><a rel=\"nofollow noopener\" target=\"_blank\" href=\"https:\/\/marieclaire.com.mx\/mfw-gucci-coleccion-antologia-posibilidades-fw23\/\">MFW: Gucci present\u00f3 una antolog\u00eda de posibilidades en una nueva dimensi\u00f3n<\/a><\/strong><\/p>\n<p><strong><a rel=\"nofollow noopener\" target=\"_blank\" href=\"https:\/\/marieclaire.com.mx\/georgina-rodriguez-de-vendedora-de-gucci-a-la-alfombra-roja\/\">Georgina Rodr\u00edguez: De vendedora en Gucci a la alfombra roja<\/a><\/strong><\/p>\n<\/div>\n<\/div>\n<p><script>\n!function(f,b,e,v,n,t,s)\n{if(f.fbq)return;n=f.fbq=function(){n.callMethod?\nn.callMethod.apply(n,arguments):n.queue.push(arguments)};\nif(!f._fbq)f._fbq=n;n.push=n;n.loaded=!0;n.version='2.0';\nn.queue=[];t=b.createElement(e);t.async=!0;\nt.src=v;s=b.getElementsByTagName(e)[0];\ns.parentNode.insertBefore(t,s)}(window, document,'script',\n'https:\/\/connect.facebook.net\/en_US\/fbevents.js');\nfbq('init', '1111929862678915');\nfbq('track', 'PageView');\n<\/script><br \/>\n<br \/><\/p>\n<p><em> &#8221; Fuentes marieclaire.com.mx &#8221; <\/em><\/p>\n","protected":false},"excerpt":{"rendered":"<p>El nuevo director creativo mostr\u00f3 su primera colecci\u00f3n con la firma italiana\u2026 Por: Isamar Escobar. Sabato de Sarno present\u00f3 la esperada colecci\u00f3n Crucero 2024 de Gucci en el Palacio Gyeongbokgung de Se\u00fal, un desfile que indaga en la relaci\u00f3n que mantiene la maison Italiana con Corea del Sur. La influencia asi\u00e1tica de la firma italiana [&hellip;]<\/p>\n","protected":false},"author":4,"featured_media":536911,"comment_status":"open","ping_status":"closed","sticky":false,"template":"","format":"standard","meta":{"om_disable_all_campaigns":false,"jnews-multi-image_gallery":[],"jnews_single_post":[],"jnews_primary_category":[],"jnews_social_meta":[],"footnotes":""},"categories":[41,144872],"tags":[],"class_list":["post-536910","post","type-post","status-publish","format-standard","has-post-thumbnail","hentry","category-cruceros","category-fashion"],"_links":{"self":[{"href":"https:\/\/dimensionturistica.com\/es\/wp-json\/wp\/v2\/posts\/536910","targetHints":{"allow":["GET"]}}],"collection":[{"href":"https:\/\/dimensionturistica.com\/es\/wp-json\/wp\/v2\/posts"}],"about":[{"href":"https:\/\/dimensionturistica.com\/es\/wp-json\/wp\/v2\/types\/post"}],"author":[{"embeddable":true,"href":"https:\/\/dimensionturistica.com\/es\/wp-json\/wp\/v2\/users\/4"}],"replies":[{"embeddable":true,"href":"https:\/\/dimensionturistica.com\/es\/wp-json\/wp\/v2\/comments?post=536910"}],"version-history":[{"count":0,"href":"https:\/\/dimensionturistica.com\/es\/wp-json\/wp\/v2\/posts\/536910\/revisions"}],"wp:featuredmedia":[{"embeddable":true,"href":"https:\/\/dimensionturistica.com\/es\/wp-json\/wp\/v2\/media\/536911"}],"wp:attachment":[{"href":"https:\/\/dimensionturistica.com\/es\/wp-json\/wp\/v2\/media?parent=536910"}],"wp:term":[{"taxonomy":"category","embeddable":true,"href":"https:\/\/dimensionturistica.com\/es\/wp-json\/wp\/v2\/categories?post=536910"},{"taxonomy":"post_tag","embeddable":true,"href":"https:\/\/dimensionturistica.com\/es\/wp-json\/wp\/v2\/tags?post=536910"}],"curies":[{"name":"wp","href":"https:\/\/api.w.org\/{rel}","templated":true}]}}