{"id":536779,"date":"2023-05-16T15:59:05","date_gmt":"2023-05-16T15:59:05","guid":{"rendered":"https:\/\/dimensionturistica.com\/es\/?p=536779"},"modified":"2024-02-29T17:14:05","modified_gmt":"2024-02-29T17:14:05","slug":"todo-sobre-la-coleccion-crucero-2024-de-gucci-en-seul","status":"publish","type":"post","link":"https:\/\/dimensionturistica.com\/es\/todo-sobre-la-coleccion-crucero-2024-de-gucci-en-seul\/","title":{"rendered":"Todo sobre la colecci\u00f3n Crucero 2024 de Gucci en Se\u00fal"},"content":{"rendered":"<p> <br \/>\n<\/p>\n<div tabindex=\"0\">\n<p><strong>El Palacio Gyeongbokgung de Se\u00fal ha sido testigo de la \u00faltima propuesta de Sabato de Sarno: la colecci\u00f3n Crucero 2024 de Gucci<\/strong>. Un desfile que ahonda en la estrecha relaci\u00f3n que mantiene<a rel=\"nofollow noopener\" target=\"_blank\" href=\"https:\/\/www.harpersbazaar.com\/es\/moda\/noticias-moda\/a43876794\/gucci-coleccion-crucero-corea-sur-seul-historia-vinculo\/\" data-vars-ga-outbound-link=\"https:\/\/www.harpersbazaar.com\/es\/moda\/noticias-moda\/a43876794\/gucci-coleccion-crucero-corea-sur-seul-historia-vinculo\/\"> la <em>maison<\/em> italiana con Corea del Sur<\/a>, manifestado en los \u00faltimos proyectos que han llevado a cabo en los \u00faltimos a\u00f1os y en la influencia que, actualmente, tiene el pa\u00eds asi\u00e1tico en sus propuestas y que ha contado con iconos de la talla de Dakota Johnson entre sus invitados. <\/p>\n<p>El show comenzaba al ritmo de <em>Oldboy,<\/em> una canci\u00f3n ic\u00f3nica en tierras surcoreanas, y en \u00e9l, el director creativo de la firma deja ver una colecci\u00f3n que &#8220;explora <strong>el di\u00e1logo entre el propio patrimonio cultural de la casa y la electrizante influencia actual que ejerce sobre \u00e9l Corea del Sur&#8221;<\/strong>, como bien apuntan a trav\u00e9s del comunicado emitido en los medios. Sarno busca reflejar c\u00f3mo ha evolucionado la marca en los \u00faltimos a\u00f1os con los propios enfoques personales y culturales que han mostrado quienes han pasado por ella, desde dise\u00f1adores a artesanos, en una propuesta en la que la vestimenta surcoreana y sus costumbres, as\u00ed como el instinto por la moda de quien camina por sus calles.  <\/p>\n<p><strong>Una fusi\u00f3n de tradici\u00f3n y vanguardia<\/strong> que se refleja en la combinaci\u00f3n de dise\u00f1os y siluetas de los 90, esta vez con una paleta de colores propia de la primera d\u00e9cada del siglo XXI, siempre con pinceladas de las se\u00f1as de identidad de Gucci, con ropa deportiva inspirada en la vida cotidiana actual de Se\u00fal, con gui\u00f1os al windsurf y el j<em>et-ski,<\/em> collares de perlas o accesorios con aires futuristas. <\/p>\n<\/div>\n\n<p><em> &#8221; Fuentes www.harpersbazaar.com &#8221; <\/em><\/p>\n","protected":false},"excerpt":{"rendered":"<p>El Palacio Gyeongbokgung de Se\u00fal ha sido testigo de la \u00faltima propuesta de Sabato de Sarno: la colecci\u00f3n Crucero 2024 de Gucci. Un desfile que ahonda en la estrecha relaci\u00f3n que mantiene la maison italiana con Corea del Sur, manifestado en los \u00faltimos proyectos que han llevado a cabo en los \u00faltimos a\u00f1os y en [&hellip;]<\/p>\n","protected":false},"author":4,"featured_media":536780,"comment_status":"open","ping_status":"closed","sticky":false,"template":"","format":"standard","meta":{"om_disable_all_campaigns":false,"jnews-multi-image_gallery":[],"jnews_single_post":[],"jnews_primary_category":[],"jnews_social_meta":[],"footnotes":""},"categories":[41,144872],"tags":[],"class_list":["post-536779","post","type-post","status-publish","format-standard","has-post-thumbnail","hentry","category-cruceros","category-fashion"],"_links":{"self":[{"href":"https:\/\/dimensionturistica.com\/es\/wp-json\/wp\/v2\/posts\/536779","targetHints":{"allow":["GET"]}}],"collection":[{"href":"https:\/\/dimensionturistica.com\/es\/wp-json\/wp\/v2\/posts"}],"about":[{"href":"https:\/\/dimensionturistica.com\/es\/wp-json\/wp\/v2\/types\/post"}],"author":[{"embeddable":true,"href":"https:\/\/dimensionturistica.com\/es\/wp-json\/wp\/v2\/users\/4"}],"replies":[{"embeddable":true,"href":"https:\/\/dimensionturistica.com\/es\/wp-json\/wp\/v2\/comments?post=536779"}],"version-history":[{"count":0,"href":"https:\/\/dimensionturistica.com\/es\/wp-json\/wp\/v2\/posts\/536779\/revisions"}],"wp:featuredmedia":[{"embeddable":true,"href":"https:\/\/dimensionturistica.com\/es\/wp-json\/wp\/v2\/media\/536780"}],"wp:attachment":[{"href":"https:\/\/dimensionturistica.com\/es\/wp-json\/wp\/v2\/media?parent=536779"}],"wp:term":[{"taxonomy":"category","embeddable":true,"href":"https:\/\/dimensionturistica.com\/es\/wp-json\/wp\/v2\/categories?post=536779"},{"taxonomy":"post_tag","embeddable":true,"href":"https:\/\/dimensionturistica.com\/es\/wp-json\/wp\/v2\/tags?post=536779"}],"curies":[{"name":"wp","href":"https:\/\/api.w.org\/{rel}","templated":true}]}}