{"id":536173,"date":"2023-05-16T01:29:06","date_gmt":"2023-05-16T01:29:06","guid":{"rendered":"https:\/\/dimensionturistica.com\/es\/?p=536173"},"modified":"2024-02-20T22:42:31","modified_gmt":"2024-02-20T22:42:31","slug":"skyhigh-inaugura-vuelo-directo-desde-aila-hacial-aeropuerto-internacional-t-f-green-providence","status":"publish","type":"post","link":"https:\/\/dimensionturistica.com\/es\/skyhigh-inaugura-vuelo-directo-desde-aila-hacial-aeropuerto-internacional-t-f-green-providence\/","title":{"rendered":"SkyHigh inaugura vuelo directo desde AILA hacial Aeropuerto Internacional T.F. Green, Providence"},"content":{"rendered":"<p> <br \/>\n<\/p>\n<p><h2 itemprop=\"headline\" class=\"pb-3\">SkyHigh inaugura vuelo directo desde AILA hacial Aeropuerto Internacional T.F. Green, Providence<\/h2>\n<\/p>\n<div>\n<div class=\"imagePost mb-4\"><img decoding=\"async\" itercontenttypein=\"Image\" itercontenttypeout=\"Image\" itemprop=\"image\" src=\"https:\/\/nuevodiario-assets.s3.us-east-2.amazonaws.com\/wp-content\/uploads\/2023\/05\/15171403\/IMG-20230515-WA0006.jpg\" class=\"img-fluid\"\/><\/div>\n<p>EL NUEVO DIARIO, SANTO DOMINGO.-La aerol\u00ednea SkyHigh Dominicana inaugur\u00f3 este lunes su vuelo directo hacia el Aeropuerto Internacional T.F. Green en la ciudad de Providence, \u00a0saliendo desde el Aeropuerto Internacional de Las Am\u00e9ricas Jos\u00e9 Francisco Pe\u00f1a G\u00f3mez.<\/p>\n<p>El acto inaugural de la nueva franquicia cont\u00f3 con la presencia de representantes del Gobierno, turismo, as\u00ed como con otras personalidades ligadas al sector de la aviaci\u00f3n comercial en en la Rep\u00fablica Dominicana.<\/p>\n<p>SkyHigh Dominicana ha enfocado esfuerzos en facilitar el acceso de la comunidad dominicana en diferentes destinos, en esta oportunidad presenta una ruta de vuelo directo entre Providence y Santo Domingo.<\/p>\n<p>El nuevo vuelo facilitar\u00e1 el acceso hacia y desde Rep\u00fablica Dominicana para las \u00e1reas de Boston, Providence, Lawrence y otros cercanos al aeropuerto de Rhode Island T. F. Green International Airport conect\u00e1ndolo con el Aeropuerto Internacional Las Am\u00e9ricas.<\/p>\n<p>Las palabras centrales del acto estuvieron a cargo de la directora comercial, de la l\u00ednea a\u00e9rea, Cesarina Beauchamp, quien destac\u00f3 la importancia para la comunidad de tener un vuelo directo entre Providence y Santo Domingo.<\/p>\n<p>Adem\u00e1s de poder hacerlo de la mano de una l\u00ednea a\u00e9rea de trayectoria, con aviones confortables y con nivel de seguridad y servicio superior como el que ofrece SkyHigh Dominicana.<\/p>\n<p>Destac\u00f3, asimismo, que\u00a0 los pasajeros podr\u00e1n contar con oferta de vuelos con Santo Domingo, Rep\u00fablica Dominicana como hub de operaciones y conexi\u00f3n con las islas del Caribe, Norteam\u00e9rica, y Suram\u00e9rica.<\/p>\n<p>En ese mismo orden, la ejecutiva de la aerol\u00ednea explic\u00f3, que inicialmente la l\u00ednea a\u00e9rea tendr\u00e1 3 vuelos semanales, los d\u00edas lunes, mi\u00e9rcoles y viernes llegando y saliendo por el aeropuerto Internacional de Las Am\u00e9ricas, Jos\u00e9 Francisco Pe\u00f1a G\u00f3mez.<\/p>\n<p>\u201cEstos vuelos ser\u00e1n realizados en c\u00f3modas aeronaves Embraer 190, con una duraci\u00f3n de 3 horas 45 minutos, saliendo de Santo Domingo a las 10:00AM, llegando a Providence a la 1:45 PM y retornado a las 2:45PM, arribando al aeropuerto de Las Am\u00e9ricas a las 6:30PM; horario que le permite a los pasajeros llegar a su destino a tempranas horas del d\u00eda\u201d indic\u00f3.<\/p>\n<p>Indic\u00f3 que \u00a0las ventas para esos vuelos est\u00e1n disponibles a trav\u00e9s de las principales agencias de viaje, oficinas de ventas directas y en su \u00a0p\u00e1gina web SkyHighDO.com\u201d .<\/p>\n<p>\u201cTenemos una inquebrantable confianza en Rep\u00fablica Dominicana, tanto como destino final, as\u00ed como hub del transporte a\u00e9reo para conectar toda la regi\u00f3n, lo que nos motiva a siempre a brindar un servicio de excelencia al m\u00e1s alto nivel\u201d. Expres\u00f3 la ejecutiva de Sky High Dominicana.<\/p>\n<p>SKYhigh Dominicana ha venido ampliando y fortaleciendo su propuesta de aeronaves, para este 2023 contar\u00e1 con una flotilla de 4 EMBRAER-190 de 97 pasajeros incluyendo Clase Ejecutiva, 4 EMBRAER-145 de 50 pasajeros, 2 EMBRAER-175 de 77 pasajeros, 2 nuevos Embraer-195 de 146 pasajeros con Clase Ejecutiva, adem\u00e1s de un carguero Boeing 737, para un total de 13 aeronaves.<\/p>\n<p>SkyHigh Dominicana realiza m\u00e1s de 4,000 operaciones al a\u00f1o; desde Santo Domingo hacia St. Maarten, Aruba, Curazao, Antigua, St. Kitts, Bonaire, Anguilla, T\u00f3rtola, Guadalupe, Martinica, La Habana, Santiago de Cuba, St. Thomas, Guyana Francesa. Desde Estados Unidos con Miami y Providence; y en Suram\u00e9rica, con Caracas, Venezuela, conectando el Caribe con Norteam\u00e9rica<\/p>\n<p>\u00a0<\/p>\n<p><h3 class=\"jp-relatedposts-headline\"><em>Relacionado<\/em><\/h3>\n<\/p><\/div>\n<p><script>(function(d, s, id) {\n\t\t  var js, fjs = d.getElementsByTagName(s)[0];\n\t\t  if (d.getElementById(id)) return;\n\t\t  js = d.createElement(s); js.id = id;\n\t\t  js.src = \"\/\/connect.facebook.net\/es_LA\/sdk.js#xfbml=1&version=v2.9&appId=203571673042101\";\n\t\t  fjs.parentNode.insertBefore(js, fjs);\n\t\t}(document, 'script', 'facebook-jssdk'));<\/script><br \/>\n<br \/><\/p>\n<p><em> &#8221; Fuentes elnuevodiario.com.do &#8221; <\/em><\/p>\n","protected":false},"excerpt":{"rendered":"<p>SkyHigh inaugura vuelo directo desde AILA hacial Aeropuerto Internacional T.F. Green, Providence EL NUEVO DIARIO, SANTO DOMINGO.-La aerol\u00ednea SkyHigh Dominicana inaugur\u00f3 este lunes su vuelo directo hacia el Aeropuerto Internacional T.F. Green en la ciudad de Providence, \u00a0saliendo desde el Aeropuerto Internacional de Las Am\u00e9ricas Jos\u00e9 Francisco Pe\u00f1a G\u00f3mez. El acto inaugural de la nueva [&hellip;]<\/p>\n","protected":false},"author":4,"featured_media":536174,"comment_status":"open","ping_status":"closed","sticky":false,"template":"","format":"standard","meta":{"om_disable_all_campaigns":false,"jnews-multi-image_gallery":[],"jnews_single_post":[],"jnews_primary_category":[],"jnews_social_meta":[],"footnotes":""},"categories":[144872,40],"tags":[],"class_list":["post-536173","post","type-post","status-publish","format-standard","has-post-thumbnail","hentry","category-fashion","category-industria"],"_links":{"self":[{"href":"https:\/\/dimensionturistica.com\/es\/wp-json\/wp\/v2\/posts\/536173","targetHints":{"allow":["GET"]}}],"collection":[{"href":"https:\/\/dimensionturistica.com\/es\/wp-json\/wp\/v2\/posts"}],"about":[{"href":"https:\/\/dimensionturistica.com\/es\/wp-json\/wp\/v2\/types\/post"}],"author":[{"embeddable":true,"href":"https:\/\/dimensionturistica.com\/es\/wp-json\/wp\/v2\/users\/4"}],"replies":[{"embeddable":true,"href":"https:\/\/dimensionturistica.com\/es\/wp-json\/wp\/v2\/comments?post=536173"}],"version-history":[{"count":0,"href":"https:\/\/dimensionturistica.com\/es\/wp-json\/wp\/v2\/posts\/536173\/revisions"}],"wp:featuredmedia":[{"embeddable":true,"href":"https:\/\/dimensionturistica.com\/es\/wp-json\/wp\/v2\/media\/536174"}],"wp:attachment":[{"href":"https:\/\/dimensionturistica.com\/es\/wp-json\/wp\/v2\/media?parent=536173"}],"wp:term":[{"taxonomy":"category","embeddable":true,"href":"https:\/\/dimensionturistica.com\/es\/wp-json\/wp\/v2\/categories?post=536173"},{"taxonomy":"post_tag","embeddable":true,"href":"https:\/\/dimensionturistica.com\/es\/wp-json\/wp\/v2\/tags?post=536173"}],"curies":[{"name":"wp","href":"https:\/\/api.w.org\/{rel}","templated":true}]}}