{"id":535607,"date":"2023-05-15T10:37:45","date_gmt":"2023-05-15T10:37:45","guid":{"rendered":"https:\/\/dimensionturistica.com\/es\/?p=535607"},"modified":"2023-05-15T10:37:45","modified_gmt":"2023-05-15T10:37:45","slug":"mueren-27-en-choque-de-un-trailer-y-una-camioneta-en-tamaulipas","status":"publish","type":"post","link":"https:\/\/dimensionturistica.com\/es\/mueren-27-en-choque-de-un-trailer-y-una-camioneta-en-tamaulipas\/","title":{"rendered":"Mueren 27 en choque de un tr\u00e1iler y una camioneta en Tamaulipas"},"content":{"rendered":"<p> <br \/>\n<\/p>\n<div id=\"article-text\">\n<div class=\"foto\">\n<img decoding=\"async\" src=\"https:\/\/www.jornada.com.mx\/2023\/05\/15\/fotos\/027n1est-1.jpg\" alt=\"Foto\" title=\"\" \/><\/p>\n<p>\n\u25b2 Elementos de la Cruz Roja recuperaron los cuerpos de una mujer y un beb\u00e9 que perecieron tras el choque de una camioneta y un tr\u00e1iler, con saldo de 27 personas muertas, en el municipio de G\u00fc\u00e9mez, Tamaulipas; elementos de la 48 Zona Militar aplicaron el plan DN-III-E.<span class=\"credito\">Foto Mart\u00edn S\u00e1nchez Trevi\u00f1o<\/span> <\/p>\n<\/div>\n<div class=\"col col1\">\n<p><span itemprop=\"name\">Mart\u00edn S\u00e1nchez, Carlos Figueroa y Luis S\u00e1nchez<\/span><\/p>\n<p>Corresponsales<\/p>\n<p>Peri\u00f3dico La Jornada<br \/>Lunes 15 de mayo de 2023, p. 27<\/p>\n<p class=\"s-s\">Al menos 27 personas perdieron la vida ayer, tras el choque frontal entre un tractocami\u00f3n y una camioneta de pasajeros Ford Transit en la que viajaban integrantes de una familia, en la carretera 83, tramo G\u00fc\u00e9mez-Zaragoza, Tamaulipas, informaron fuentes del gobierno del estado.<\/p>\n<p>El accidente ocurri\u00f3 alrededor de las 6:30 de la ma\u00f1ana en dicha vialidad y produjo varios estallidos que dejaron calcinados a los veh\u00edculos y a sus ocupantes.<\/p>\n<p>Extraoficialmente se inform\u00f3 que las personas que circulaban en la camioneta proven\u00edan del estado de Veracruz y se dirig\u00edan a la capital de Nuevo Le\u00f3n.<\/p>\n<p>Debido a que se desconoce con precisi\u00f3n el n\u00famero de ocupantes que se desplazaban en las unidades, no se descarta que sea mayor la cifra de v\u00edctimas mortales.<\/p>\n<p>La colisi\u00f3n se produjo en el kil\u00f3metro 80, en el \u00e1rea conocida como La Aurora; al cierre de la edici\u00f3n, la autoridad no hab\u00eda dado a conocer las causas del accidente o de qui\u00e9n fue la responsabilidad.<\/p>\n<p>La unidad pesada, que arrastraba una caja, se desplazaba de norte a sur y la Transit de sur a norte.<\/p>\n<p>La Fiscal\u00eda General de Justicia de Tamaulipas confirm\u00f3 el deceso de 27 individuos.<\/p>\n<p>\u00danicamente se localizaron los cuerpos de una mujer y un reci\u00e9n nacido en una cuneta de la carretera; el resto de las v\u00edctimas quedaron calcinados, 19 dentro de la camioneta, y cinco en la unidad de carga.<\/p>\n<p>Elementos de la Cruz Roja utilizaron la herramienta conocida como <q>quijadas de la vida<\/q> para cortar la parte superior de la Transit y extraer los restos humanos.<\/p>\n<p>Al sitio acudieron cuerpos de auxilio y rescate de los municipios de G\u00fc\u00e9mez y Ciudad Victoria, bomberos, protecci\u00f3n civil y elementos de la 48 Zona Militar, quienes activaron el plan DN-III-E.<\/p>\n<\/div>\n<div class=\"col col2\">\n<p>Tambi\u00e9n llegaron en apoyo elementos de la Guardia Estatal de Tamaulipas y de Seguridad en Carreteras e Instalaciones de la Guardia Nacional y peritos de la fiscal\u00eda estatal.<\/p>\n<p>El tr\u00e1nsito en la carretera 83, tramo G\u00fc\u00e9mez-Zaragoza, no se interrumpi\u00f3 debido a que los veh\u00edculos calcinados no quedaron sobre la cinta asf\u00e1ltica sino en el llano contiguo.<\/p>\n<p>Agentes especializados trabajaban en la identificaci\u00f3n de los restos humanos, los cuales fueron trasladados al Servicio M\u00e9dico Forense, donde familiares tendr\u00e1n que acudir a reclamarlos.<\/p>\n<p>En tanto, elementos de investigaci\u00f3n criminal de la Fiscal\u00eda de Nayarit aprehendieron a Ramiro, chofer del autob\u00fas de una agencia de viajes que se accident\u00f3 el pasado 29 de abril cuando transportaba a 58 turistas de Guadalajara, Jalisco, al poblado de Rinc\u00f3n de Guayabitos, municipio de Compostela, con saldo de 18 muertos y 30 heridos.<\/p>\n<p>La fiscal\u00eda inform\u00f3 que se ejecut\u00f3 una orden de aprehensi\u00f3n contra Ramiro por su presunta participaci\u00f3n en los delitos de homicidio culposo, da\u00f1o en las cosas culposo, lesiones culposas y abandono de personas, por lo ocurrido la noche de ese d\u00eda en el kil\u00f3metro 59 de la carretera federal 200 Tepic-Puerto Vallarta, a la altura de la localidad Mesillas.<\/p>\n<p>El imputado, conductor del autob\u00fas de turismo Class Bus, fue puesto a disposici\u00f3n del juez de control de primera instancia del sistema acusatorio oral, con la finalidad de dar continuidad a los tr\u00e1mites legales y establecer su situaci\u00f3n jur\u00eddica.<\/p>\n<\/div>\n<\/div>\n\n<p><em> &#8221; Fuentes www.jornada.com.mx &#8221; <\/em><\/p>\n","protected":false},"excerpt":{"rendered":"<p>\u25b2 Elementos de la Cruz Roja recuperaron los cuerpos de una mujer y un beb\u00e9 que perecieron tras el choque de una camioneta y un tr\u00e1iler, con saldo de 27 personas muertas, en el municipio de G\u00fc\u00e9mez, Tamaulipas; elementos de la 48 Zona Militar aplicaron el plan DN-III-E.Foto Mart\u00edn S\u00e1nchez Trevi\u00f1o Mart\u00edn S\u00e1nchez, Carlos Figueroa [&hellip;]<\/p>\n","protected":false},"author":4,"featured_media":535608,"comment_status":"open","ping_status":"closed","sticky":false,"template":"","format":"standard","meta":{"om_disable_all_campaigns":false,"jnews-multi-image_gallery":[],"jnews_single_post":[],"jnews_primary_category":[],"jnews_social_meta":[],"footnotes":""},"categories":[40],"tags":[769,705],"class_list":["post-535607","post","type-post","status-publish","format-standard","has-post-thumbnail","hentry","category-industria","tag-mexico","tag-noticias"],"_links":{"self":[{"href":"https:\/\/dimensionturistica.com\/es\/wp-json\/wp\/v2\/posts\/535607","targetHints":{"allow":["GET"]}}],"collection":[{"href":"https:\/\/dimensionturistica.com\/es\/wp-json\/wp\/v2\/posts"}],"about":[{"href":"https:\/\/dimensionturistica.com\/es\/wp-json\/wp\/v2\/types\/post"}],"author":[{"embeddable":true,"href":"https:\/\/dimensionturistica.com\/es\/wp-json\/wp\/v2\/users\/4"}],"replies":[{"embeddable":true,"href":"https:\/\/dimensionturistica.com\/es\/wp-json\/wp\/v2\/comments?post=535607"}],"version-history":[{"count":0,"href":"https:\/\/dimensionturistica.com\/es\/wp-json\/wp\/v2\/posts\/535607\/revisions"}],"wp:featuredmedia":[{"embeddable":true,"href":"https:\/\/dimensionturistica.com\/es\/wp-json\/wp\/v2\/media\/535608"}],"wp:attachment":[{"href":"https:\/\/dimensionturistica.com\/es\/wp-json\/wp\/v2\/media?parent=535607"}],"wp:term":[{"taxonomy":"category","embeddable":true,"href":"https:\/\/dimensionturistica.com\/es\/wp-json\/wp\/v2\/categories?post=535607"},{"taxonomy":"post_tag","embeddable":true,"href":"https:\/\/dimensionturistica.com\/es\/wp-json\/wp\/v2\/tags?post=535607"}],"curies":[{"name":"wp","href":"https:\/\/api.w.org\/{rel}","templated":true}]}}