{"id":535553,"date":"2023-05-15T08:58:01","date_gmt":"2023-05-15T08:58:01","guid":{"rendered":"https:\/\/dimensionturistica.com\/es\/?p=535553"},"modified":"2023-05-15T08:58:01","modified_gmt":"2023-05-15T08:58:01","slug":"todo-apunta-a-un-verano-lleno-de-viajes","status":"publish","type":"post","link":"https:\/\/dimensionturistica.com\/es\/todo-apunta-a-un-verano-lleno-de-viajes\/","title":{"rendered":"Todo apunta a un verano lleno de viajes"},"content":{"rendered":"<p> <br \/>\n<\/p>\n<div>\n<p>Viajar es una actividad muy enriquecedora para la que muchas personas se preparan durante todo el a\u00f1o, ya que el verano suele ser la \u00e9poca preferida para viajar.<\/p>\n<div class=\"ad-slot oat oat-visible oat-top \" data-mark=\"Publicidad\" style=\"height: 115px;\"><a rel=\"nofollow noopener\" target=\"_blank\" href=\"https:\/\/www.cordobahoy.es\/ads\/20191107095839069033\"> <img loading=\"lazy\" decoding=\"async\" src=\"https:\/\/www.cordobahoy.es\/media\/cordobahoy\/images\/2023\/04\/13\/2023041309491461482.gif\" alt=\"Publicidad 69033\" width=\"620\" height=\"100\" class=\"lazyload\" srcset=\"https:\/\/www.cordobahoy.eshttps:\/\/www.cordobahoy.eshttps:\/\/www.cordobahoy.eshttps:\/\/www.cordobahoy.es\/asset\/thumbnail,https:\/\/www.cordobahoy.es\/480,https:\/\/www.cordobahoy.es\/270,https:\/\/www.cordobahoy.es\/https:\/\/www.cordobahoy.es\/https:\/\/www.cordobahoy.es\/https:\/\/www.cordobahoy.es\/center,https:\/\/www.cordobahoy.es\/https:\/\/www.cordobahoy.es\/https:\/\/www.cordobahoy.es\/https:\/\/www.cordobahoy.es\/center\/media\/cordobahoy\/images\/2023\/04\/13\/2023041309491461482.gif https:\/\/www.cordobahoy.es\/480w,https:\/\/www.cordobahoy.eshttps:\/\/www.cordobahoy.eshttps:\/\/www.cordobahoy.eshttps:\/\/www.cordobahoy.es\/asset\/thumbnail,https:\/\/www.cordobahoy.es\/768,https:\/\/www.cordobahoy.es\/432,https:\/\/www.cordobahoy.es\/https:\/\/www.cordobahoy.es\/https:\/\/www.cordobahoy.es\/https:\/\/www.cordobahoy.es\/center,https:\/\/www.cordobahoy.es\/https:\/\/www.cordobahoy.es\/https:\/\/www.cordobahoy.es\/https:\/\/www.cordobahoy.es\/center\/media\/cordobahoy\/images\/2023\/04\/13\/2023041309491461482.gif https:\/\/www.cordobahoy.es\/768w,https:\/\/www.cordobahoy.eshttps:\/\/www.cordobahoy.eshttps:\/\/www.cordobahoy.eshttps:\/\/www.cordobahoy.es\/asset\/thumbnail,https:\/\/www.cordobahoy.es\/992,https:\/\/www.cordobahoy.es\/558,https:\/\/www.cordobahoy.es\/https:\/\/www.cordobahoy.es\/https:\/\/www.cordobahoy.es\/https:\/\/www.cordobahoy.es\/center,https:\/\/www.cordobahoy.es\/https:\/\/www.cordobahoy.es\/https:\/\/www.cordobahoy.es\/https:\/\/www.cordobahoy.es\/center\/media\/cordobahoy\/images\/2023\/04\/13\/2023041309491461482.gif https:\/\/www.cordobahoy.es\/992w,https:\/\/www.cordobahoy.eshttps:\/\/www.cordobahoy.eshttps:\/\/www.cordobahoy.eshttps:\/\/www.cordobahoy.es\/asset\/thumbnail,https:\/\/www.cordobahoy.es\/1280,https:\/\/www.cordobahoy.es\/720,https:\/\/www.cordobahoy.es\/https:\/\/www.cordobahoy.es\/https:\/\/www.cordobahoy.es\/https:\/\/www.cordobahoy.es\/center,https:\/\/www.cordobahoy.es\/https:\/\/www.cordobahoy.es\/https:\/\/www.cordobahoy.es\/https:\/\/www.cordobahoy.es\/center\/media\/cordobahoy\/images\/2023\/04\/13\/2023041309491461482.gif https:\/\/www.cordobahoy.es\/1280w\" sizes=\"auto, (max-width: 480px) 480px, (max-width: 768px) 768px, (max-width: 992px) 992px, 1280px\"\/> <\/a><\/div>\n<p dir=\"ltr\">Luego de varios a\u00f1os dif\u00edciles para viajar, <strong>este verano luce perfecto para hacer recorridos sin demasiadas restricciones, <\/strong>es por eso que muchas personas est\u00e1n \u00e1vidas de informaci\u00f3n acerca de destinos y planes tur\u00edsticos.<\/p>\n<p dir=\"ltr\"><strong>\u00bfC\u00f3mo organizar un viaje?<\/strong><\/p>\n<div class=\"ad-slot oat oat-visible oat-top \" data-mark=\"Publicidad\" style=\"height: 115px;\"><a rel=\"nofollow noopener\" target=\"_blank\" href=\"https:\/\/www.cordobahoy.es\/ads\/20200218090853074294\"> <img loading=\"lazy\" decoding=\"async\" src=\"https:\/\/www.cordobahoy.es\/media\/cordobahoy\/images\/2023\/05\/08\/2023050817473860817.gif\" alt=\"Publicidad 74294\" width=\"620\" height=\"100\" class=\"lazyload\" srcset=\"https:\/\/www.cordobahoy.eshttps:\/\/www.cordobahoy.eshttps:\/\/www.cordobahoy.eshttps:\/\/www.cordobahoy.es\/asset\/thumbnail,https:\/\/www.cordobahoy.es\/480,https:\/\/www.cordobahoy.es\/270,https:\/\/www.cordobahoy.es\/https:\/\/www.cordobahoy.es\/https:\/\/www.cordobahoy.es\/https:\/\/www.cordobahoy.es\/center,https:\/\/www.cordobahoy.es\/https:\/\/www.cordobahoy.es\/https:\/\/www.cordobahoy.es\/https:\/\/www.cordobahoy.es\/center\/media\/cordobahoy\/images\/2023\/05\/08\/2023050817473860817.gif https:\/\/www.cordobahoy.es\/480w,https:\/\/www.cordobahoy.eshttps:\/\/www.cordobahoy.eshttps:\/\/www.cordobahoy.eshttps:\/\/www.cordobahoy.es\/asset\/thumbnail,https:\/\/www.cordobahoy.es\/768,https:\/\/www.cordobahoy.es\/432,https:\/\/www.cordobahoy.es\/https:\/\/www.cordobahoy.es\/https:\/\/www.cordobahoy.es\/https:\/\/www.cordobahoy.es\/center,https:\/\/www.cordobahoy.es\/https:\/\/www.cordobahoy.es\/https:\/\/www.cordobahoy.es\/https:\/\/www.cordobahoy.es\/center\/media\/cordobahoy\/images\/2023\/05\/08\/2023050817473860817.gif https:\/\/www.cordobahoy.es\/768w,https:\/\/www.cordobahoy.eshttps:\/\/www.cordobahoy.eshttps:\/\/www.cordobahoy.eshttps:\/\/www.cordobahoy.es\/asset\/thumbnail,https:\/\/www.cordobahoy.es\/992,https:\/\/www.cordobahoy.es\/558,https:\/\/www.cordobahoy.es\/https:\/\/www.cordobahoy.es\/https:\/\/www.cordobahoy.es\/https:\/\/www.cordobahoy.es\/center,https:\/\/www.cordobahoy.es\/https:\/\/www.cordobahoy.es\/https:\/\/www.cordobahoy.es\/https:\/\/www.cordobahoy.es\/center\/media\/cordobahoy\/images\/2023\/05\/08\/2023050817473860817.gif https:\/\/www.cordobahoy.es\/992w,https:\/\/www.cordobahoy.eshttps:\/\/www.cordobahoy.eshttps:\/\/www.cordobahoy.eshttps:\/\/www.cordobahoy.es\/asset\/thumbnail,https:\/\/www.cordobahoy.es\/1280,https:\/\/www.cordobahoy.es\/720,https:\/\/www.cordobahoy.es\/https:\/\/www.cordobahoy.es\/https:\/\/www.cordobahoy.es\/https:\/\/www.cordobahoy.es\/center,https:\/\/www.cordobahoy.es\/https:\/\/www.cordobahoy.es\/https:\/\/www.cordobahoy.es\/https:\/\/www.cordobahoy.es\/center\/media\/cordobahoy\/images\/2023\/05\/08\/2023050817473860817.gif https:\/\/www.cordobahoy.es\/1280w\" sizes=\"auto, (max-width: 480px) 480px, (max-width: 768px) 768px, (max-width: 992px) 992px, 1280px\"\/> <\/a><\/div>\n<p dir=\"ltr\">Es com\u00fan que quienes est\u00e9n interesados en viajar quieran organizarse libremente, con la ayuda de webs y blogs especializados, como el sitio de <a rel=\"nofollow noopener\" target=\"_blank\" href=\"https:\/\/cometeelmundo.net\/\">Henar y Aitor de C\u00f3mete el Mundo<\/a>, donde <strong>se brinda informaci\u00f3n gratuita de destinos a nivel nacional, como C\u00f3rdoba, adem\u00e1s de a nivel internacional.<\/strong><\/p>\n<p dir=\"ltr\">Este blog est\u00e1 lleno de informaci\u00f3n muy \u00fatil, porque est\u00e1 escrito de primera mano, contiene datos relevantes que ser\u00e1n muy importantes para disfrutar de cada destino a plenitud.<\/p>\n<p dir=\"ltr\">Lo primero que hay que definir en cualquier viaje es el destino y la duraci\u00f3n del mismo. Con estos 2 aspectos determinados se puede partir a definir el presupuesto, el alojamiento y otros detalles importantes. As\u00ed que, <strong>si quieres viajar este verano, debes comenzar desde ahora a decidir a d\u00f3nde quieres ir.<\/strong><\/p>\n<p dir=\"ltr\">Una vez que tengas el destino definido, toda la informaci\u00f3n que busques estar\u00e1 relacionada con ese lugar, lo que facilitar\u00e1 mucho las cosas.<\/p>\n<div class=\"ad-slot oat oat-visible oat-top \" data-mark=\"Publicidad\" style=\"height: 115px;\"><a rel=\"nofollow noopener\" target=\"_blank\" href=\"https:\/\/www.cordobahoy.es\/ads\/20170320172933024478\"> <img loading=\"lazy\" decoding=\"async\" src=\"https:\/\/www.cordobahoy.es\/media\/cordobahoy\/images\/2023\/03\/27\/2023032708163685012.gif\" alt=\"Publicidad 24478\" width=\"620\" height=\"100\" class=\"lazyload\" srcset=\"https:\/\/www.cordobahoy.eshttps:\/\/www.cordobahoy.eshttps:\/\/www.cordobahoy.eshttps:\/\/www.cordobahoy.es\/asset\/thumbnail,https:\/\/www.cordobahoy.es\/480,https:\/\/www.cordobahoy.es\/270,https:\/\/www.cordobahoy.es\/https:\/\/www.cordobahoy.es\/https:\/\/www.cordobahoy.es\/https:\/\/www.cordobahoy.es\/center,https:\/\/www.cordobahoy.es\/https:\/\/www.cordobahoy.es\/https:\/\/www.cordobahoy.es\/https:\/\/www.cordobahoy.es\/center\/media\/cordobahoy\/images\/2023\/03\/27\/202303https:\/\/www.cordobahoy.es\/2708163685012.gif https:\/\/www.cordobahoy.es\/480w,https:\/\/www.cordobahoy.eshttps:\/\/www.cordobahoy.eshttps:\/\/www.cordobahoy.eshttps:\/\/www.cordobahoy.es\/asset\/thumbnail,https:\/\/www.cordobahoy.es\/768,https:\/\/www.cordobahoy.es\/432,https:\/\/www.cordobahoy.es\/https:\/\/www.cordobahoy.es\/https:\/\/www.cordobahoy.es\/https:\/\/www.cordobahoy.es\/center,https:\/\/www.cordobahoy.es\/https:\/\/www.cordobahoy.es\/https:\/\/www.cordobahoy.es\/https:\/\/www.cordobahoy.es\/center\/media\/cordobahoy\/images\/2023\/03\/27\/202303https:\/\/www.cordobahoy.es\/2708163685012.gif https:\/\/www.cordobahoy.es\/768w,https:\/\/www.cordobahoy.eshttps:\/\/www.cordobahoy.eshttps:\/\/www.cordobahoy.eshttps:\/\/www.cordobahoy.es\/asset\/thumbnail,https:\/\/www.cordobahoy.es\/992,https:\/\/www.cordobahoy.es\/558,https:\/\/www.cordobahoy.es\/https:\/\/www.cordobahoy.es\/https:\/\/www.cordobahoy.es\/https:\/\/www.cordobahoy.es\/center,https:\/\/www.cordobahoy.es\/https:\/\/www.cordobahoy.es\/https:\/\/www.cordobahoy.es\/https:\/\/www.cordobahoy.es\/center\/media\/cordobahoy\/images\/2023\/03\/27\/202303https:\/\/www.cordobahoy.es\/2708163685012.gif https:\/\/www.cordobahoy.es\/992w,https:\/\/www.cordobahoy.eshttps:\/\/www.cordobahoy.eshttps:\/\/www.cordobahoy.eshttps:\/\/www.cordobahoy.es\/asset\/thumbnail,https:\/\/www.cordobahoy.es\/1280,https:\/\/www.cordobahoy.es\/720,https:\/\/www.cordobahoy.es\/https:\/\/www.cordobahoy.es\/https:\/\/www.cordobahoy.es\/https:\/\/www.cordobahoy.es\/center,https:\/\/www.cordobahoy.es\/https:\/\/www.cordobahoy.es\/https:\/\/www.cordobahoy.es\/https:\/\/www.cordobahoy.es\/center\/media\/cordobahoy\/images\/2023\/03\/27\/202303https:\/\/www.cordobahoy.es\/2708163685012.gif https:\/\/www.cordobahoy.es\/1280w\" sizes=\"auto, (max-width: 480px) 480px, (max-width: 768px) 768px, (max-width: 992px) 992px, 1280px\"\/> <\/a><\/div>\n<p dir=\"ltr\"><strong>\u00bfQu\u00e9 debes definir en un viaje?<\/strong><\/p>\n<p dir=\"ltr\">Sin importar hacia d\u00f3nde sea el viaje, debes determinar algunos aspectos. A continuaci\u00f3n, los tienes:<\/p>\n<div class=\"ad-slot oat oat-visible oat-top \" data-mark=\"Publicidad\" style=\"height: 115px;\"><a rel=\"nofollow noopener\" target=\"_blank\" href=\"https:\/\/www.cordobahoy.es\/ads\/20201229102051089412\"> <img loading=\"lazy\" decoding=\"async\" src=\"https:\/\/www.cordobahoy.es\/media\/cordobahoy\/images\/2023\/04\/19\/2023041909011453470.gif\" alt=\"Publicidad 89412\" width=\"620\" height=\"100\" class=\"lazyload\" srcset=\"https:\/\/www.cordobahoy.eshttps:\/\/www.cordobahoy.eshttps:\/\/www.cordobahoy.eshttps:\/\/www.cordobahoy.es\/asset\/thumbnail,https:\/\/www.cordobahoy.es\/480,https:\/\/www.cordobahoy.es\/270,https:\/\/www.cordobahoy.es\/https:\/\/www.cordobahoy.es\/https:\/\/www.cordobahoy.es\/https:\/\/www.cordobahoy.es\/center,https:\/\/www.cordobahoy.es\/https:\/\/www.cordobahoy.es\/https:\/\/www.cordobahoy.es\/https:\/\/www.cordobahoy.es\/center\/media\/cordobahoy\/images\/2023\/04\/19\/2023041909011453470.gif https:\/\/www.cordobahoy.es\/480w,https:\/\/www.cordobahoy.eshttps:\/\/www.cordobahoy.eshttps:\/\/www.cordobahoy.eshttps:\/\/www.cordobahoy.es\/asset\/thumbnail,https:\/\/www.cordobahoy.es\/768,https:\/\/www.cordobahoy.es\/432,https:\/\/www.cordobahoy.es\/https:\/\/www.cordobahoy.es\/https:\/\/www.cordobahoy.es\/https:\/\/www.cordobahoy.es\/center,https:\/\/www.cordobahoy.es\/https:\/\/www.cordobahoy.es\/https:\/\/www.cordobahoy.es\/https:\/\/www.cordobahoy.es\/center\/media\/cordobahoy\/images\/2023\/04\/19\/2023041909011453470.gif https:\/\/www.cordobahoy.es\/768w,https:\/\/www.cordobahoy.eshttps:\/\/www.cordobahoy.eshttps:\/\/www.cordobahoy.eshttps:\/\/www.cordobahoy.es\/asset\/thumbnail,https:\/\/www.cordobahoy.es\/992,https:\/\/www.cordobahoy.es\/558,https:\/\/www.cordobahoy.es\/https:\/\/www.cordobahoy.es\/https:\/\/www.cordobahoy.es\/https:\/\/www.cordobahoy.es\/center,https:\/\/www.cordobahoy.es\/https:\/\/www.cordobahoy.es\/https:\/\/www.cordobahoy.es\/https:\/\/www.cordobahoy.es\/center\/media\/cordobahoy\/images\/2023\/04\/19\/2023041909011453470.gif https:\/\/www.cordobahoy.es\/992w,https:\/\/www.cordobahoy.eshttps:\/\/www.cordobahoy.eshttps:\/\/www.cordobahoy.eshttps:\/\/www.cordobahoy.es\/asset\/thumbnail,https:\/\/www.cordobahoy.es\/1280,https:\/\/www.cordobahoy.es\/720,https:\/\/www.cordobahoy.es\/https:\/\/www.cordobahoy.es\/https:\/\/www.cordobahoy.es\/https:\/\/www.cordobahoy.es\/center,https:\/\/www.cordobahoy.es\/https:\/\/www.cordobahoy.es\/https:\/\/www.cordobahoy.es\/https:\/\/www.cordobahoy.es\/center\/media\/cordobahoy\/images\/2023\/04\/19\/2023041909011453470.gif https:\/\/www.cordobahoy.es\/1280w\" sizes=\"auto, (max-width: 480px) 480px, (max-width: 768px) 768px, (max-width: 992px) 992px, 1280px\"\/> <\/a><\/div>\n<p dir=\"ltr\"><strong>Transporte de llegada y partida<\/strong><\/p>\n<p dir=\"ltr\"><strong>Si se trata de un viaje en avi\u00f3n, lo mejor es reservar en lo que se tenga decidida la fecha. <\/strong>La \u00e9poca de verano es temporada alta en la mayor\u00eda de los destinos tur\u00edsticos, as\u00ed que hay que tomar previsiones.<\/p>\n<p dir=\"ltr\">Si se trata de un viaje terrestre, es posible que se pueda reservar tambi\u00e9n, eso va a depender del pa\u00eds y el tipo de viaje. En cualquier caso, debes averiguar las pol\u00edticas de reserva y compra para tomar previsiones.<\/p>\n<p dir=\"ltr\"><strong>Traslados<\/strong><\/p>\n<p dir=\"ltr\">Los traslados se refieren a los movimientos que hace el viajero dentro del destino. <strong>El traslado m\u00e1s importante es el que se hace desde el aeropuerto, estaci\u00f3n de tren o terminal de autobuses, hasta el alojamiento<\/strong> y cuando termina el viaje, el movimiento contrario. Este traslado puede ser m\u00e1s costoso que el resto por el equipaje y otros detalles. En algunos alojamientos incluyen ese traslado.<\/p>\n<p dir=\"ltr\">Es importante que el viajero se informe con anticipaci\u00f3n de las opciones que tiene. Si hay taxis seguros disponibles, si es mejor contratar un transfer o, si hay transporte p\u00fablico apropiado. De cualquier manera, es algo que hay que planificar con antelaci\u00f3n.<\/p>\n<p dir=\"ltr\">Dependiendo del destino y de los atractivos tur\u00edsticos que se quieren conocer, hay que hacer una planificaci\u00f3n de los traslados internos. Es importante informarse si funcionan los taxis por aplicaci\u00f3n, c\u00f3mo se paga el transporte p\u00fablico, si es posible hacer los recorridos caminando, etc\u00e9tera.<\/p>\n<p dir=\"ltr\"><strong>Alimentaci\u00f3n<\/strong><\/p>\n<p dir=\"ltr\">La comida es un aspecto muy importante y se planifica muy diferente <strong>si la gastronom\u00eda forma parte de la experiencia de turismo que se quiere tener.<\/strong> Si es el caso, se debe averiguar de antemano los restaurantes m\u00e1s emblem\u00e1ticos y hacer las reservas, tambi\u00e9n es conveniente preguntar los precios y las pol\u00edticas del lugar.<\/p>\n<p dir=\"ltr\">Tambi\u00e9n <strong>se puede elegir un alojamiento que incluya el desayuno, <\/strong>o que lo sirva, de manera de resolver eso antes de salir a recorrer el lugar. Para las dem\u00e1s comidas es bueno averiguar qu\u00e9 establecimientos est\u00e1n disponibles en el lugar y los precios.<\/p>\n<p dir=\"ltr\"><strong>Alojamiento<\/strong><\/p>\n<p dir=\"ltr\">En la actualidad, los viajeros tienen varias opciones de alojamiento. <strong>Los hoteles son la opci\u00f3n m\u00e1s tradicional, pero tambi\u00e9n est\u00e1n los alojamientos por aplicaciones, las posadas, los hostales,<\/strong> etc\u00e9tera.<\/p>\n<p dir=\"ltr\">Lo m\u00e1s importante es contar con la informaci\u00f3n de cada uno y hacer las reservaciones lo antes posible.<\/p>\n<p dir=\"ltr\"><strong>\u00bfCu\u00e1les son los beneficios de consultar un blog de viajes?<\/strong><\/p>\n<ul>\n<li dir=\"ltr\" aria-level=\"1\">\n<p dir=\"ltr\" role=\"presentation\">Consultar un buen blog de viajes es como que un amigo te cuente todos los detalles de sus vacaciones y eso te sirva de experiencia para las tuyas. Por ejemplo, <strong>en el blog de C\u00f3mete al mundo, consigues datos que solo saben qui\u00e9nes han ido y manejan la informaci\u00f3n actualizada.<\/strong><\/p>\n<\/li>\n<li dir=\"ltr\" aria-level=\"1\">\n<p dir=\"ltr\" role=\"presentation\">Como referencia, podemos resaltar el art\u00edculo de 3 d\u00edas en Roma, que incluye informaci\u00f3n para adquirir las entradas, c\u00f3mo evitar las colas y un itinerario recomendado para disfrutar todo de mejor manera.<\/p>\n<\/li>\n<li dir=\"ltr\" aria-level=\"1\">\n<p dir=\"ltr\" role=\"presentation\">En los blogs de viajes se consiguen recomendaciones muy importantes. Hay que saber que detr\u00e1s de cada recomendaci\u00f3n est\u00e1 la reputaci\u00f3n del sitio, as\u00ed que son mucho m\u00e1s confiables que una publicidad cualquiera. Con esta informaci\u00f3n puedes elegir un alojamiento que te ofrezca lo que est\u00e1s buscando.<\/p>\n<\/li>\n<li dir=\"ltr\" aria-level=\"1\">\n<p dir=\"ltr\" role=\"presentation\">Es posible que, como viajeros, no conozcamos los detalles de cada atracci\u00f3n tur\u00edstica. Por ejemplo, tal vez no sabemos qu\u00e9 es interesante de ver en el Vaticano y por desconocimiento no nos acercamos a una obra de arte o a un sitio espec\u00edfico. Con la consulta a un blog de viajes eso no sucede, ya que consigues listas de cosas que ver en cada lugar.<\/p>\n<\/li>\n<li dir=\"ltr\" aria-level=\"1\">\n<p dir=\"ltr\" role=\"presentation\"><strong>En un blog de viajes consigues ideas de destinos o tipos de viajes que tal vez no se te hab\u00edan ocurrido. <\/strong>Muchos de nosotros no estamos al tanto de los temas tur\u00edsticos, hasta el momento en que queremos viajar, as\u00ed que en un blog de viaje podemos conseguir muchas ideas geniales.<\/p>\n<\/li>\n<li dir=\"ltr\" aria-level=\"1\">\n<p dir=\"ltr\" role=\"presentation\">Los blogs de viajes pueden evitar que cometas errores al planificar tus viajes. Por ejemplo, tal vez no sepas que los tours privados tienen beneficios importantes, como accesos a los lugares, atenci\u00f3n personalizada y mucho m\u00e1s.<\/p>\n<\/li>\n<li dir=\"ltr\" aria-level=\"1\">\n<p dir=\"ltr\" role=\"presentation\"><strong>Con un blog de viajes consigues la informaci\u00f3n necesaria para dise\u00f1ar las vacaciones a tu gusto.<\/strong> Hay muchos datos, pero t\u00fa tomas lo que te sirva. Se trata de que organices tu viaje por libre.<\/p>\n<\/li>\n<li dir=\"ltr\" aria-level=\"1\">\n<p dir=\"ltr\" role=\"presentation\">Los mejores blogs de viajes incluyen un formulario para hacer preguntas, de esa manera puedes despejar dudas y buscar asesor\u00eda si es lo que necesitas. Tambi\u00e9n puedes compartir tu experiencia.<\/p>\n<\/li>\n<\/ul>\n<p dir=\"ltr\">En el pr\u00f3ximo verano el turismo ser\u00e1 muy especial, comienza a planificar tu viaje de inmediato para que lo disfrutes al m\u00e1ximo.<\/p>\n<\/div>\n\n<p><em> &#8221; Fuentes www.cordobahoy.es &#8221; <\/em><\/p>\n","protected":false},"excerpt":{"rendered":"<p>Viajar es una actividad muy enriquecedora para la que muchas personas se preparan durante todo el a\u00f1o, ya que el verano suele ser la \u00e9poca preferida para viajar. Luego de varios a\u00f1os dif\u00edciles para viajar, este verano luce perfecto para hacer recorridos sin demasiadas restricciones, es por eso que muchas personas est\u00e1n \u00e1vidas de informaci\u00f3n [&hellip;]<\/p>\n","protected":false},"author":4,"featured_media":535554,"comment_status":"open","ping_status":"closed","sticky":false,"template":"","format":"standard","meta":{"om_disable_all_campaigns":false,"jnews-multi-image_gallery":[],"jnews_single_post":[],"jnews_primary_category":[],"jnews_social_meta":[],"footnotes":""},"categories":[39],"tags":[558],"class_list":["post-535553","post","type-post","status-publish","format-standard","has-post-thumbnail","hentry","category-viajes","tag-cordoba"],"_links":{"self":[{"href":"https:\/\/dimensionturistica.com\/es\/wp-json\/wp\/v2\/posts\/535553","targetHints":{"allow":["GET"]}}],"collection":[{"href":"https:\/\/dimensionturistica.com\/es\/wp-json\/wp\/v2\/posts"}],"about":[{"href":"https:\/\/dimensionturistica.com\/es\/wp-json\/wp\/v2\/types\/post"}],"author":[{"embeddable":true,"href":"https:\/\/dimensionturistica.com\/es\/wp-json\/wp\/v2\/users\/4"}],"replies":[{"embeddable":true,"href":"https:\/\/dimensionturistica.com\/es\/wp-json\/wp\/v2\/comments?post=535553"}],"version-history":[{"count":0,"href":"https:\/\/dimensionturistica.com\/es\/wp-json\/wp\/v2\/posts\/535553\/revisions"}],"wp:featuredmedia":[{"embeddable":true,"href":"https:\/\/dimensionturistica.com\/es\/wp-json\/wp\/v2\/media\/535554"}],"wp:attachment":[{"href":"https:\/\/dimensionturistica.com\/es\/wp-json\/wp\/v2\/media?parent=535553"}],"wp:term":[{"taxonomy":"category","embeddable":true,"href":"https:\/\/dimensionturistica.com\/es\/wp-json\/wp\/v2\/categories?post=535553"},{"taxonomy":"post_tag","embeddable":true,"href":"https:\/\/dimensionturistica.com\/es\/wp-json\/wp\/v2\/tags?post=535553"}],"curies":[{"name":"wp","href":"https:\/\/api.w.org\/{rel}","templated":true}]}}