{"id":535412,"date":"2023-05-14T22:25:17","date_gmt":"2023-05-14T22:25:17","guid":{"rendered":"https:\/\/dimensionturistica.com\/es\/?p=535412"},"modified":"2023-05-14T22:25:17","modified_gmt":"2023-05-14T22:25:17","slug":"el-candidato-de-vox-en-valencia-15-000-euros-en-viajes-y-comidas-como-rector-de-la-viu-que-privatizo-la-candidata-del-pp-2","status":"publish","type":"post","link":"https:\/\/dimensionturistica.com\/es\/el-candidato-de-vox-en-valencia-15-000-euros-en-viajes-y-comidas-como-rector-de-la-viu-que-privatizo-la-candidata-del-pp-2\/","title":{"rendered":"El candidato de Vox en Val\u00e8ncia, 15.000 euros en viajes y comidas como rector de la VIU que privatiz\u00f3 la candidata del PP"},"content":{"rendered":"<p> <br \/>\n<\/p>\n<div>\n<p class=\"article-text\">\n        Los actuales candidatos a la alcald\u00eda de Val\u00e8ncia del PP y de Vox, Mar\u00eda Jos\u00e9 Catal\u00e1 y Juan Manuel Badenas, respectivamente, fueron compa\u00f1eros de viaje al frente de la Universidad Internacional de Val\u00e8ncia (VIU) entre los a\u00f1os 2012 y 2013, la primera como presidenta del patronato de la Fundaci\u00f3n que gestionaba la universidad y el segundo como rector.\n    <\/p>\n<\/p><\/div>\n\n<p><em> &#8221; Fuentes www.eldiario.es &#8221; <\/em><\/p>\n","protected":false},"excerpt":{"rendered":"<p>Los actuales candidatos a la alcald\u00eda de Val\u00e8ncia del PP y de Vox, Mar\u00eda Jos\u00e9 Catal\u00e1 y Juan Manuel Badenas, respectivamente, fueron compa\u00f1eros de viaje al frente de la Universidad Internacional de Val\u00e8ncia (VIU) entre los a\u00f1os 2012 y 2013, la primera como presidenta del patronato de la Fundaci\u00f3n que gestionaba la universidad y el [&hellip;]<\/p>\n","protected":false},"author":4,"featured_media":535384,"comment_status":"open","ping_status":"closed","sticky":false,"template":"","format":"standard","meta":{"om_disable_all_campaigns":false,"jnews-multi-image_gallery":[],"jnews_single_post":[],"jnews_primary_category":[],"jnews_social_meta":[],"footnotes":""},"categories":[39],"tags":[707,6178,3505,1117,3005,547,705,773,2769],"class_list":["post-535412","post","type-post","status-publish","format-standard","has-post-thumbnail","hentry","category-viajes","tag-actualidad","tag-alicante","tag-analisis","tag-castellon","tag-comunidad-valenciana","tag-informacion","tag-noticias","tag-opinion","tag-valencia"],"_links":{"self":[{"href":"https:\/\/dimensionturistica.com\/es\/wp-json\/wp\/v2\/posts\/535412","targetHints":{"allow":["GET"]}}],"collection":[{"href":"https:\/\/dimensionturistica.com\/es\/wp-json\/wp\/v2\/posts"}],"about":[{"href":"https:\/\/dimensionturistica.com\/es\/wp-json\/wp\/v2\/types\/post"}],"author":[{"embeddable":true,"href":"https:\/\/dimensionturistica.com\/es\/wp-json\/wp\/v2\/users\/4"}],"replies":[{"embeddable":true,"href":"https:\/\/dimensionturistica.com\/es\/wp-json\/wp\/v2\/comments?post=535412"}],"version-history":[{"count":0,"href":"https:\/\/dimensionturistica.com\/es\/wp-json\/wp\/v2\/posts\/535412\/revisions"}],"wp:featuredmedia":[{"embeddable":true,"href":"https:\/\/dimensionturistica.com\/es\/wp-json\/wp\/v2\/media\/535384"}],"wp:attachment":[{"href":"https:\/\/dimensionturistica.com\/es\/wp-json\/wp\/v2\/media?parent=535412"}],"wp:term":[{"taxonomy":"category","embeddable":true,"href":"https:\/\/dimensionturistica.com\/es\/wp-json\/wp\/v2\/categories?post=535412"},{"taxonomy":"post_tag","embeddable":true,"href":"https:\/\/dimensionturistica.com\/es\/wp-json\/wp\/v2\/tags?post=535412"}],"curies":[{"name":"wp","href":"https:\/\/api.w.org\/{rel}","templated":true}]}}