{"id":535398,"date":"2023-05-14T21:47:05","date_gmt":"2023-05-14T21:47:05","guid":{"rendered":"https:\/\/dimensionturistica.com\/es\/?p=535398"},"modified":"2023-05-14T21:47:05","modified_gmt":"2023-05-14T21:47:05","slug":"historica-victoria-del-equipo-de-natacion-artistica-en-egipto","status":"publish","type":"post","link":"https:\/\/dimensionturistica.com\/es\/historica-victoria-del-equipo-de-natacion-artistica-en-egipto\/","title":{"rendered":"Hist\u00f3rica victoria del equipo de nataci\u00f3n art\u00edstica en Egipto"},"content":{"rendered":"<p> <br \/>\n<\/p>\n<div id=\"article-text\">\n<div class=\"foto\">\n<img decoding=\"async\" src=\"https:\/\/www.jornada.com.mx\/2023\/05\/14\/fotos\/a10n1dep-1.jpg\" alt=\"Foto\" title=\"\" \/><\/p>\n<p>\n\u25b2 El grupo de ondinas integrado por Regina Alferez, Mar\u00eda Fernanda Arellano, Daniela Estrada, Itzamary Gonz\u00e1lez, Glenda Inzunza, Luisa Rodr\u00edguez, Jessica Sobrino y Pamela Toscano se impuso a las representantes de Italia y Francia.<span class=\"credito\">Foto COM<\/span> <\/p>\n<\/div>\n<div class=\"col col1\">\n<p><span itemprop=\"name\">De la redacci\u00f3n<\/span><\/p>\n<p>\u00a0<\/p>\n<p>Peri\u00f3dico La Jornada<br \/>Domingo 14 de mayo de 2023, p. a10<\/p>\n<p class=\"s-s\">Con una enorme actuaci\u00f3n, el autofinanciado equipo de nataci\u00f3n art\u00edstica se adjudic\u00f3 la prime-ra medalla de oro para M\u00e9xico en una competencia de clase mundial, al imponerse en una re\u00f1ida final de Equipo T\u00e9cnico Mixto a Italia y Francia, en la tercera y \u00falti-ma parada de la temporada de la Copa Mundial 2023 de World Aquatics que inici\u00f3 en Somabay, Egipto.<\/p>\n<p>Las ondinas mexicanas recibieron todo tipo de felicitaciones en redes sociales por haber superado las adversidades para viajar a la justa mundial a pesar del retiro de recursos por parte de la Comisi\u00f3n Nacional de Cultura F\u00edsica y Deporte (Conade), debido a los conflictos de gobernabilidad que prevalecen en torno a la Federaci\u00f3n Mexicana de Nataci\u00f3n.<\/p>\n<p>El gobierno de M\u00e9xico, en su cuenta oficial de Twitter, felicit\u00f3 a las campeonas.<\/p>\n<p>La selecci\u00f3n que desde hace d\u00e9cadas dirige Adriana Loftus, reuni\u00f3 fondos vendiendo trajes de ba\u00f1o y otros productos alusivos al equipo para solventar gastos, al tiempo que solicitaron y encontraron apoyo del empresario Carlos Slim.<\/p>\n<p>Viajaron a la Copa del Mundo no con el uniforme tricolor o con alguna alusi\u00f3n a M\u00e9xico, sino con uno negro, y en la competencia lucieron sencillos trajes verde lim\u00f3n, con los que interpretaron <em>Don\u2019t stop <\/em>me now, del grupo Queen, con la que ganaron una re\u00f1ida competencia para vencer por poco m\u00e1s de un punto a sus perseguidoras.<\/p>\n<p>El grupo integrado por Regina Alferez, Mar\u00eda Fernanda Arellano, Daniela Estrada, Itzamary Gonz\u00e1lez, Glenda Inzunza, Luisa Rodr\u00edguez, Jessica Sobrino y Pamela Toscano se impusieron con cifras de 28.2500 puntos en grado de dificultad, 95.900 en impresi\u00f3n art\u00edstica, 174.2584 en ejecuci\u00f3n y un total de 270.1584. Nuria Diosdado y Joana Jim\u00e9nez fueron reservas.<\/p>\n<p>Las medallistas de plata, Italia, recibieron el mismo puntaje en dificultad, pero no pudieron superar en ejecuci\u00f3n e impresi\u00f3n art\u00edstica a M\u00e9xico, y se conformaron con el segundo puesto con 268.8417 puntos.<\/p>\n<p>El equipo de Francia, que ingres\u00f3 al certamen con la dificultad m\u00e1s alta declarada, 30.8, no pudo ejecutar la rutina <em>Viaje al espacio<\/em> sin problemas y termin\u00f3 en tercer (253.5312).<\/p>\n<p>En el solo t\u00e9cnico, la mexicana Joana Jim\u00e9nez logr\u00f3 un buen desempe\u00f1o al colocarse sexta con 215.5583 puntos en la prueba ganada por la austriaca Vasiliki Alexandri (263.8959), y flanqueada en el podio por la espa\u00f1ola Iris T\u00edo Casas (262.9333) y la francesa Oriane Jaillardon (233.6542).<\/p>\n<\/div>\n<div class=\"col col2\">\n<div class=\"foto\">\n<img decoding=\"async\" src=\"https:\/\/www.jornada.com.mx\/2023\/05\/14\/fotos\/a10n1dep-2_mini.jpg\" alt=\"Foto\" title=\"\" \/><\/p>\n<p>\n\u25b2 La triatleta Rosa Mar\u00eda Tapia logr\u00f3 su primera presea en justas de clase mundial.<span class=\"credito\">Foto Conade<\/span> <\/p>\n<\/div>\n<p>Los logros de los deportistas mexicanos en competencias internacionales continuaron en el triatl\u00f3n.<\/p>\n<p>Rosa Mar\u00eda Tapia logr\u00f3 la medalla de plata en la primera parada de la Serie de Campeonato Mundial de Triatl\u00f3n 2023, en Yokohama, Jap\u00f3n, con lo que firm\u00f3 el mejor resultado nacional femenil en esta disciplina, adem\u00e1s de que sum\u00f3 puntos ol\u00edmpicos de calificaci\u00f3n rumbo a Par\u00eds 2024.<\/p>\n<p><q>Estoy muy emocionada porque es la primera presea que gano en cualquier competencia de clase mundial y, sobre todo, muy agradecida con toda la gente que me ha apoyado<\/q>, manifest\u00f3 Rosa Mar\u00eda tras cruzar la meta.<\/p>\n<p>Horas despu\u00e9s, en Punta Cana, Rep\u00fablica Dominicana, Jimena de la Pe\u00f1a y Anah\u00ed \u00c1lvarez hicieron el uno-dos en la Copa Continental J\u00fanior de Triatl\u00f3n.<\/p>\n<p class=\"sumario\">1-2 en lanzamiento de disco<\/p>\n<p class=\"s-s\">Las tricolores Floralia Estrada y \u00c1ngeles Ortiz subieron al podio en primero y segundo lugar, en la prueba de lanzamiento de disco categor\u00eda F57 en el Grand Prix de Para Atletismo que se desarrolla en Jesolo, Venecia. Estrada Bernal se adjudic\u00f3 el oro con 28.83 metros.<\/p>\n<p>Ortiz Hern\u00e1ndez logr\u00f3 un avance significativo como lanzadora de disco. La tabasque\u00f1a consigui\u00f3 el segundo lugar en el estadio Armando Picchi con marca de 22.29 metros, mejorando la marca realizada en Xalapa dos semanas atr\u00e1s por 1.21 metros y meti\u00e9ndose entre las mejores 10 del <em>ranking <\/em>mundial en esta modalidad.<\/p>\n<p>Fue en su cuarto intento cuando la llamada <em>Leona<\/em> logr\u00f3 el regis-tr\u00f3 que la subi\u00f3 al podio, superando a la vietnamita Thi Kieu Nguyen (21.96 metros).<\/p>\n<p>Ortiz buscar\u00e1 este domingo mejorar el resultado obtenido en la cuarta fecha del Grand Prix dentro del impulso de bala, camino al Mundial de Para Atletismo en Par\u00eds, Francia, del 8 al 17 de julio.<\/p>\n<p>En la Serie Mundial de Para Nataci\u00f3n que se desarrolla en Berl\u00edn, Alemania, \u00c1ngel Camacho se colg\u00f3 la medalla de bronce en la prueba de 150 metros combinado SM4.<\/p>\n<p>Asimismo, la gimnasta ol\u00edmpica Dafne Navarro y Donovan Guevara finalizaron quinta y s\u00e9ptimo, respectivamente, en el Campeonato Panamericano de Gimnasia de Trampol\u00edn de Adultos en Monterrey.<\/p>\n<\/div>\n<\/div>\n\n<p><em> &#8221; Fuentes www.jornada.com.mx &#8221; <\/em><\/p>\n","protected":false},"excerpt":{"rendered":"<p>\u25b2 El grupo de ondinas integrado por Regina Alferez, Mar\u00eda Fernanda Arellano, Daniela Estrada, Itzamary Gonz\u00e1lez, Glenda Inzunza, Luisa Rodr\u00edguez, Jessica Sobrino y Pamela Toscano se impuso a las representantes de Italia y Francia.Foto COM De la redacci\u00f3n \u00a0 Peri\u00f3dico La JornadaDomingo 14 de mayo de 2023, p. a10 Con una enorme actuaci\u00f3n, el autofinanciado [&hellip;]<\/p>\n","protected":false},"author":4,"featured_media":535092,"comment_status":"open","ping_status":"closed","sticky":false,"template":"","format":"standard","meta":{"om_disable_all_campaigns":false,"jnews-multi-image_gallery":[],"jnews_single_post":[],"jnews_primary_category":[],"jnews_social_meta":[],"footnotes":""},"categories":[39],"tags":[769,705],"class_list":["post-535398","post","type-post","status-publish","format-standard","has-post-thumbnail","hentry","category-viajes","tag-mexico","tag-noticias"],"_links":{"self":[{"href":"https:\/\/dimensionturistica.com\/es\/wp-json\/wp\/v2\/posts\/535398","targetHints":{"allow":["GET"]}}],"collection":[{"href":"https:\/\/dimensionturistica.com\/es\/wp-json\/wp\/v2\/posts"}],"about":[{"href":"https:\/\/dimensionturistica.com\/es\/wp-json\/wp\/v2\/types\/post"}],"author":[{"embeddable":true,"href":"https:\/\/dimensionturistica.com\/es\/wp-json\/wp\/v2\/users\/4"}],"replies":[{"embeddable":true,"href":"https:\/\/dimensionturistica.com\/es\/wp-json\/wp\/v2\/comments?post=535398"}],"version-history":[{"count":0,"href":"https:\/\/dimensionturistica.com\/es\/wp-json\/wp\/v2\/posts\/535398\/revisions"}],"wp:featuredmedia":[{"embeddable":true,"href":"https:\/\/dimensionturistica.com\/es\/wp-json\/wp\/v2\/media\/535092"}],"wp:attachment":[{"href":"https:\/\/dimensionturistica.com\/es\/wp-json\/wp\/v2\/media?parent=535398"}],"wp:term":[{"taxonomy":"category","embeddable":true,"href":"https:\/\/dimensionturistica.com\/es\/wp-json\/wp\/v2\/categories?post=535398"},{"taxonomy":"post_tag","embeddable":true,"href":"https:\/\/dimensionturistica.com\/es\/wp-json\/wp\/v2\/tags?post=535398"}],"curies":[{"name":"wp","href":"https:\/\/api.w.org\/{rel}","templated":true}]}}