{"id":535383,"date":"2023-05-14T20:30:51","date_gmt":"2023-05-14T20:30:51","guid":{"rendered":"https:\/\/dimensionturistica.com\/es\/?p=535383"},"modified":"2023-05-14T20:30:51","modified_gmt":"2023-05-14T20:30:51","slug":"el-candidato-de-vox-en-valencia-15-000-euros-en-viajes-y-comidas-como-rector-de-la-viu-que-privatizo-la-candidata-del-pp","status":"publish","type":"post","link":"https:\/\/dimensionturistica.com\/es\/el-candidato-de-vox-en-valencia-15-000-euros-en-viajes-y-comidas-como-rector-de-la-viu-que-privatizo-la-candidata-del-pp\/","title":{"rendered":"El candidato de Vox en Val\u00e8ncia, 15.000 euros en viajes y comidas como rector de la VIU que privatiz\u00f3 la candidata del PP"},"content":{"rendered":"<p> <br \/>\n<\/p>\n<div id=\"\">\n<p class=\"article-text\">\n        Los actuales candidatos a la alcald\u00eda de Val\u00e8ncia del PP y de Vox, Mar\u00eda Jos\u00e9 Catal\u00e1 y Juan Manuel Badenas, respectivamente, fueron compa\u00f1eros de viaje al frente de la Universidad Internacional de Val\u00e8ncia (VIU) entre los a\u00f1os 2012 y 2013, la primera como presidenta del patronato de la Fundaci\u00f3n que gestionaba la universidad y el segundo como rector.\n    <\/p>\n<p class=\"article-text\">\n        Sin embargo, su relaci\u00f3n nunca fue buena, sobre todo en el momento en el que Catal\u00e1 dio el paso para la privatizaci\u00f3n de la VIU mediante la venta del 70% de las participaciones al Grupo Planeta, <a rel=\"nofollow noopener\" target=\"_blank\" href=\"https:\/\/www.eldiario.es\/comunitat-valenciana\/venta-universidad-online-candidata-pp-valencia-confidencial-denunciada-notario_1_9919962.html\" data-mrf-recirculation=\"links-noticia\" class=\"link\">un proceso al que se opuso Badenas<\/a>, quien dej\u00f3 constancia ante notario de posibles irregularidades en el proceso.\n    <\/p>\n<p class=\"article-text\">\n        Badenas tom\u00f3 posesi\u00f3n del cargo como rector el 13 de julio de 2011 a propuesta del entonces conseller de Educaci\u00f3n, Alejandro Font de Mora, y lo ejerci\u00f3 hasta la venta de la VIU a finales de 2013.\n    <\/p>\n<p class=\"article-text\">\n        Como inform\u00f3 elDiario.es, el sueldo de Badenas como rector era de 57.599,76 euros anuales, aunque en 2012 el Gobierno valenciano presidido entonces por el popular Alberto Fabra aprob\u00f3<a rel=\"nofollow noopener\" target=\"_blank\" href=\"https:\/\/www.eldiario.es\/comunitat-valenciana\/pp-autorizo-ahora-candidato-vox-valencia-cobrar-5-000-euros-previsto-ley-rector-viu_1_10091689.html\" data-mrf-recirculation=\"links-noticia\" class=\"link\"> un aumento por el que pas\u00f3 a percibir 62.247,22 euros<\/a>.\n    <\/p>\n<p class=\"article-text\">\n        Pero ah\u00ed no acaba el coste de la actividad de Badenas como rector para las arcas p\u00fablicas. Tambi\u00e9n, carg\u00f3 m\u00e1s de 15.000 euros en dos a\u00f1os a la VIU en concepto de comidas y viajes, pese a tratarse de una universidad virtual.\n    <\/p>\n<p class=\"article-text\">\n        Seg\u00fan la documentaci\u00f3n a la que ha tenido acceso este diario, en los seis meses de 2011 que estuvo al frente de la VIU tan solo repercuti\u00f3 874 euros en gastos de restauraci\u00f3n y 115 euros en &#8216;varios&#8217;. Las cantidades se disparan en los dos siguientes a\u00f1os: en 2012 gast\u00f3 5.259 euros en viajes, 2.692 euros en restauraci\u00f3n y 22,70 euros en &#8216;varios&#8217;. En el a\u00f1o de 2013, \u00faltimo en el que ejerci\u00f3 como rector, gast\u00f3 3.424 euros en viajes, 3.661 en comidas y 5,95 euros en &#8216;varios&#8217;.\n    <\/p>\n<p class=\"article-text\">\n        Por otra parte, exjefes de prensa con los<em> consellers<\/em> Rafael Blasco y Jos\u00e9 C\u00edscar, una concejala y una responsable de una fundaci\u00f3n que impuls\u00f3 Francisco Camps <a rel=\"nofollow noopener\" target=\"_blank\" href=\"https:\/\/www.eldiario.es\/comunitat-valenciana\/politica\/universidad-privatizada-candidata-pp-valencia-tuvo-nomina-cargos-confianza-partido_1_10062763.amp.html\" data-mrf-recirculation=\"links-noticia\" class=\"link\">fueron contratados por la Universitat Internacional de Valencia<\/a>.\n    <\/p>\n<p class=\"article-text\">\n        Como ha venido informando este diario, Catal\u00e1 vendi\u00f3 el 70% de la VIU <a rel=\"nofollow noopener\" target=\"_blank\" href=\"https:\/\/www.eldiario.es\/comunitat-valenciana\/candidata-pp-valencia-privatizo-5-7-millones-universidad-publica-online-cuya-creacion-costo-seis-veces_1_9915371.amp.html\" data-mrf-recirculation=\"links-noticia\" class=\"link\">por cuatro millones de euros tras haber invertido el Consell desde su creaci\u00f3n 34 millones<\/a> de euros y su valor se multiplic\u00f3 a los pocos d\u00edas de seleccionar la oferta del grupo  Planeta <a rel=\"nofollow noopener\" target=\"_blank\" href=\"https:\/\/www.eldiario.es\/comunitat-valenciana\/universidad-online-privatizo-candidata-pp-valencia-duplico-mes-despues-venta_1_10035333.amp.html\" data-mrf-recirculation=\"links-noticia\" class=\"link\">tras aprobar la Agencia Nacional de Evaluaci\u00f3n de la Calidad y la Acreditaci\u00f3n (Aneca) nuevas titulaciones<\/a>.\n    <\/p>\n<p class=\"article-text\">\n        Tan solo dos a\u00f1os despu\u00e9s de dejar la conselleria, tal y como marca la ley de incompatibilidades, la ahora portavoz municipal del PP y candidata a la alcald\u00eda de Val\u00e8ncia empez\u00f3 a dar clases como profesora de la VIU sin que haya querido decir p\u00fablicamente su sueldo, m\u00e1s all\u00e1 de remitirse a lo que este medio public\u00f3 sobre lo que cobra un profesor de la universidad <a rel=\"nofollow noopener\" target=\"_blank\" href=\"https:\/\/www.eldiario.es\/comunitat-valenciana\/portavoz-pp-valencia-universidad-virtual-vendio-consellera-cobran-7-300-euros_1_9688109.amp.html\" data-mrf-recirculation=\"links-noticia\" class=\"link\">con sus mismas horas de docencia, esto es, 7.300 euros al a\u00f1o<\/a>.\n    <\/p>\n<p class=\"article-text\">\n        Los caminos de Catal\u00e1 y Badenas, que se separaron tras la venta de la universidad, se vuelven a unir ahora en el Ayuntamiento de Val\u00e8ncia, como candidatos a la alcald\u00eda por el PP y Vox, y qui\u00e9n sabe si como futuros socios de Gobierno.\n    <\/p>\n<\/p><\/div>\n\n<p><em> &#8221; Fuentes www.eldiario.es &#8221; <\/em><\/p>\n","protected":false},"excerpt":{"rendered":"<p>Los actuales candidatos a la alcald\u00eda de Val\u00e8ncia del PP y de Vox, Mar\u00eda Jos\u00e9 Catal\u00e1 y Juan Manuel Badenas, respectivamente, fueron compa\u00f1eros de viaje al frente de la Universidad Internacional de Val\u00e8ncia (VIU) entre los a\u00f1os 2012 y 2013, la primera como presidenta del patronato de la Fundaci\u00f3n que gestionaba la universidad y el [&hellip;]<\/p>\n","protected":false},"author":4,"featured_media":535384,"comment_status":"open","ping_status":"closed","sticky":false,"template":"","format":"standard","meta":{"om_disable_all_campaigns":false,"jnews-multi-image_gallery":[],"jnews_single_post":[],"jnews_primary_category":[],"jnews_social_meta":[],"footnotes":""},"categories":[39],"tags":[707,6178,3505,1117,3005,547,705,773,2769],"class_list":["post-535383","post","type-post","status-publish","format-standard","has-post-thumbnail","hentry","category-viajes","tag-actualidad","tag-alicante","tag-analisis","tag-castellon","tag-comunidad-valenciana","tag-informacion","tag-noticias","tag-opinion","tag-valencia"],"_links":{"self":[{"href":"https:\/\/dimensionturistica.com\/es\/wp-json\/wp\/v2\/posts\/535383","targetHints":{"allow":["GET"]}}],"collection":[{"href":"https:\/\/dimensionturistica.com\/es\/wp-json\/wp\/v2\/posts"}],"about":[{"href":"https:\/\/dimensionturistica.com\/es\/wp-json\/wp\/v2\/types\/post"}],"author":[{"embeddable":true,"href":"https:\/\/dimensionturistica.com\/es\/wp-json\/wp\/v2\/users\/4"}],"replies":[{"embeddable":true,"href":"https:\/\/dimensionturistica.com\/es\/wp-json\/wp\/v2\/comments?post=535383"}],"version-history":[{"count":0,"href":"https:\/\/dimensionturistica.com\/es\/wp-json\/wp\/v2\/posts\/535383\/revisions"}],"wp:featuredmedia":[{"embeddable":true,"href":"https:\/\/dimensionturistica.com\/es\/wp-json\/wp\/v2\/media\/535384"}],"wp:attachment":[{"href":"https:\/\/dimensionturistica.com\/es\/wp-json\/wp\/v2\/media?parent=535383"}],"wp:term":[{"taxonomy":"category","embeddable":true,"href":"https:\/\/dimensionturistica.com\/es\/wp-json\/wp\/v2\/categories?post=535383"},{"taxonomy":"post_tag","embeddable":true,"href":"https:\/\/dimensionturistica.com\/es\/wp-json\/wp\/v2\/tags?post=535383"}],"curies":[{"name":"wp","href":"https:\/\/api.w.org\/{rel}","templated":true}]}}