{"id":534418,"date":"2023-05-13T10:56:33","date_gmt":"2023-05-13T10:56:33","guid":{"rendered":"https:\/\/dimensionturistica.com\/es\/?p=534418"},"modified":"2023-05-13T10:56:33","modified_gmt":"2023-05-13T10:56:33","slug":"tourism-innovation-summit-vuelve-a-sevilla-para-liderar-la-innovacion-en-la-industria-turistica-a-nivel-global","status":"publish","type":"post","link":"https:\/\/dimensionturistica.com\/es\/tourism-innovation-summit-vuelve-a-sevilla-para-liderar-la-innovacion-en-la-industria-turistica-a-nivel-global\/","title":{"rendered":"Tourism Innovation Summit vuelve a Sevilla para liderar la innovaci\u00f3n en la industria tur\u00edstica a nivel global"},"content":{"rendered":"<p> <br \/>\n<\/p>\n<p id=\"paragraph_1\"><strong>Tourism Innovation Summit 2023<\/strong> vuelve a <strong><a rel=\"nofollow noopener\" target=\"_blank\" href=\"https:\/\/www.elespanol.com\/invertia\/empresas\/20230418\/cox-queda-abengoa-millones-mantiene-sevilla-empleos\/757174377_0.amp.html\" data-amp-replace=\"CLIENT_ID\" data-amp-addparams=\"reader_id=CLIENT_ID(amp-access)\">Sevilla<\/a><\/strong>\u00a0del <strong>18 al 20 de octubre<\/strong> para celebrar su cuarta edici\u00f3n. Durante tres d\u00edas, la ciudad se convertir\u00e1 en epicentro de la innovaci\u00f3n tur\u00edstica a nivel global reuniendo a m\u00e1s de <strong>7.000 profesionales<\/strong> del sector que podr\u00e1n conocer de primera mano las \u00faltimas tendencias y tecnolog\u00edas que ayudar\u00e1n a los negocios y destinos tur\u00edsticos a mejorar su competitividad.<\/p>\n<div>\n<p>TIS, que se ha consolidado como referente tecnol\u00f3gico para la industria tur\u00edstica, ha presentado las novedades de esta cuarta edici\u00f3n, que se traslada al pabell\u00f3n 2 de FIBES para dar respuesta a la alta demanda de empresas que quer\u00edan exponer.<\/p>\n<p><span>El evento, que naci\u00f3 en plena pandemia y que ha acompa\u00f1ado a los profesionales del sector tur\u00edstico a repensar sus negocios y propuestas al viajero, celebra su cuarta edici\u00f3n en Sevilla, que ha sido recientemente elegida <strong>Capital Europea de Turismo Inteligente 2023<\/strong> por su accesibilidad, sostenibilidad, digitalizaci\u00f3n y apuesta por el patrimonio hist\u00f3rico y la creatividad de la ciudad.<\/span><\/p>\n<p><em><a rel=\"nofollow noopener\" target=\"_blank\" href=\"https:\/\/www.elespanol.com\/invertia\/empresas\/turismo\/20230513\/espana-encamina-verano-historia-noche-hotel-cuesta\/763173901_0.amp.html\" data-amp-replace=\"CLIENT_ID\" data-amp-addparams=\"reader_id=CLIENT_ID(amp-access)\">[Espa\u00f1a se encamina hacia el verano m\u00e1s caro de la historia: la noche de hotel ya cuesta 100 euros de media]<\/a><\/em><\/p>\n<p><span>Antonio Jim\u00e9nez, director gerente Turismo de Sevilla, ha se\u00f1alado que esta cuarta edici\u00f3n \u201ces una gran oportunidad para situar a Sevilla en el epicentro del turismo vanguardista. TIS es un evento pensado por y para el sector tur\u00edstico, con el prop\u00f3sito de impulsar nuevas tecnolog\u00edas y transformar los modelos de negocio actuales, los procesos operacionales y la experiencia del viajero\u201d.<\/span><\/p>\n<p><span>Entre las novedades que se han presentado, destaca la celebraci\u00f3n del congreso <strong>A World For Travel dentro de TIS2023.<\/strong> A World for Travel es el evento que impulsa la transformaci\u00f3n y desarrollo del turismo sostenible y que, despu\u00e9s de celebrarse en \u00c9vora (Portugal) y Nimes (Francia), este a\u00f1o llegar\u00e1 a Sevilla en el marco de TIS \u2013 Tourism Innovation Summit para dar a conocer nuevas iniciativas que impulsen el crecimiento del turismo responsable y sostenible en todo el mundo.<\/span><\/p>\n<p><span>M\u00e1s de <strong>400 expertos<\/strong> y l\u00edderes del sector tur\u00edstico a nivel mundial compartir\u00e1n en el congreso Tourism Innovation Global Summit sus estrategias y casos de \u00e9xito de aplicaci\u00f3n de las \u00faltimas tecnolog\u00edas el sector tur\u00edstico, y desvelar\u00e1n las tendencias para avanzar hacia un turismo m\u00e1s inteligente, digital y sostenible.<\/span><\/p>\n<p><amp-ad data-block-on-consent=\"_auto_reject\" data-cid=\"3a3af678-3ecb-45f3-83a7-bd8efcd6bc5c\" data-html-access-allowed=\"true\" height=\"3\" layout=\"responsive\" type=\"sunmedia\" width=\"4\" class=\"i-amphtml-layout-responsive i-amphtml-layout-size-defined\" i-amphtml-layout=\"responsive\"><i-amphtml-sizer slot=\"i-amphtml-svc\" style=\"display:block;padding-top:75%\"\/><br \/>\n                    <\/amp-ad>\n<\/div>\n\n<p><em> &#8221; Fuentes www.elespanol.com &#8221; <\/em><\/p>\n","protected":false},"excerpt":{"rendered":"<p>Tourism Innovation Summit 2023 vuelve a Sevilla\u00a0del 18 al 20 de octubre para celebrar su cuarta edici\u00f3n. Durante tres d\u00edas, la ciudad se convertir\u00e1 en epicentro de la innovaci\u00f3n tur\u00edstica a nivel global reuniendo a m\u00e1s de 7.000 profesionales del sector que podr\u00e1n conocer de primera mano las \u00faltimas tendencias y tecnolog\u00edas que ayudar\u00e1n a [&hellip;]<\/p>\n","protected":false},"author":4,"featured_media":534419,"comment_status":"open","ping_status":"closed","sticky":false,"template":"","format":"standard","meta":{"om_disable_all_campaigns":false,"jnews-multi-image_gallery":[],"jnews_single_post":[],"jnews_primary_category":[],"jnews_social_meta":[],"footnotes":""},"categories":[40],"tags":[634,4044,544],"class_list":["post-534418","post","type-post","status-publish","format-standard","has-post-thumbnail","hentry","category-industria","tag-empresas","tag-sevilla","tag-turismo"],"_links":{"self":[{"href":"https:\/\/dimensionturistica.com\/es\/wp-json\/wp\/v2\/posts\/534418","targetHints":{"allow":["GET"]}}],"collection":[{"href":"https:\/\/dimensionturistica.com\/es\/wp-json\/wp\/v2\/posts"}],"about":[{"href":"https:\/\/dimensionturistica.com\/es\/wp-json\/wp\/v2\/types\/post"}],"author":[{"embeddable":true,"href":"https:\/\/dimensionturistica.com\/es\/wp-json\/wp\/v2\/users\/4"}],"replies":[{"embeddable":true,"href":"https:\/\/dimensionturistica.com\/es\/wp-json\/wp\/v2\/comments?post=534418"}],"version-history":[{"count":0,"href":"https:\/\/dimensionturistica.com\/es\/wp-json\/wp\/v2\/posts\/534418\/revisions"}],"wp:featuredmedia":[{"embeddable":true,"href":"https:\/\/dimensionturistica.com\/es\/wp-json\/wp\/v2\/media\/534419"}],"wp:attachment":[{"href":"https:\/\/dimensionturistica.com\/es\/wp-json\/wp\/v2\/media?parent=534418"}],"wp:term":[{"taxonomy":"category","embeddable":true,"href":"https:\/\/dimensionturistica.com\/es\/wp-json\/wp\/v2\/categories?post=534418"},{"taxonomy":"post_tag","embeddable":true,"href":"https:\/\/dimensionturistica.com\/es\/wp-json\/wp\/v2\/tags?post=534418"}],"curies":[{"name":"wp","href":"https:\/\/api.w.org\/{rel}","templated":true}]}}