{"id":533543,"date":"2023-05-12T10:22:30","date_gmt":"2023-05-12T10:22:30","guid":{"rendered":"https:\/\/dimensionturistica.com\/es\/?p=533543"},"modified":"2024-02-20T22:42:41","modified_gmt":"2024-02-20T22:42:41","slug":"desantis-firma-un-proyecto-de-ley-que-bloquea-los-registros-de-viajes-estatales-de-la-divulgacion-publica-2","status":"publish","type":"post","link":"https:\/\/dimensionturistica.com\/es\/desantis-firma-un-proyecto-de-ley-que-bloquea-los-registros-de-viajes-estatales-de-la-divulgacion-publica-2\/","title":{"rendered":"DeSantis firma un proyecto de ley que bloquea los registros de viajes estatales de la divulgaci\u00f3n p\u00fablica"},"content":{"rendered":"<p> <br \/>\n<\/p>\n<div>\n<p>Melissa Vel\u00e1squez Loaiza<\/p>\n<p>(celebrity.land) \u2014 El gobernador de Florida, el republicano Ron DeSantis, promulg\u00f3 este jueves un proyecto de ley que exime los registros relacionados con sus viajes de la s\u00f3lida ley de divulgaci\u00f3n p\u00fablica del estado.<\/p>\n<p>Seg\u00fan la nueva ley, las agencias de aplicaci\u00f3n de la ley tendr\u00edan prohibido compartir cualquier registro relacionado con la seguridad y los viajes del gobernador, as\u00ed como los de \u201clas personas para quienes el gobernador solicita dichos servicios\u201d. El lenguaje expansivo podr\u00eda permitir que la administraci\u00f3n DeSantis mantenga en secreto los viajes organizados por la oficina del gobernador, incluso cuando \u00e9l no estuviera involucrado.<\/p>\n<p>La ley surge inmediatamente despu\u00e9s de los recientes viajes del gobernador a estados clave de las primarias republicanas e Israel, y los cr\u00edticos han denunciado la legislaci\u00f3n como un intento de evitar que salga informaci\u00f3n perjudicial sobre los viajes de DeSantis justo cuando se espera que anuncie una campa\u00f1a para presidente.<\/p>\n<p>Las leyes m\u00e1s controversiales del gobernador Ron DeSantis en Florida<\/p>\n<p>El gobernador de Florida, Ron DeSantis, saluda al salir despu\u00e9s de firmar varios proyectos de ley relacionados con la educaci\u00f3n p\u00fablica y el pago de maestros, en una conferencia de prensa en Miami, el 9 de mayo de 2023. (Cr\u00e9dito: Rebecca Blackwell\/AP\/ARCHIVO)<\/p>\n<p>Sin embargo, los republicanos dijeron que la medida era necesaria para proteger a DeSantis y evitar que detalles sobre sus h\u00e1bitos de viaje y detalles de seguridad caigan en manos de personas que podr\u00edan estar tramando un ataque contra el gobernador. Cuando se le pregunt\u00f3 sobre la medida la semana pasada, DeSantis dijo que no fue idea suya.<\/p>\n<p>La ley se aplica retroactivamente y cubrir\u00eda su uso extensivo de aviones estatales a lo largo de su tiempo como gobernador. Tambi\u00e9n cubrir\u00eda los registros relacionados con los visitantes de la mansi\u00f3n del gobernador, dijeron los opositores.<\/p>\n<p>Dicha informaci\u00f3n ha sido durante mucho tiempo un registro p\u00fablico en Florida, un estado donde el acceso p\u00fablico a los registros y reuniones estatales est\u00e1 consagrado en su constituci\u00f3n, y en ocasiones ha dado lugar a revelaciones inc\u00f3modas sobre los gobernadores de Florida.<\/p>\n<p>Ron DeSantis evade la pregunta de si buscar\u00e1 la candidatura republicana, tras la postulaci\u00f3n de Nikki Haley en la contienda<\/p>\n<p>As\u00ed es el proyecto de ley antiinmigrante de Ron DeSantis en Florida 4:52<\/p>\n<p>El proyecto de ley fue uno de los 37 que DeSantis promulg\u00f3 este jueves, incluida la prohibici\u00f3n de que las escuelas y las empresas exijan m\u00e1scaras o vacunas contra el covid-19 justo cuando la emergencia de salud p\u00fablica federal estaba a punto de expirar.<\/p>\n<p>La prohibici\u00f3n es una continuaci\u00f3n de sus pol\u00edticas, que se aprobaron por primera vez en noviembre de 2021 y expirar\u00e1n a fines de junio, que alejaron a los expertos m\u00e9dicos durante la pandemia.<\/p>\n<p>Hablando a una multitud amistosa, DeSantis promocion\u00f3 c\u00f3mo Florida reabri\u00f3 su econom\u00eda y escuelas antes que la mayor\u00eda de los estados y luch\u00f3 contra los mandatos para que los trabajadores se vacunen.<\/p>\n<p>\u201cFlorida lo hizo bien y esos estados lo hicieron mal\u201d, dijo DeSantis.<\/p>\n<p>\u2014 Jamie Gumbrecht, Kit Maher y Kaanita Iyer de celebrity.land contribuyeron a este informe.<\/p>\n<p>The-celebrity.land-Wire<br \/>&#x2122; &amp; \u00a9 2023 Cable News Network, Inc., a Warner Bros. Discovery Company. All rights reserved.<\/p>\n<p><!-- AI CONTENT END 2 -->\n    <\/div>\n\n<p><em> &#8221; Fuentes kesq.com &#8221; <\/em><\/p>\n","protected":false},"excerpt":{"rendered":"<p>Melissa Vel\u00e1squez Loaiza (celebrity.land) \u2014 El gobernador de Florida, el republicano Ron DeSantis, promulg\u00f3 este jueves un proyecto de ley que exime los registros relacionados con sus viajes de la s\u00f3lida ley de divulgaci\u00f3n p\u00fablica del estado. Seg\u00fan la nueva ley, las agencias de aplicaci\u00f3n de la ley tendr\u00edan prohibido compartir cualquier registro relacionado con [&hellip;]<\/p>\n","protected":false},"author":4,"featured_media":373016,"comment_status":"open","ping_status":"closed","sticky":false,"template":"","format":"standard","meta":{"om_disable_all_campaigns":false,"jnews-multi-image_gallery":[],"jnews_single_post":[],"jnews_primary_category":[],"jnews_social_meta":[],"footnotes":""},"categories":[144872,39],"tags":[],"class_list":["post-533543","post","type-post","status-publish","format-standard","has-post-thumbnail","hentry","category-fashion","category-viajes"],"_links":{"self":[{"href":"https:\/\/dimensionturistica.com\/es\/wp-json\/wp\/v2\/posts\/533543","targetHints":{"allow":["GET"]}}],"collection":[{"href":"https:\/\/dimensionturistica.com\/es\/wp-json\/wp\/v2\/posts"}],"about":[{"href":"https:\/\/dimensionturistica.com\/es\/wp-json\/wp\/v2\/types\/post"}],"author":[{"embeddable":true,"href":"https:\/\/dimensionturistica.com\/es\/wp-json\/wp\/v2\/users\/4"}],"replies":[{"embeddable":true,"href":"https:\/\/dimensionturistica.com\/es\/wp-json\/wp\/v2\/comments?post=533543"}],"version-history":[{"count":0,"href":"https:\/\/dimensionturistica.com\/es\/wp-json\/wp\/v2\/posts\/533543\/revisions"}],"wp:featuredmedia":[{"embeddable":true,"href":"https:\/\/dimensionturistica.com\/es\/wp-json\/wp\/v2\/media\/373016"}],"wp:attachment":[{"href":"https:\/\/dimensionturistica.com\/es\/wp-json\/wp\/v2\/media?parent=533543"}],"wp:term":[{"taxonomy":"category","embeddable":true,"href":"https:\/\/dimensionturistica.com\/es\/wp-json\/wp\/v2\/categories?post=533543"},{"taxonomy":"post_tag","embeddable":true,"href":"https:\/\/dimensionturistica.com\/es\/wp-json\/wp\/v2\/tags?post=533543"}],"curies":[{"name":"wp","href":"https:\/\/api.w.org\/{rel}","templated":true}]}}