{"id":532093,"date":"2023-05-11T16:34:58","date_gmt":"2023-05-11T16:34:58","guid":{"rendered":"https:\/\/dimensionturistica.com\/es\/?p=532093"},"modified":"2023-05-11T16:34:58","modified_gmt":"2023-05-11T16:34:58","slug":"descubren-camara-dentro-del-bano-de-un-crucero-de-lujo-grabo-a-mas-de-150-personas-desnudas","status":"publish","type":"post","link":"https:\/\/dimensionturistica.com\/es\/descubren-camara-dentro-del-bano-de-un-crucero-de-lujo-grabo-a-mas-de-150-personas-desnudas\/","title":{"rendered":"Descubren c\u00e1mara dentro del ba\u00f1o de un crucero de lujo, grab\u00f3 a m\u00e1s de 150 personas desnudas"},"content":{"rendered":"<p> <br \/>\n<\/p>\n<div>\n<div class=\"jsx-91c286bdcd2a0da6 block parragraph\">\n<p class=\"jsx-a57f93fad2105ac9 capital\">Un hombre ha sido acusado de colocar una<strong> c\u00e1mara <\/strong>en en el <strong>ba\u00f1o del crucero de lujo\u00a0<\/strong><a rel=\"nofollow noopener\" target=\"_blank\" href=\"https:\/\/www.debate.com.mx\/seccion\/policiaca\/\">Harmony of the Seas<\/a>, propiedad de<strong>\u00a0Royal Caribbean<\/strong>, con la que grab\u00f3 a m\u00e1s de 150 personas, incluidos 40 menores, por lo que el FBI ha intervenido para identificar a las v\u00edctimas.<\/p>\n<\/div>\n<div class=\"jsx-91c286bdcd2a0da6 block parragraph\">\n<p class=\"jsx-a57f93fad2105ac9 \">La Divisi\u00f3n de San Juan del FBI busca identificar a las posibles v\u00edctimas de<strong> Jeremy Froias<\/strong>, quien recientemente fue <strong>acusado de video voyeurismo<\/strong> e intento de posesi\u00f3n de material de explotaci\u00f3n infantil.<\/p>\n<\/div>\n<div class=\"jsx-91c286bdcd2a0da6 block parragraph\">\n<p class=\"jsx-a57f93fad2105ac9 \">El FBI advirti\u00f3 que los <strong>pasajeros <\/strong>que usaron el ba\u00f1o p\u00fablico en la popa de la cubierta superior del<strong> Harmony<\/strong> entre el simulador de surf &#8220;Flow Rider&#8221; y un bar, pueden haber sido grabados en video por Froias.<\/p>\n<\/div>\n<div class=\"jsx-91c286bdcd2a0da6 block inlinearticle\">\n<div class=\"jsx-dbe07b8fe19ec4e8 jsx-1216219961 jsx-4278618288 jsx-703932321 jsx-2441115801 module\">\n<div class=\"jsx-ef90da8b8e0bb860 jsx-2194053367 layout list\">\n<div class=\"jsx-ef90da8b8e0bb860 jsx-2194053367 item separator last\">\n<article class=\"jsx-ca4d3d46d21b7cb1 jsx-4095431566 jsx-3619686935 jsx-1659469813 card padding\">\n<div class=\"content\">\n<article class=\"jsx-f79d34ee09560528 jsx-4286670103 jsx-3100187946 jsx-1984133207 jsx-1368303918 jsx-2345434191 medium\">\n<div class=\"jsx-f79d34ee09560528 jsx-4286670103 jsx-3100187946 jsx-1984133207 jsx-1368303918 jsx-2345434191 top\">\n<figure class=\"jsx-7bdf2e160f6ed4a9\"><a rel=\"nofollow noopener\" target=\"_blank\" title=\"Estados Unidos empezar\u00e1 a limitar el asilo en frontera con M\u00e9xico\" href=\"https:\/\/www.debate.com.mx\/migracion\/Estados-Unidos-empezara-a-limitar-el-asilo-en-frontera-con-Mexico-20230510-0104.html\"><span class=\"jsx-1461908018 jsx-967615658 jsx-3494058043 jsx-107442624 jsx-1414510715 jsx-1616318092 image fixed\"><img decoding=\"async\" src=\"https:\/\/dimensionturistica.com\/es\/wp-content\/uploads\/2023\/05\/Descubren-camara-dentro-del-bano-de-un-crucero-de-lujo.jpg\" width=\"86\" height=\"86\" alt=\"Estados Unidos empezar\u00e1 a limitar el asilo en frontera con M\u00e9xico (Foto: AP)\" loading=\"lazy\" class=\"jsx-1461908018 jsx-967615658 jsx-3494058043 jsx-107442624 jsx-1414510715 jsx-1616318092\"\/><\/span><\/a><\/figure>\n<\/div>\n<\/article>\n<\/div>\n<\/article>\n<\/div>\n<\/div>\n<\/div>\n<\/div>\n<div class=\"jsx-91c286bdcd2a0da6 block inlinearticle\">\n<div class=\"jsx-dbe07b8fe19ec4e8 jsx-1216219961 jsx-4278618288 jsx-703932321 jsx-2441115801 module\">\n<div class=\"jsx-ef90da8b8e0bb860 jsx-2194053367 layout list\">\n<div class=\"jsx-ef90da8b8e0bb860 jsx-2194053367 item separator last\">\n<article class=\"jsx-ca4d3d46d21b7cb1 jsx-4095431566 jsx-3619686935 jsx-1659469813 card padding\">\n<div class=\"content\">\n<article class=\"jsx-f79d34ee09560528 jsx-4286670103 jsx-3100187946 jsx-1984133207 jsx-1368303918 jsx-2345434191 medium\">\n<div class=\"jsx-f79d34ee09560528 jsx-4286670103 jsx-3100187946 jsx-1984133207 jsx-1368303918 jsx-2345434191 top\">\n<figure class=\"jsx-7bdf2e160f6ed4a9\"><a rel=\"nofollow noopener\" target=\"_blank\" title=\"Estados Unidos espera grandes cifras de arrestos de migrantes en su frontera en los pr\u00f3ximos d\u00edas\u00a0\" href=\"https:\/\/www.debate.com.mx\/migracion\/Estados-Unidos-espera-grandes-cifras-de-arrestos-de-migrantes-en-su-frontera-en-los-proximos-dias-20230510-0198.html\"><span class=\"jsx-1461908018 jsx-967615658 jsx-3494058043 jsx-107442624 jsx-1414510715 jsx-1616318092 image fixed\"><img decoding=\"async\" src=\"https:\/\/dimensionturistica.com\/es\/wp-content\/uploads\/2023\/05\/1683822892_846_Descubren-camara-dentro-del-bano-de-un-crucero-de-lujo.jpg\" width=\"86\" height=\"86\" alt=\"Estados Unidos espera grandes cifras de arrestos de migrantes en su frontera en los pr\u00f3ximos d\u00edas\u00a0 (Foto: AP)\" loading=\"lazy\" class=\"jsx-1461908018 jsx-967615658 jsx-3494058043 jsx-107442624 jsx-1414510715 jsx-1616318092\"\/><\/span><\/a><\/figure>\n<\/div>\n<\/article>\n<\/div>\n<\/article>\n<\/div>\n<\/div>\n<\/div>\n<\/div>\n<div class=\"jsx-91c286bdcd2a0da6 block parragraph\">\n<p class=\"jsx-a57f93fad2105ac9 \">Se cree que los videos grabados son principalmente en los <strong>pasajeros de cruceros<\/strong> entre el 30 de abril y el 1 de mayo de 2023, quienes usaron <strong>los ba\u00f1os del crucero de lujo<\/strong>, uno de los m\u00e1s grandes en todo el mundo.<\/p>\n<\/div>\n<div class=\"jsx-91c286bdcd2a0da6 block parragraph\">\n<p class=\"jsx-a57f93fad2105ac9 \">El descubrimiento de la c\u00e1mara, fue hecho por uno de los pasajeros e inform\u00f3 de inmediato a la <strong>tripulaci\u00f3n,<\/strong> quienes confiscaron el aparato para que agentes de seguridad a bordo inspeccionaron.<\/p>\n<\/div>\n<div class=\"jsx-91c286bdcd2a0da6 block parragraph\">\n<p class=\"jsx-a57f93fad2105ac9 \">En el \u00a0el objeto tecnol\u00f3gico se encontraron grandes cantidades de videos grabados dentro de una tarjeta de memoria, los cuales <strong>inclu\u00edan adultos y ni\u00f1os<\/strong>, seg\u00fan lo informado por The Washington Post.<\/p>\n<\/div>\n<div class=\"jsx-91c286bdcd2a0da6 block parragraph\">\n<p class=\"jsx-a57f93fad2105ac9 \">Seg\u00fan el reporte,<strong> Jeremy Froias<\/strong>, subi\u00f3 al crucero el pasado 29 de abril para un viaje de una semana que iniciaba en<strong>\u00a0Miami <\/strong>y ten\u00eda paradas en distintos puntos del\u00a0Caribe, como\u00a0Saint Maarten, San Juan y las Bahamas.<\/p>\n<\/div>\n<div class=\"jsx-91c286bdcd2a0da6 block parragraph\">\n<p class=\"jsx-a57f93fad2105ac9 \">Las investigaciones indican que<strong> Froias<\/strong>, coloc\u00f3 en uno de los ba\u00f1os principales de la embarcaci\u00f3n una c\u00e1mara Wi-Fi, sobre la puerta de entrada, en una parte del cielorraso que hab\u00eda sido removida por reparaciones.<\/p>\n<\/div>\n<div class=\"jsx-91c286bdcd2a0da6 block parragraph\">\n<p class=\"jsx-a57f93fad2105ac9 \">Las grabaciones muestran primero a\u00a0<strong>Froias<\/strong>\u00a0al momento de <strong>ocultar la c\u00e1mara<\/strong>, y cuando la ajust\u00f3 para que apunte hacia el el inodoro.<\/p>\n<\/div>\n<div class=\"jsx-91c286bdcd2a0da6 block parragraph\">\n<p class=\"jsx-a57f93fad2105ac9 \">\u201cEn primera instancia, se ve a personas entrando al ba\u00f1o para usar el inodoro o para cambiarse o quitarse los trajes de ba\u00f1o.\u00a0<\/p>\n<\/div>\n<div class=\"jsx-91c286bdcd2a0da6 block parragraph\">\n<p class=\"jsx-a57f93fad2105ac9 \">Asimismo,<strong> la c\u00e1mara de\u00a0Froias<\/strong>\u00a0captur\u00f3 a estas personas en varias etapas de desnudez, incluida la captura de videos de sus\u00a0genitales, nalgas y senos femeninos desnudos\u201d, complet\u00f3 el informe, difundido por\u00a0ABC News.<\/p>\n<\/div>\n<div class=\"jsx-91c286bdcd2a0da6 block parragraph\">\n<p class=\"jsx-a57f93fad2105ac9 \">Recibe m\u00e1s noticias de policiaca directo en tu <a rel=\"nofollow noopener\" target=\"_blank\" href=\"https:\/\/chat.whatsapp.com\/CFpx6GOT2ICJsyaPqGzI1M\">WhatsApp<\/a><\/p>\n<\/div>\n<\/div>\n\n<p><em> &#8221; Fuentes www.debate.com.mx &#8221; <\/em><\/p>\n","protected":false},"excerpt":{"rendered":"<p>Un hombre ha sido acusado de colocar una c\u00e1mara en en el ba\u00f1o del crucero de lujo\u00a0Harmony of the Seas, propiedad de\u00a0Royal Caribbean, con la que grab\u00f3 a m\u00e1s de 150 personas, incluidos 40 menores, por lo que el FBI ha intervenido para identificar a las v\u00edctimas. La Divisi\u00f3n de San Juan del FBI busca [&hellip;]<\/p>\n","protected":false},"author":4,"featured_media":532094,"comment_status":"open","ping_status":"closed","sticky":false,"template":"","format":"standard","meta":{"om_disable_all_campaigns":false,"jnews-multi-image_gallery":[],"jnews_single_post":[],"jnews_primary_category":[],"jnews_social_meta":[],"footnotes":""},"categories":[41],"tags":[1363,2453],"class_list":["post-532093","post","type-post","status-publish","format-standard","has-post-thumbnail","hentry","category-cruceros","tag-estados-unidos","tag-florida"],"_links":{"self":[{"href":"https:\/\/dimensionturistica.com\/es\/wp-json\/wp\/v2\/posts\/532093","targetHints":{"allow":["GET"]}}],"collection":[{"href":"https:\/\/dimensionturistica.com\/es\/wp-json\/wp\/v2\/posts"}],"about":[{"href":"https:\/\/dimensionturistica.com\/es\/wp-json\/wp\/v2\/types\/post"}],"author":[{"embeddable":true,"href":"https:\/\/dimensionturistica.com\/es\/wp-json\/wp\/v2\/users\/4"}],"replies":[{"embeddable":true,"href":"https:\/\/dimensionturistica.com\/es\/wp-json\/wp\/v2\/comments?post=532093"}],"version-history":[{"count":0,"href":"https:\/\/dimensionturistica.com\/es\/wp-json\/wp\/v2\/posts\/532093\/revisions"}],"wp:featuredmedia":[{"embeddable":true,"href":"https:\/\/dimensionturistica.com\/es\/wp-json\/wp\/v2\/media\/532094"}],"wp:attachment":[{"href":"https:\/\/dimensionturistica.com\/es\/wp-json\/wp\/v2\/media?parent=532093"}],"wp:term":[{"taxonomy":"category","embeddable":true,"href":"https:\/\/dimensionturistica.com\/es\/wp-json\/wp\/v2\/categories?post=532093"},{"taxonomy":"post_tag","embeddable":true,"href":"https:\/\/dimensionturistica.com\/es\/wp-json\/wp\/v2\/tags?post=532093"}],"curies":[{"name":"wp","href":"https:\/\/api.w.org\/{rel}","templated":true}]}}