{"id":532090,"date":"2023-05-11T16:32:56","date_gmt":"2023-05-11T16:32:56","guid":{"rendered":"https:\/\/dimensionturistica.com\/es\/?p=532090"},"modified":"2023-05-11T16:32:56","modified_gmt":"2023-05-11T16:32:56","slug":"agentes-de-viajes-andaluces-conocen-la-oferta-de-turismo-premium-de-tenerife-2","status":"publish","type":"post","link":"https:\/\/dimensionturistica.com\/es\/agentes-de-viajes-andaluces-conocen-la-oferta-de-turismo-premium-de-tenerife-2\/","title":{"rendered":"Agentes de viajes andaluces conocen la oferta de turismo premium de Tenerife"},"content":{"rendered":"<p> <br \/>\n<\/p>\n<div>\n<p>   SEVILLA, 11 (EUROPA PRESS)<\/p>\n<p>   Tenerife ha mostrado estos d\u00edas su oferta destinada al segmento de turismo premium en un encuentro profesional coorganizado por la Federaci\u00f3n Andaluza de Agencias de Viajes (FAAV) y la empresa p\u00fablica Turismo de Tenerife, basados en sendos &#8216;workshops&#8217; que se han llevado a cabo en Sevilla y M\u00e1laga.<\/p>\n<p>   En los encuentros profesionales, los agentes de viajes han podido conocer la diversidad de instalaciones, servicios y experiencias que ofrece el destino, adem\u00e1s de ocho de sus mejores hoteles y resorts, seg\u00fan ha explicado la FAAV en un comunicado.<\/p>\n<p>   Los hoteles que han acudido a los eventos con los que se han mantenido reuniones de trabajo ha sido Hotel Vincci Selecci\u00f3n La Plantaci\u00f3n del Sur, Hard Rock Hotel Tenerife, Hotel Gran Meli\u00e1 Palacio de Isora, Hotel Jardines de Nivaria, Hotel Bot\u00e1nico, Terrazas de Abama, The Ritz-Carlton Abama y Bah\u00eda del Duque.<\/p>\n<p>   Una delegaci\u00f3n de la isla, que prev\u00e9 una llegada de cerca de 240.000 pasajeros procedentes de Andaluc\u00eda durante el pr\u00f3ximo verano (un 1,5% m\u00e1s que en 2019), ha sido la encargada de mostrar a los profesionales la excelencia de Tenerife y su afinidad con el viajero andaluz que busca un destino exclusivo con una importante oferta patrimonial, cultural, natural, de salud y bienestar o de campos de golf, adem\u00e1s de gastron\u00f3mica, incluyendo restaurantes galardonados con estrellas Michelin.<\/p>\n<p>\n        <button class=\"read-more-btn\" on=\"tap:AMP.setState({ expand:'content-body', hiddenState: true })\"><br \/>\n          Leer m\u00e1s        <\/button>\n      <\/p>\n<\/p><\/div>\n\n<p><em> &#8221; Fuentes www.teleprensa.com &#8221; <\/em><\/p>\n","protected":false},"excerpt":{"rendered":"<p>SEVILLA, 11 (EUROPA PRESS) Tenerife ha mostrado estos d\u00edas su oferta destinada al segmento de turismo premium en un encuentro profesional coorganizado por la Federaci\u00f3n Andaluza de Agencias de Viajes (FAAV) y la empresa p\u00fablica Turismo de Tenerife, basados en sendos &#8216;workshops&#8217; que se han llevado a cabo en Sevilla y M\u00e1laga. En los encuentros [&hellip;]<\/p>\n","protected":false},"author":4,"featured_media":532091,"comment_status":"open","ping_status":"closed","sticky":false,"template":"","format":"standard","meta":{"om_disable_all_campaigns":false,"jnews-multi-image_gallery":[],"jnews_single_post":[],"jnews_primary_category":[],"jnews_social_meta":[],"footnotes":""},"categories":[39],"tags":[2067],"class_list":["post-532090","post","type-post","status-publish","format-standard","has-post-thumbnail","hentry","category-viajes","tag-tenerife"],"_links":{"self":[{"href":"https:\/\/dimensionturistica.com\/es\/wp-json\/wp\/v2\/posts\/532090","targetHints":{"allow":["GET"]}}],"collection":[{"href":"https:\/\/dimensionturistica.com\/es\/wp-json\/wp\/v2\/posts"}],"about":[{"href":"https:\/\/dimensionturistica.com\/es\/wp-json\/wp\/v2\/types\/post"}],"author":[{"embeddable":true,"href":"https:\/\/dimensionturistica.com\/es\/wp-json\/wp\/v2\/users\/4"}],"replies":[{"embeddable":true,"href":"https:\/\/dimensionturistica.com\/es\/wp-json\/wp\/v2\/comments?post=532090"}],"version-history":[{"count":0,"href":"https:\/\/dimensionturistica.com\/es\/wp-json\/wp\/v2\/posts\/532090\/revisions"}],"wp:featuredmedia":[{"embeddable":true,"href":"https:\/\/dimensionturistica.com\/es\/wp-json\/wp\/v2\/media\/532091"}],"wp:attachment":[{"href":"https:\/\/dimensionturistica.com\/es\/wp-json\/wp\/v2\/media?parent=532090"}],"wp:term":[{"taxonomy":"category","embeddable":true,"href":"https:\/\/dimensionturistica.com\/es\/wp-json\/wp\/v2\/categories?post=532090"},{"taxonomy":"post_tag","embeddable":true,"href":"https:\/\/dimensionturistica.com\/es\/wp-json\/wp\/v2\/tags?post=532090"}],"curies":[{"name":"wp","href":"https:\/\/api.w.org\/{rel}","templated":true}]}}