{"id":531867,"date":"2023-05-11T11:13:55","date_gmt":"2023-05-11T11:13:55","guid":{"rendered":"https:\/\/dimensionturistica.com\/es\/?p=531867"},"modified":"2023-05-11T11:13:55","modified_gmt":"2023-05-11T11:13:55","slug":"verde-benidorm-es-uno-de-los-12-proyectos-incluidos-en-el-plan-nacional-de-turismo-2023-y-logra-55-millones-de-financiacion","status":"publish","type":"post","link":"https:\/\/dimensionturistica.com\/es\/verde-benidorm-es-uno-de-los-12-proyectos-incluidos-en-el-plan-nacional-de-turismo-2023-y-logra-55-millones-de-financiacion\/","title":{"rendered":"\u2018Verde Benidorm\u2019 es uno de los 12 proyectos incluidos en el Plan Nacional de Turismo 2023 y logra 5,5 millones de financiaci\u00f3n"},"content":{"rendered":"<p> <br \/>\n<\/p>\n<div>\n<p>El proyecto \u2018Verde Benidorm 2024-2026\u2019 es uno de los 12 proyectos de toda Espa\u00f1a incluido en el Plan Nacional de Turismo 2023 lanzado por el Ministerio de Industria, Comercio y Turismo, cuya convocatoria se ha resuelto esta misma semana. El alcalde, Toni P\u00e9rez, ha informado que \u201cpara el desarrollo de este proyecto el Ayuntamiento ha obtenido 5,5 millones de euros de financiaci\u00f3n procedente de fondos Next Generation con los que se ejecutar\u00e1n 16 actuaciones para lograr un Benidorm m\u00e1s sostenible y digital que avance en eficiencia energ\u00e9tica y contra el cambio clim\u00e1tico y que siga apostando por la protecci\u00f3n del territorio\u201d.\u00a0<\/p>\n<p>Toni P\u00e9rez ha indicado que \u201cseg\u00fan se traslad\u00f3 desde el propio Ministerio, la prioridad del Plan Nacional de Turismo de este a\u00f1o era los destinos de Sol y Playa y el Turismo Azul, y estaba principalmente enfocado a reconocer la contribuci\u00f3n, peso y relevancia de los destinos pioneros impulsando su modernizaci\u00f3n\u201d.<\/p>\n<p>\u201cHablamos, por tanto, de destinos como Benidorm, que hace ya m\u00e1s de cinco d\u00e9cadas apost\u00f3 decididamente por el turismo como principal actividad y abri\u00f3 una senda a muchos otros enclaves de sol y playa\u201d.\u00a0<\/p>\n<p>El alcalde ha se\u00f1alado que \u201ccomo ya anticipamos en marzo, cuando presentamos la primera versi\u00f3n del proyecto, \u2018Verde Benidorm\u2019 se articula en cuatro ejes que pivotan en la sostenibilidad ambiental, en la mejora de eficiencia energ\u00e9tica, la transici\u00f3n digital y la competitividad; e incluye actuaciones que ya han generado expectaci\u00f3n como la configuraci\u00f3n de una duna vegetada en la playa o la construcci\u00f3n de una zona de acampada y multiaventura en el Parque de la S\u00e9quia Mare\u201d.\u00a0<\/p>\n<p>El proyecto, confeccionado por los t\u00e9cnicos municipales con el apoyo de socios estrat\u00e9gicos como Visit Benidorm o Inteligencia Tur\u00edstica, da continuidad \u201ca las acciones emprendidas en los Planes de Sostenibilidad Tur\u00edstica \u2018Benidorm DTI + Seguro\u2019 y \u2018Visi\u00f3n 360\u2019, para los que ya obtuvimos financiaci\u00f3n y que est\u00e1n en v\u00edas de desarrollo y ejecuci\u00f3n, y en diferentes planes sectoriales tambi\u00e9n impulsados por el Ayuntamiento como el Plan de Acci\u00f3n frente al Cambio Clim\u00e1tico o el Plan de Movilidad El\u00e9ctrica, en cuya implantaci\u00f3n vamos a poder avanzar ahora gracias a estos 5,5 millones de euros de fondos Next Generation\u201d.<\/p>\n<p>En definitiva, \u201cnos va a permitir avanzar en los objetivos que nos marcamos en 2015 para conseguir multiplicar nuestra capacidad para diversificar el mercado tur\u00edstico, contando con una ciudad y un destino m\u00e1s verde, resiliente frente al cambio clim\u00e1tico, con mayores est\u00e1ndares de calidad de vida y en el que d\u00eda a d\u00eda se gane en sostenibilidad econ\u00f3mica, ambiental y social\u201d.\u00a0<\/p>\n<p>Toni P\u00e9rez ha destacado que la inclusi\u00f3n de Benidorm en este Plan Nacional de Turismo Azul\/Sol y Playa \u201cviene a reconocer la importancia de un destino que siempre ha sido pionero, que ha sabido adaptarse a las nuevas necesidades y realidades manteniendo siempre la esencia con la que naci\u00f3: generar felicidad en los millones de turistas que nos visitan cada a\u00f1o y hacerlo siempre desde el respeto absoluto a nuestro privilegiado entorno\u201d.<\/p>\n<p><strong>Actuaciones propuestas en \u2018Verde Benidorm\u2019<\/strong><\/p>\n<p>\u2018Verde Benidorm\u2019 se estructura en cuatro ejes. En el primero, el de Transici\u00f3n Verde se plantean dos proyectos por importe total de 933.271,22 euros: el desarrollo de actuaciones de gesti\u00f3n de uso p\u00fablico en el espacio natural del parque del Moralet -452.168,33 euros- y la protecci\u00f3n de playa frente al cambio clim\u00e1tico con una duna vegetada -481.102,89 euros-.<\/p>\n<p>El Eje 2 es el segundo m\u00e1s cuantioso, con una inversi\u00f3n de 1.913.495,18 euros, y prev\u00e9 tres actuaciones: desarrollo del Plan de Movilidad El\u00e9ctrica de Benidorm (MOVELE) \u2013con 596.841,11 euros-, implantaci\u00f3n de instalaci\u00f3n fotovoltaica en aparcamiento disuasorio -633.009,30 euros-, y rehabilitaci\u00f3n de alumbrado ornamental de las columnas \u2018Andrea\u2019 en el Paseo de Levante -683.644,77 euros-.<\/p>\n<p>El Eje 3, el dedicado a Transici\u00f3n Digital, propone una inversi\u00f3n de 564.487,44 euros para cuatro proyectos: cuaderno de viajero digital y tecnolog\u00edas de realidad inmersiva aumentada en la oficina de turismo dando un paso m\u00e1s de \u2018Benidorm Land\u2019 -76.019,11 euros-; gemelo digital DTI para el c\u00e1lculo de la poblaci\u00f3n flotante -133.888,22 euros-; plataformas para la gesti\u00f3n y comunicaci\u00f3n de emergencias -235.159,17 euros-; y sistema de inteligencia par\u00e1metros ambientales sector hotelero destino -119.420,94 euros-.<\/p>\n<p>Por \u00faltimo, el Eje 4 es el que recoge mayor inversi\u00f3n, 2.088.746,16 euros. En este apartado se ha incluido la rehabilitaci\u00f3n de las oficinas de turismo en el centro municipal El Torrej\u00f3 -343.663,75 euros-; la construcci\u00f3n de zona de acampada y multiaventura en el Parque de la S\u00e9quia Mare -741.513,88 euros-; creaci\u00f3n de nueva oferta tur\u00edstica \u2018care lab\u2019 -256.860,08 euros-; certificaci\u00f3n y formaci\u00f3n en sostenibilidad -44.408,11 euros-; oficina t\u00e9cnica de gesti\u00f3n del plan -217.514,73 euros-; mejora de calidad del destino mediante plan operativo avance ODS -90.486,39 euros-; y aparcamientos disuasorios y reordenaci\u00f3n del flujo circulatorio -394.299,22 euros-. \u00a0<\/p>\n<\/div>\n\n<p><em> &#8221; Fuentes benidorm.org &#8221; <\/em><\/p>\n","protected":false},"excerpt":{"rendered":"<p>El proyecto \u2018Verde Benidorm 2024-2026\u2019 es uno de los 12 proyectos de toda Espa\u00f1a incluido en el Plan Nacional de Turismo 2023 lanzado por el Ministerio de Industria, Comercio y Turismo, cuya convocatoria se ha resuelto esta misma semana. El alcalde, Toni P\u00e9rez, ha informado que \u201cpara el desarrollo de este proyecto el Ayuntamiento ha [&hellip;]<\/p>\n","protected":false},"author":4,"featured_media":531868,"comment_status":"open","ping_status":"closed","sticky":false,"template":"","format":"standard","meta":{"om_disable_all_campaigns":false,"jnews-multi-image_gallery":[],"jnews_single_post":[],"jnews_primary_category":[],"jnews_social_meta":[],"footnotes":""},"categories":[40],"tags":[2147,14773,67516],"class_list":["post-531867","post","type-post","status-publish","format-standard","has-post-thumbnail","hentry","category-industria","tag-alcaldia","tag-fondos-feder","tag-verde-benidorm"],"_links":{"self":[{"href":"https:\/\/dimensionturistica.com\/es\/wp-json\/wp\/v2\/posts\/531867","targetHints":{"allow":["GET"]}}],"collection":[{"href":"https:\/\/dimensionturistica.com\/es\/wp-json\/wp\/v2\/posts"}],"about":[{"href":"https:\/\/dimensionturistica.com\/es\/wp-json\/wp\/v2\/types\/post"}],"author":[{"embeddable":true,"href":"https:\/\/dimensionturistica.com\/es\/wp-json\/wp\/v2\/users\/4"}],"replies":[{"embeddable":true,"href":"https:\/\/dimensionturistica.com\/es\/wp-json\/wp\/v2\/comments?post=531867"}],"version-history":[{"count":0,"href":"https:\/\/dimensionturistica.com\/es\/wp-json\/wp\/v2\/posts\/531867\/revisions"}],"wp:featuredmedia":[{"embeddable":true,"href":"https:\/\/dimensionturistica.com\/es\/wp-json\/wp\/v2\/media\/531868"}],"wp:attachment":[{"href":"https:\/\/dimensionturistica.com\/es\/wp-json\/wp\/v2\/media?parent=531867"}],"wp:term":[{"taxonomy":"category","embeddable":true,"href":"https:\/\/dimensionturistica.com\/es\/wp-json\/wp\/v2\/categories?post=531867"},{"taxonomy":"post_tag","embeddable":true,"href":"https:\/\/dimensionturistica.com\/es\/wp-json\/wp\/v2\/tags?post=531867"}],"curies":[{"name":"wp","href":"https:\/\/api.w.org\/{rel}","templated":true}]}}