{"id":531850,"date":"2023-05-11T10:49:50","date_gmt":"2023-05-11T10:49:50","guid":{"rendered":"https:\/\/dimensionturistica.com\/es\/?p=531850"},"modified":"2023-05-11T10:49:50","modified_gmt":"2023-05-11T10:49:50","slug":"el-bus-del-vino-retoma-sus-salidas-el-proximo-sabado-con-una-visita-a-la-ruta","status":"publish","type":"post","link":"https:\/\/dimensionturistica.com\/es\/el-bus-del-vino-retoma-sus-salidas-el-proximo-sabado-con-una-visita-a-la-ruta\/","title":{"rendered":"El bus del vino retoma sus salidas el pr\u00f3ximo s\u00e1bado con una visita a la ruta&#8230;"},"content":{"rendered":"<p> <br \/>\n<\/p>\n<div>\n<p>\u00a0<\/p>\n<h2>Las salidas, que por primera vez partir\u00e1n de la ciudad de Alicante, se pueden reservar en\u00a0<a rel=\"nofollow noopener\" target=\"_blank\" href=\"https:\/\/eur05.safelinks.protection.outlook.com\/?url=https%3A%2F%2Fwww.turismoregiondemurcia.es%2F&amp;data=05%7C01%7Cmedios_regionales%40listas.carm.es%7C16c91c80de2f4d3f00a108db520c91a3%7Ca88b9f941a954624b67a855d708276bb%7C0%7C0%7C638193986445083477%7CUnknown%7CTWFpbGZsb3d8eyJWIjoiMC4wLjAwMDAiLCJQIjoiV2luMzIiLCJBTiI6Ik1haWwiLCJXVCI6Mn0%3D%7C3000%7C%7C%7C&amp;sdata=f1WcIGIfeYfcmaQ2nrbcaFpJFSEuvEOcLjaudfvzyKc%3D&amp;reserved=0\">www.turismoregiondemurcia.es<\/a>\u00a0y en agencias de viaje\u00a0<\/h2>\n<p>\u00a0<\/p>\n<p>Bajo el eslogan \u2018En busca de lo divino\u2019,\u00a0el bus del vino de la Regi\u00f3n de Murcia retoma sus excursiones a las rutas enotur\u00edsticas de Bullas, Jumilla y Yecla el pr\u00f3ximo s\u00e1bado, 13 de mayo.\u00a0\u00a0<\/p>\n<p>Como novedad, este a\u00f1o todas las salidas se realizar\u00e1n desde la Plaza del Mar de Alicante y cada viajero podr\u00e1 elegir hasta ocho itinerarios diferentes. Las excursiones se llevar\u00e1n a cabo en s\u00e1bado. Las programadas por la Ruta del Vino de Bullas ser\u00e1n los d\u00edas 13 de mayo y 3 de junio; la de la Ruta del Vino de Jumilla tendr\u00e1 lugar el s\u00e1bado 20 de mayo; y las de las Rutas del Vino de Yecla, el 27 de mayo y el 17 de junio.\u00a0<\/p>\n<p>La actividad cuesta 64 euros por participante e incluye transporte en autob\u00fas, seguro de viaje, visitas guiadas, cata de vino en bodegas y comida en restaurantes asociados a las Rutas del Vino. Las reservas se pueden realizar en\u00a0<a rel=\"nofollow noopener\" target=\"_blank\" href=\"https:\/\/eur05.safelinks.protection.outlook.com\/?url=https%3A%2F%2Fwww.turismoregiondemurcia.es%2F&amp;data=05%7C01%7Cmedios_regionales%40listas.carm.es%7C16c91c80de2f4d3f00a108db520c91a3%7Ca88b9f941a954624b67a855d708276bb%7C0%7C0%7C638193986445083477%7CUnknown%7CTWFpbGZsb3d8eyJWIjoiMC4wLjAwMDAiLCJQIjoiV2luMzIiLCJBTiI6Ik1haWwiLCJXVCI6Mn0%3D%7C3000%7C%7C%7C&amp;sdata=f1WcIGIfeYfcmaQ2nrbcaFpJFSEuvEOcLjaudfvzyKc%3D&amp;reserved=0\">www.turismoregiondemurcia.es<\/a>, en el tel\u00e9fono 968\u00a0078 958\u00a0y en agencias de viaje.\u00a0<\/p>\n<p>El bus del vino es una propuesta de enoturismo que puso en marcha el Instituto de Turismo de la Regi\u00f3n de Murcia (Itrem) en 2018, en colaboraci\u00f3n con las tres Rutas del Vino -Jumilla, Yecla y Bullas-, como destino de un viaje \u00fanico con el vino como eje central, a trav\u00e9s de varias salidas con experiencias diferentes, que unen cultura, naturaleza, tradici\u00f3n, gastronom\u00eda, paisaje y los caldos regionales.\u00a0<\/p>\n<p>La Regi\u00f3n de Murcia cuenta con m\u00e1s de 35.000 hect\u00e1reas de vi\u00f1edos y es la \u00fanica comunidad uniprovincial de Espa\u00f1a con tres vinos con D.O.P. (Bullas, Jumilla y Yecla) y con tres Rutas del Vino certificadas por la Asociaci\u00f3n Espa\u00f1ola de Ciudades del Vino (Acevin). Adem\u00e1s, la Regi\u00f3n es, a trav\u00e9s del Itrem, socio activo del Club de producto enotur\u00edstico Rutas del Vino de Espa\u00f1a y la Ruta del Vino de Jumilla forma en la actualidad parte de su junta directiva.\u00a0<\/p>\n<p>\n        <button class=\"read-more-btn\" on=\"tap:AMP.setState({ expand:'content-body', hiddenState: true })\"><br \/>\n          Leer m\u00e1s        <\/button>\n      <\/p>\n<\/p><\/div>\n\n<p><em> &#8221; Fuentes www.cartagenaactualidad.com &#8221; <\/em><\/p>\n","protected":false},"excerpt":{"rendered":"<p>\u00a0 Las salidas, que por primera vez partir\u00e1n de la ciudad de Alicante, se pueden reservar en\u00a0www.turismoregiondemurcia.es\u00a0y en agencias de viaje\u00a0 \u00a0 Bajo el eslogan \u2018En busca de lo divino\u2019,\u00a0el bus del vino de la Regi\u00f3n de Murcia retoma sus excursiones a las rutas enotur\u00edsticas de Bullas, Jumilla y Yecla el pr\u00f3ximo s\u00e1bado, 13 de [&hellip;]<\/p>\n","protected":false},"author":4,"featured_media":531851,"comment_status":"open","ping_status":"closed","sticky":false,"template":"","format":"standard","meta":{"om_disable_all_campaigns":false,"jnews-multi-image_gallery":[],"jnews_single_post":[],"jnews_primary_category":[],"jnews_social_meta":[],"footnotes":""},"categories":[40],"tags":[1604],"class_list":["post-531850","post","type-post","status-publish","format-standard","has-post-thumbnail","hentry","category-industria","tag-region"],"_links":{"self":[{"href":"https:\/\/dimensionturistica.com\/es\/wp-json\/wp\/v2\/posts\/531850","targetHints":{"allow":["GET"]}}],"collection":[{"href":"https:\/\/dimensionturistica.com\/es\/wp-json\/wp\/v2\/posts"}],"about":[{"href":"https:\/\/dimensionturistica.com\/es\/wp-json\/wp\/v2\/types\/post"}],"author":[{"embeddable":true,"href":"https:\/\/dimensionturistica.com\/es\/wp-json\/wp\/v2\/users\/4"}],"replies":[{"embeddable":true,"href":"https:\/\/dimensionturistica.com\/es\/wp-json\/wp\/v2\/comments?post=531850"}],"version-history":[{"count":0,"href":"https:\/\/dimensionturistica.com\/es\/wp-json\/wp\/v2\/posts\/531850\/revisions"}],"wp:featuredmedia":[{"embeddable":true,"href":"https:\/\/dimensionturistica.com\/es\/wp-json\/wp\/v2\/media\/531851"}],"wp:attachment":[{"href":"https:\/\/dimensionturistica.com\/es\/wp-json\/wp\/v2\/media?parent=531850"}],"wp:term":[{"taxonomy":"category","embeddable":true,"href":"https:\/\/dimensionturistica.com\/es\/wp-json\/wp\/v2\/categories?post=531850"},{"taxonomy":"post_tag","embeddable":true,"href":"https:\/\/dimensionturistica.com\/es\/wp-json\/wp\/v2\/tags?post=531850"}],"curies":[{"name":"wp","href":"https:\/\/api.w.org\/{rel}","templated":true}]}}