{"id":531189,"date":"2023-05-10T16:13:49","date_gmt":"2023-05-10T16:13:49","guid":{"rendered":"https:\/\/dimensionturistica.com\/es\/?p=531189"},"modified":"2023-05-10T16:13:49","modified_gmt":"2023-05-10T16:13:49","slug":"el-sector-turistico-exige-cambiar-el-registro-de-viajeros-del-ministerio-del-interior","status":"publish","type":"post","link":"https:\/\/dimensionturistica.com\/es\/el-sector-turistico-exige-cambiar-el-registro-de-viajeros-del-ministerio-del-interior\/","title":{"rendered":"El sector tur\u00edstico exige cambiar el Registro de Viajeros del Ministerio del Interior"},"content":{"rendered":"<p> <br \/>\n<\/p>\n<div>\n<article class=\"article-photo \"><amp-img alt=\"Un momento de la comisi\u00f3n de Turismo celebrada esta ma\u00f1ana en Alicante.\" src=\"https:\/\/estaticos-cdn.prensaiberica.es\/clip\/93e67d27-b554-4534-a8e7-6bbbd8134c89_16-9-discover-aspect-ratio_default_0.jpg\" width=\"1200\" height=\"675\" layout=\"responsive\"\/><\/p>\n<p class=\"article-photo__footer\"><em>El sector tur\u00edstico exige cambiar el Registro de Viajeros del Ministerio del Interior<\/em><span>Informaci\u00f3n<\/span><\/p>\n<\/article>\n<p class=\"article-body__text  1\"><strong>La Comisi\u00f3n de Turismo de la Confederaci\u00f3n Empresarial de la Comunidad Valenciana (CEV)<\/strong>, reunida hoy en <strong>Alicante<\/strong>, ha acordado de forma <strong>un\u00e1nime<\/strong> solicitar al Gobierno de Espa\u00f1a y en concreto al<strong> Ministerio del Interior y al de Turismo<\/strong>, la modificaci\u00f3n del Real Decreto 933\/2021 que regula el<strong> registro de entrada de viajeros<\/strong> y que afecta especialmente a las <strong>agencias de viajes, hoteles y empresas de alquiler de coches.<\/strong> La norma ya est\u00e1 en vigor y se aprob\u00f3 pese a la oposici\u00f3n de los empresarios tur\u00edsticos afectados, que alertan de que se van a ver obligados a recoger muchos datos sensibles de sus clientes, enfrent\u00e1ndose a la amenaza de sanciones en caso de que lo incumplan.\n<\/p>\n<article class=\"article-related-news\">\n<h3 class=\"article-related-news__title\">Relacionadas<\/h3>\n<\/article>\n<p class=\"article-body__text 1 \">\n    Seg\u00fan esta normativa, publicada en el <strong>Bolet\u00edn Oficial del Estado<\/strong> y en vigor, todas estas empresas estar\u00e1n obligadas a comunicar a las Fuerzas y Cuerpos de Seguridad del Estado <strong>decenas de datos sensibles de los clientes,<\/strong> como son los datos de las tarjetas bancarias y de las transacciones de pago, as\u00ed como otros datos econ\u00f3micos, datos de movilidad y GPS de veh\u00edculos o n\u00fameros de tel\u00e9fono o<strong> datos de filiaci\u00f3n<\/strong> o relaci\u00f3n de parentesco entre las personas que realizan una reserva de hotel o se alojan en uno de ellos.\n<\/p>\n<p class=\"article-body__text 1 \">\n    Asimismo, esta normativa hace responsable a las empresas tur\u00edsticas de la veracidad de los datos aportados y contempla un <strong>estricto r\u00e9gimen sancionador con multas de hasta 30.000 euros<\/strong>. No obstante, hasta ahora la aplicaci\u00f3n pr\u00e1ctica de este RD est\u00e1 siendo muy limitada porque la <strong>plataforma digital<\/strong> del Ministerio habilitada para ello no funciona correctamente y hace inviable la transmisi\u00f3n de esta informaci\u00f3n.\n<\/p>\n<p class=\"article-body__text 1 \">\n    Por ello, la CEV reclama la <strong>modificaci\u00f3n urgente<\/strong> de esta norma, en l\u00ednea con el trabajo que se est\u00e1 haciendo desde el<strong> Consejo de Turismo de la CEOE.<\/strong> De hecho, la directora del Departamento de Turismo de la CEOE<strong>, Inmaculada Benito<\/strong>, ha participado en la reuni\u00f3n exponiendo el trabajo realizado por su equipo en este sentido.\n<\/p>\n<p class=\"article-body__text 1 \">\n    Desde el sector empresarial se recalca que la seguridad es una prioridad estrat\u00e9gica para todos, pero que <strong>debe limitarse al control de los datos que aparecen en DNI o pasaporte,<\/strong> siendo inviable t\u00e9cnica y jur\u00eddicamente la aportaci\u00f3n del resto de los datos. Espa\u00f1a es el \u00fanico pa\u00eds de la Uni\u00f3n Europea que hace este tr\u00e1mite, y los servicios jur\u00eddicos est\u00e1n estudiando si esta normativa<strong> puede incumplir e invadir la normativa europea <\/strong>en materia de servicios de pago, protecci\u00f3n de datos personales y libre circulaci\u00f3n de personas.\n<\/p>\n<p class=\"article-body__text 1 \">\n    Tal y como han manifestado varios de los representantes de la CEV en la reuni\u00f3n, lo m\u00e1s productivo es<strong> vigilar la seguridad y la identificaci\u00f3n de viajeros<\/strong> de aquellas modalidades de alojamiento en los que ahora mismo se escapan, como una<strong> gran parte de las viviendas tur\u00edsticas<\/strong>.\n<\/p>\n<p class=\"article-body__text 1 \">\n    Por ello, desde CEV se remitir\u00e1 escrito a ambos ministerios solicitando la<strong> modificaci\u00f3n urgente del Real Decreto<\/strong>, limitando la comunicaci\u00f3n de datos a lo que se recojan en los DNIs y pasaportes, y eximiendo de ninguna obligaci\u00f3n de comunicaci\u00f3n a las agencias de viaje sobre las reservas efectuadas por sus clientes.\u00a0\n<\/p>\n<p class=\"article-body__text 1 \">\n    Por \u00faltimo, la Comisi\u00f3n ha urgido a las Administraciones P\u00fablicas competentes a<strong> ejecutar los proyectos pendientes en materia de infraestructuras<\/strong>, especialmente en cuanto a la ampliaci\u00f3n de los aeropuertos de Alicante y Valencia, y los proyectos en carreteras que alivien las aglomeraciones que se producen en nuestro territorio. &#8220;Es trascendental para la Comunitat Valenciana y el momento y los partidos pol\u00edticos deben tenerlo en cuenta en sus programas ante las pr\u00f3ximas elecciones auton\u00f3micas y estatales&#8221;, se\u00f1alarom.\u00a0\n<\/p>\n<\/div>\n\n<p><em> &#8221; Fuentes www.informacion.es &#8221; <\/em><\/p>\n","protected":false},"excerpt":{"rendered":"<p>El sector tur\u00edstico exige cambiar el Registro de Viajeros del Ministerio del InteriorInformaci\u00f3n La Comisi\u00f3n de Turismo de la Confederaci\u00f3n Empresarial de la Comunidad Valenciana (CEV), reunida hoy en Alicante, ha acordado de forma un\u00e1nime solicitar al Gobierno de Espa\u00f1a y en concreto al Ministerio del Interior y al de Turismo, la modificaci\u00f3n del Real [&hellip;]<\/p>\n","protected":false},"author":4,"featured_media":531190,"comment_status":"open","ping_status":"closed","sticky":false,"template":"","format":"standard","meta":{"om_disable_all_campaigns":false,"jnews-multi-image_gallery":[],"jnews_single_post":[],"jnews_primary_category":[],"jnews_social_meta":[],"footnotes":""},"categories":[40],"tags":[1338,14932,634,13183,7035,7435,1809,986,3166,544,1548,1298],"class_list":["post-531189","post","type-post","status-publish","format-standard","has-post-thumbnail","hentry","category-industria","tag-cambiar","tag-cev","tag-empresas","tag-exige","tag-ministerio-del-interior","tag-registro","tag-sector","tag-seguridad","tag-trabajo","tag-turismo","tag-turistico","tag-viajeros"],"_links":{"self":[{"href":"https:\/\/dimensionturistica.com\/es\/wp-json\/wp\/v2\/posts\/531189","targetHints":{"allow":["GET"]}}],"collection":[{"href":"https:\/\/dimensionturistica.com\/es\/wp-json\/wp\/v2\/posts"}],"about":[{"href":"https:\/\/dimensionturistica.com\/es\/wp-json\/wp\/v2\/types\/post"}],"author":[{"embeddable":true,"href":"https:\/\/dimensionturistica.com\/es\/wp-json\/wp\/v2\/users\/4"}],"replies":[{"embeddable":true,"href":"https:\/\/dimensionturistica.com\/es\/wp-json\/wp\/v2\/comments?post=531189"}],"version-history":[{"count":0,"href":"https:\/\/dimensionturistica.com\/es\/wp-json\/wp\/v2\/posts\/531189\/revisions"}],"wp:featuredmedia":[{"embeddable":true,"href":"https:\/\/dimensionturistica.com\/es\/wp-json\/wp\/v2\/media\/531190"}],"wp:attachment":[{"href":"https:\/\/dimensionturistica.com\/es\/wp-json\/wp\/v2\/media?parent=531189"}],"wp:term":[{"taxonomy":"category","embeddable":true,"href":"https:\/\/dimensionturistica.com\/es\/wp-json\/wp\/v2\/categories?post=531189"},{"taxonomy":"post_tag","embeddable":true,"href":"https:\/\/dimensionturistica.com\/es\/wp-json\/wp\/v2\/tags?post=531189"}],"curies":[{"name":"wp","href":"https:\/\/api.w.org\/{rel}","templated":true}]}}