{"id":530622,"date":"2023-05-09T22:11:30","date_gmt":"2023-05-09T22:11:30","guid":{"rendered":"https:\/\/dimensionturistica.com\/es\/?p=530622"},"modified":"2023-05-09T22:11:30","modified_gmt":"2023-05-09T22:11:30","slug":"tui-ha-llegado-el-fin-de-los-vuelos-de-bajo-coste-como-los-conocemos","status":"publish","type":"post","link":"https:\/\/dimensionturistica.com\/es\/tui-ha-llegado-el-fin-de-los-vuelos-de-bajo-coste-como-los-conocemos\/","title":{"rendered":"TUI: &#8216;Ha llegado el fin de los vuelos de bajo coste como los conocemos&#8217;"},"content":{"rendered":"<p> <br \/>\n<\/p>\n<div>\n<p>El precio de los viajes a\u00e9reos se disparar\u00e1 este a\u00f1o en todo el mundo, lo que significar\u00e1 el fin de los viajes de bajo coste, tal y como los conocemos, seg\u00fan varios en la industria. Una vez levantada la mayor\u00eda de las restricciones de viaje relacionadas con la pandemia de Covid-19 en pr\u00e1cticamente todos los continentes, la demanda a\u00e9rea volver\u00e1 a dispararse este a\u00f1o en la mayor\u00eda de las rutas a los niveles de 2019, previos a la crisis, seg\u00fan la Organizaci\u00f3n de Aviaci\u00f3n Civil Internacional (OACI), agencia para la aviaci\u00f3n de Naciones Unidas. Ello presionar\u00e1 los precios e incidir\u00e1 disparando las tarifas a\u00e9reas. El precio de los viajes a\u00e9reos tambi\u00e9n se disparar\u00e1 este a\u00f1o, lo que significar\u00e1 el final de los viajes de bajo coste, tal y como los conocemos.<\/p>\n<\/div>\n<div>\n<p>Seg\u00fan el turoperador TUI Group, las ofertas de \u00faltima hora y los billetes de avi\u00f3n baratos ya son historia. Los altos precios del combustible, junto con la creciente demanda que supera la oferta, han hecho que los viajes de vacaciones de larga distancia sean m\u00e1s costosos, advirti\u00f3 el director ejecutivo del grupo de viajes, citado por <a rel=\"nofollow noopener\" target=\"_blank\" href=\"https:\/\/eturbonews.com\/\">ETN<\/a>.<\/p>\n<blockquote>\n<p>\u201cEn 2023 no habr\u00e1 un &#8216;verano de \u00faltima hora&#8217; como antes. Al contrario: poco antes de la salida, los precios tender\u00e1n a ser m\u00e1s altos que bajos, porque los hoteleros y las aerol\u00edneas saben que todav\u00eda hay muchas reservas con poca antelaci\u00f3n. Las negociaciones espont\u00e1neas ser\u00e1n la excepci\u00f3n absoluta. Reservar con anticipaci\u00f3n brinda opciones y buenos precios\u201d, dijo el CEO de TUI Group, Sebastian Ebel<\/p>\n<\/blockquote>\n<p>&#8220;Ya no existir\u00e1n vuelos econ\u00f3micos que cuesten menos de 50 euros&#8221;, reiter\u00f3 Ebel.<\/p>\n<div class=\"wysiwyg-photo\"><img decoding=\"async\" title=\"\" src=\"https:\/\/static.hosteltur.com\/app\/public\/uploads\/img\/articles\/2023\/05\/09\/L_205059_o-073446-tuifly.jpg\" alt=\"\" data-id=\"246237\"\/>  <\/div>\n<blockquote>\n<p>Sin embargo, el primero hacer un vaticinio similar fue el pol\u00e9mico Michael O&#8217;Leary, ahora CEO del Grupo Ryanair, pero antes CEO de la aerol\u00ednea irlandesa Ryanair, primera operadora low cost y de Europa, toda una autoridad en el tema<\/p>\n<\/blockquote>\n<p>En julio del a\u00f1o pasado, el pionero del modelo a\u00e9reo de bajo coste en Europa aseguraba que los precios subir\u00e1n durante los pr\u00f3ximos cinco a\u00f1os, a medida que los crecientes costes del combustible y los impuestos ambientales ejerzan presi\u00f3n. Entonces, consider\u00f3 que los pasajes de avi\u00f3n son \u201cdemasiado baratos\u201d y, en muchas rutas, inferiores a los de hace una d\u00e9cada.<\/p>\n<blockquote>\n<p>&#8211; <a rel=\"nofollow noopener\" target=\"_blank\" href=\"https:\/\/www.hosteltur.com\/152332_michael-oleary-la-era-de-los-vuelos-low-cost-ha-terminado.html\">Michael O\u2019Leary: \u201cLa era de los vuelos low cost ha terminado\u201d<\/a><\/p>\n<\/blockquote>\n<p>El verano pasado, el precio del combustible para aviones se dispar\u00f3 a m\u00e1s de 175 $ el barril debido a una crisis energ\u00e9tica internacional que tuvo su primer cap\u00edtulo tras la invasi\u00f3n rusa de Ucrania, que duplic\u00f3 los precios del carburante y, posteriormente, por las repercusiones de la inflaci\u00f3n, el incremento lleg\u00f3 al 80%.<\/p>\n<p>Desde entonces, los costes del combustible para aviones han disminuido en l\u00ednea con los precios del crudo, pero a\u00fan se mantienen a largo plazo por encima de su promedio.<\/p>\n<blockquote>\n<p>Seg\u00fan los datos de la industria de viajes publicados en marzo de este a\u00f1o, la cantidad gastada en vacaciones y viajes a\u00e9reos se dispar\u00f3 un 19% y un 34%, respectivamente, desde hace apenas un a\u00f1o<\/p>\n<\/blockquote>\n<\/div>\n\n<p><em> &#8221; Fuentes www.hosteltur.com &#8221; <\/em><\/p>\n","protected":false},"excerpt":{"rendered":"<p>El precio de los viajes a\u00e9reos se disparar\u00e1 este a\u00f1o en todo el mundo, lo que significar\u00e1 el fin de los viajes de bajo coste, tal y como los conocemos, seg\u00fan varios en la industria. Una vez levantada la mayor\u00eda de las restricciones de viaje relacionadas con la pandemia de Covid-19 en pr\u00e1cticamente todos los [&hellip;]<\/p>\n","protected":false},"author":4,"featured_media":530623,"comment_status":"open","ping_status":"closed","sticky":false,"template":"","format":"standard","meta":{"om_disable_all_campaigns":false,"jnews-multi-image_gallery":[],"jnews_single_post":[],"jnews_primary_category":[],"jnews_social_meta":[],"footnotes":""},"categories":[39],"tags":[1555],"class_list":["post-530622","post","type-post","status-publish","format-standard","has-post-thumbnail","hentry","category-viajes","tag-transportes"],"_links":{"self":[{"href":"https:\/\/dimensionturistica.com\/es\/wp-json\/wp\/v2\/posts\/530622","targetHints":{"allow":["GET"]}}],"collection":[{"href":"https:\/\/dimensionturistica.com\/es\/wp-json\/wp\/v2\/posts"}],"about":[{"href":"https:\/\/dimensionturistica.com\/es\/wp-json\/wp\/v2\/types\/post"}],"author":[{"embeddable":true,"href":"https:\/\/dimensionturistica.com\/es\/wp-json\/wp\/v2\/users\/4"}],"replies":[{"embeddable":true,"href":"https:\/\/dimensionturistica.com\/es\/wp-json\/wp\/v2\/comments?post=530622"}],"version-history":[{"count":0,"href":"https:\/\/dimensionturistica.com\/es\/wp-json\/wp\/v2\/posts\/530622\/revisions"}],"wp:featuredmedia":[{"embeddable":true,"href":"https:\/\/dimensionturistica.com\/es\/wp-json\/wp\/v2\/media\/530623"}],"wp:attachment":[{"href":"https:\/\/dimensionturistica.com\/es\/wp-json\/wp\/v2\/media?parent=530622"}],"wp:term":[{"taxonomy":"category","embeddable":true,"href":"https:\/\/dimensionturistica.com\/es\/wp-json\/wp\/v2\/categories?post=530622"},{"taxonomy":"post_tag","embeddable":true,"href":"https:\/\/dimensionturistica.com\/es\/wp-json\/wp\/v2\/tags?post=530622"}],"curies":[{"name":"wp","href":"https:\/\/api.w.org\/{rel}","templated":true}]}}