{"id":530156,"date":"2023-05-09T12:24:25","date_gmt":"2023-05-09T12:24:25","guid":{"rendered":"https:\/\/dimensionturistica.com\/es\/?p=530156"},"modified":"2023-05-09T12:24:25","modified_gmt":"2023-05-09T12:24:25","slug":"viaja-con-machin-castillo-de-almodovar-del-rio-cordoba","status":"publish","type":"post","link":"https:\/\/dimensionturistica.com\/es\/viaja-con-machin-castillo-de-almodovar-del-rio-cordoba\/","title":{"rendered":"Viaja con Mach\u00edn: Castillo de Almod\u00f3var del R\u00edo (C\u00f3rdoba)"},"content":{"rendered":"<p> <br \/>\n<\/p>\n<div>\n<p>Este martes visitamos la provincia de C\u00f3rdoba en la secci\u00f3n de viajes. Precisamente, en la capital cordobesa, el mes de mayo se conoce como el &#8220;Mayo Cordob\u00e9s&#8221;, por los numerosos festejos que tienen lugar como la Fiesta de los Patios o su Feria, que se celebra en la tercera semana del mes.<\/p>\n<figure class=\"peque\"><a rel=\"nofollow noopener\" target=\"_blank\" class=\"fancybox\" href=\"https:\/\/s.libertaddigital.com\/2023\/05\/09\/castillo-de-almodovar-del-rio-cordoba.jpg\" title=\"\"><img class=\"l\" data-sizes=\"auto\" srcset=\"https:\/\/s.libertaddigital.com\/2023\/05\/09\/480\/0\/castillo-de-almodovar-del-rio-cordoba.jpg 480w, https:\/\/s.libertaddigital.com\/2023\/05\/09\/290\/0\/castillo-de-almodovar-del-rio-cordoba.jpg 290w\" style=\"aspect-ratio: 512 \/ 339\" alt=\"castillo-de-almodovar-del-rio-cordoba.jpg\"\/><\/a><\/figure>\n<p>Pero en esta ocasi\u00f3n, nos desplazamos a una localidad pr\u00f3xima, a un poco m\u00e1s de veinte kil\u00f3metros de la capital cordobesa: Almod\u00f3var del R\u00edo. All\u00ed, en lo alto de una colina y junto al r\u00edo Guadalquivir encontramos el <strong>Castillo de la Floresta<\/strong>, tambi\u00e9n llamado el <a rel=\"nofollow noopener\" target=\"_blank\" href=\"https:\/\/castillodealmodovar.com\/\">Castillo de Almod\u00f3var del R\u00edo.<\/a><\/p>\n<p>Se trata de una fortificaci\u00f3n de origen \u00e1rabe, construida en torno al 740. Vinculado en siglo X al Califato de C\u00f3rdoba, y que siglos despu\u00e9s, durante la reconquista, pasar\u00eda a manos Fernando III &#8220;El Santo&#8221;. Es una fortaleza que han dejado huella en numerosas culturas y que ha sido testigo de numerosos acontecimientos hist\u00f3ricos.<\/p>\n<p>Pero con el paso del tiempo, lleg\u00f3 un momento en el que el edificio cay\u00f3 en desuso y acab\u00f3 en la completa ruina. Hasta el siglo XIX, cuando el duod\u00e9cimo conde de Torralva, <strong>Rafael Desmaissieres y Farina<\/strong> y arquitecto <strong>Adolfo Fern\u00e1ndez Casanova<\/strong> comenzaron con su reconstrucci\u00f3n.<\/p>\n<p>Las obras iniciaron en el a\u00f1o 1901 y cien a\u00f1os despu\u00e9s, en 2001, el Castillo de Almod\u00f3var abri\u00f3 sus puertas. Desde entonces, cientos de visitantes han paseado por su patio de armas, sus mazmorras o su Torre del Homenaje. Incluso forma parte del fen\u00f3meno de la serie de <em>Juego de Tronos<\/em>, ya que all\u00ed se rod\u00f3 varias escenas del Reino de Altojard\u00edn, hogar de la Casa<em> <\/em>Tyrell. <\/p>\n<p><strong>Roc\u00edo Ace\u00f1a,<\/strong> directora del castillo, nos ha desgranado hoy la historia de esta fortaleza, abierta durante todo el a\u00f1o, con sus diferentes iniciativas y actividades culturales.<\/p>\n<\/p><\/div>\n\n<p><em> &#8221; Fuentes esradio.libertaddigital.com &#8221; <\/em><\/p>\n","protected":false},"excerpt":{"rendered":"<p>Este martes visitamos la provincia de C\u00f3rdoba en la secci\u00f3n de viajes. Precisamente, en la capital cordobesa, el mes de mayo se conoce como el &#8220;Mayo Cordob\u00e9s&#8221;, por los numerosos festejos que tienen lugar como la Fiesta de los Patios o su Feria, que se celebra en la tercera semana del mes. Pero en esta [&hellip;]<\/p>\n","protected":false},"author":4,"featured_media":0,"comment_status":"open","ping_status":"closed","sticky":false,"template":"","format":"standard","meta":{"om_disable_all_campaigns":false,"jnews-multi-image_gallery":[],"jnews_single_post":[],"jnews_primary_category":[],"jnews_social_meta":[],"footnotes":""},"categories":[39],"tags":[67266,67267,1182,67268,67269,558,52894,50473,544,67270,52895],"class_list":["post-530156","post","type-post","status-publish","format-standard","hentry","category-viajes","tag-almodovar-del-rio","tag-altojardin","tag-andalucia","tag-castillo-de-almodovar-del-rio","tag-castillo-de-la-floresta","tag-cordoba","tag-cristina-machin","tag-juego-de-tronos","tag-turismo","tag-tyrell","tag-viaja-con-machin"],"_links":{"self":[{"href":"https:\/\/dimensionturistica.com\/es\/wp-json\/wp\/v2\/posts\/530156","targetHints":{"allow":["GET"]}}],"collection":[{"href":"https:\/\/dimensionturistica.com\/es\/wp-json\/wp\/v2\/posts"}],"about":[{"href":"https:\/\/dimensionturistica.com\/es\/wp-json\/wp\/v2\/types\/post"}],"author":[{"embeddable":true,"href":"https:\/\/dimensionturistica.com\/es\/wp-json\/wp\/v2\/users\/4"}],"replies":[{"embeddable":true,"href":"https:\/\/dimensionturistica.com\/es\/wp-json\/wp\/v2\/comments?post=530156"}],"version-history":[{"count":0,"href":"https:\/\/dimensionturistica.com\/es\/wp-json\/wp\/v2\/posts\/530156\/revisions"}],"wp:attachment":[{"href":"https:\/\/dimensionturistica.com\/es\/wp-json\/wp\/v2\/media?parent=530156"}],"wp:term":[{"taxonomy":"category","embeddable":true,"href":"https:\/\/dimensionturistica.com\/es\/wp-json\/wp\/v2\/categories?post=530156"},{"taxonomy":"post_tag","embeddable":true,"href":"https:\/\/dimensionturistica.com\/es\/wp-json\/wp\/v2\/tags?post=530156"}],"curies":[{"name":"wp","href":"https:\/\/api.w.org\/{rel}","templated":true}]}}