{"id":529794,"date":"2023-05-08T23:20:10","date_gmt":"2023-05-08T23:20:10","guid":{"rendered":"https:\/\/dimensionturistica.com\/es\/?p=529794"},"modified":"2023-05-08T23:20:10","modified_gmt":"2023-05-08T23:20:10","slug":"casi-necesitamos-que-vuelva-el-tren-porque-es-motivo-de-conectividad-social-turistica-y-cultural","status":"publish","type":"post","link":"https:\/\/dimensionturistica.com\/es\/casi-necesitamos-que-vuelva-el-tren-porque-es-motivo-de-conectividad-social-turistica-y-cultural\/","title":{"rendered":"Casi: \u201cNecesitamos que vuelva el tren, porque es motivo de conectividad social, tur\u00edstica y cultural\u201d"},"content":{"rendered":"<p> <br \/>\n<\/p>\n<div>\n<p>El intendente de Col\u00f3n, Ricardo Casi, acompa\u00f1ado por Pablo Pino, Presidente del HCD, funcionarios y funcionarias de la gesti\u00f3n municipal, tambi\u00e9n concejales y concejalas locales, visit\u00f3 el Tren Museo Itinerante. All\u00ed estuvieron presentes Mart\u00edn Costa, Coordinador operativo del Ministerio de Transporte de la Naci\u00f3n; Fernando Carlos, Director Provincial de Promoci\u00f3n Cultural; la Senadora Provincial Mar\u00eda Vanesa Spadone y el referente local del Frente Renovador, Adri\u00e1n Fern\u00e1ndez.<\/p>\n<p><em>Te puede interesar:<\/em><\/p>\n<p><a rel=\"nofollow noopener\" target=\"_blank\" href=\"https:\/\/www.grupolaprovincia.com\/municipales\/entrevista-glp-casi-sobre-la-decision-de-alberto-fernandez-contribuye-a-distender-las-tensiones-del-fdt-1140815\"><em>Entrevista GLP. Ricardo Casi sobre la decisi\u00f3n de Alberto Fern\u00e1ndez: \u201cContribuye a distender las tensiones del FdT\u201d<\/em><\/a><\/p>\n<p>Por su parte, Casi expres\u00f3 una &#8220;profunda alegr\u00eda y satisfacci\u00f3n por la presencia del tren museo itinerante en nuestra ciudad. Un profundo agradecimiento a las autoridades de Trenes Argentinos, del Ministerio de Transporte de la Naci\u00f3n y tambi\u00e9n del Instituto Cultural de la provincia de Buenos Aires, ya que dos de los coches representan nuestro sentido de pertenencia e identidad bonaerense&#8221;.<\/p>\n<p><amp-inline-gallery layout=\"container\" class=\"i-amphtml-layout-container\" i-amphtml-layout=\"container\"><amp-base-carousel class=\"gallery i-amphtml-layout-responsive i-amphtml-layout-size-defined\" layout=\"responsive\" width=\"1.6\" height=\"0.9\" snap-align=\"start\" visible-count=\"1.2\" i-amphtml-layout=\"responsive\"><i-amphtml-sizer style=\"display:block;padding-top:56.25%\"\/><\/p>\n<figure><amp-img src=\"https:\/\/d1iibezb83drel.cloudfront.net\/wp-content\/uploads\/2023\/05\/colon-8523-2-full-688x387.webp\" layout=\"responsive\" width=\"1.6\" height=\"0.9\" class=\"i-amphtml-layout-responsive i-amphtml-layout-size-defined\" i-amphtml-layout=\"responsive\"><i-amphtml-sizer style=\"display:block;padding-top:56.25%\"\/><\/amp-img><figcaption\/><\/figure>\n<figure><amp-img src=\"https:\/\/d1iibezb83drel.cloudfront.net\/wp-content\/uploads\/2023\/05\/colon-8523-3-full-688x387.webp\" layout=\"responsive\" width=\"1.6\" height=\"0.9\" class=\"i-amphtml-layout-responsive i-amphtml-layout-size-defined\" i-amphtml-layout=\"responsive\"><i-amphtml-sizer style=\"display:block;padding-top:56.25%\"\/><\/amp-img><figcaption\/><\/figure>\n<p><button slot=\"next-arrow\" class=\"carousel-next\" aria-label=\"Next\"\/><button slot=\"prev-arrow\" class=\"carousel-prev\" aria-label=\"Previous\"\/><\/amp-base-carousel><amp-inline-gallery-pagination height=\"8\" layout=\"fixed-height\" class=\"i-amphtml-layout-fixed-height i-amphtml-layout-size-defined\" style=\"height:8px;\" i-amphtml-layout=\"fixed-height\"\/><\/amp-inline-gallery><\/p>\n<p>El mandatario local agreg\u00f3 que &#8220;la historia y la cultura ferroviaria argentina es hermosa, aunque un gobierno neoliberal all\u00e1 por la d\u00e9cada del 90&#8242; la devast\u00f3. Son emociones muy fuertes ver parado el tren en nuestra ex estaci\u00f3n del ferrocarril, pensar que en abril de 1992 vimos por \u00faltima vez salir un tren desde aqu\u00ed para nunca m\u00e1s volver&#8221;.<\/p>\n<p>Tambi\u00e9n expres\u00f3 lo que millones de argentinos y argentinas anhelan: &#8220;Ojal\u00e1 que con pol\u00edticas p\u00fablicas activas e incesantes el pa\u00eds recupere poco a poco aquella red ferroviaria que fue motivo de orgullo argentino. Necesitamos que vuelva el tren, porque es motivo de conectividad social, tur\u00edstica y cultural, pero tambi\u00e9n desde la industria y la productividad&#8221;.<\/p>\n<p><\/div>\n\n<p><em> &#8221; Fuentes www.grupolaprovincia.com &#8221; <\/em><\/p>\n","protected":false},"excerpt":{"rendered":"<p>El intendente de Col\u00f3n, Ricardo Casi, acompa\u00f1ado por Pablo Pino, Presidente del HCD, funcionarios y funcionarias de la gesti\u00f3n municipal, tambi\u00e9n concejales y concejalas locales, visit\u00f3 el Tren Museo Itinerante. All\u00ed estuvieron presentes Mart\u00edn Costa, Coordinador operativo del Ministerio de Transporte de la Naci\u00f3n; Fernando Carlos, Director Provincial de Promoci\u00f3n Cultural; la Senadora Provincial Mar\u00eda [&hellip;]<\/p>\n","protected":false},"author":4,"featured_media":529795,"comment_status":"open","ping_status":"closed","sticky":false,"template":"","format":"standard","meta":{"om_disable_all_campaigns":false,"jnews-multi-image_gallery":[],"jnews_single_post":[],"jnews_primary_category":[],"jnews_social_meta":[],"footnotes":""},"categories":[40],"tags":[16513,67224,3682],"class_list":["post-529794","post","type-post","status-publish","format-standard","has-post-thumbnail","hentry","category-industria","tag-colon","tag-ricardo-casi","tag-tren"],"_links":{"self":[{"href":"https:\/\/dimensionturistica.com\/es\/wp-json\/wp\/v2\/posts\/529794","targetHints":{"allow":["GET"]}}],"collection":[{"href":"https:\/\/dimensionturistica.com\/es\/wp-json\/wp\/v2\/posts"}],"about":[{"href":"https:\/\/dimensionturistica.com\/es\/wp-json\/wp\/v2\/types\/post"}],"author":[{"embeddable":true,"href":"https:\/\/dimensionturistica.com\/es\/wp-json\/wp\/v2\/users\/4"}],"replies":[{"embeddable":true,"href":"https:\/\/dimensionturistica.com\/es\/wp-json\/wp\/v2\/comments?post=529794"}],"version-history":[{"count":0,"href":"https:\/\/dimensionturistica.com\/es\/wp-json\/wp\/v2\/posts\/529794\/revisions"}],"wp:featuredmedia":[{"embeddable":true,"href":"https:\/\/dimensionturistica.com\/es\/wp-json\/wp\/v2\/media\/529795"}],"wp:attachment":[{"href":"https:\/\/dimensionturistica.com\/es\/wp-json\/wp\/v2\/media?parent=529794"}],"wp:term":[{"taxonomy":"category","embeddable":true,"href":"https:\/\/dimensionturistica.com\/es\/wp-json\/wp\/v2\/categories?post=529794"},{"taxonomy":"post_tag","embeddable":true,"href":"https:\/\/dimensionturistica.com\/es\/wp-json\/wp\/v2\/tags?post=529794"}],"curies":[{"name":"wp","href":"https:\/\/api.w.org\/{rel}","templated":true}]}}