{"id":528390,"date":"2023-05-06T19:47:49","date_gmt":"2023-05-06T19:47:49","guid":{"rendered":"https:\/\/dimensionturistica.com\/es\/?p=528390"},"modified":"2023-05-06T19:47:49","modified_gmt":"2023-05-06T19:47:49","slug":"una-plaza-de-espana-entre-los-5-mejores-destinos-del-mundo","status":"publish","type":"post","link":"https:\/\/dimensionturistica.com\/es\/una-plaza-de-espana-entre-los-5-mejores-destinos-del-mundo\/","title":{"rendered":"Una plaza de Espa\u00f1a, entre los 5 mejores destinos del mundo"},"content":{"rendered":"<p> <br \/>\n<\/p>\n<div>\n<p>Se acerca la <a rel=\"nofollow noopener\" target=\"_blank\" href=\"https:\/\/www.huffingtonpost.es\/news\/semana-santa\">Semana Santa<\/a> y, con ella, el inicio de las vacaciones, festivos y puentes que conducen al tan ansiado y relajante verano. Muchas personas querr\u00e1n aprovechar esos d\u00edas para hacer una escapada a otro pa\u00eds.<\/p>\n<p><amp-ad width=\"300\" height=\"600\" type=\"doubleclick\" data-block-on-consent=\"\" data-npa-on-unknown-consent=\"\" data-slot=\"\/7811748\/huffingtonpost_mob\/amp\" data-multi-size=\"300x250\" data-multi-size-validation=\"false\" json=\"{&quot;targeting&quot;: {&quot;pos&quot;: [&quot;mpu1&quot;], &quot;pbskey&quot;: [&quot;amp&quot;]}}\" rtc-config=\"{&quot;vendors&quot;: {&quot;prebidappnexus&quot;: {&quot;PLACEMENT_ID&quot;: &quot;17946178&quot;},&quot;indexexchange&quot;: {&quot;SITE_ID&quot;: &quot;419132&quot;},&quot;criteo&quot;: {&quot;NETWORK_ID&quot;: &quot;9136&quot;, &quot;PUBLISHER_SUB_ID&quot;: &quot;huffingtonpost_mob-google-mpu1&quot;, &quot;LINE_ITEM_RANGES&quot;: &quot;0..10:0.01;10..25:0.05;25..50:0.10;50..100:0.25&quot;}, &quot;aps&quot;:{&quot;PUB_ID&quot;:&quot;3226&quot;,&quot;PARAMS&quot;:{&quot;amp&quot;:&quot;1&quot;}}}}\" style=\"width: 300px; height: 250px;\"\/><\/p>\n<p>Sin embargo, muchas veces tenemos en casa opciones que se pasan por alto, y es que una de las plazas de Espa\u00f1a ha sido reconocida como uno de los cinco mejores lugares del mundo para visitar. La empresa especializada en almacenamiento de equipajes <a rel=\"nofollow noopener\" target=\"_blank\" href=\"https:\/\/blog.stasher.com\/stasher-reveals-the-worlds-best-worst-tourist-attractions\/\">Stasher<\/a> ha realizado una lista con los lugares que m\u00e1s gustan a los viajeros, teniendo en cuenta las puntuaciones de Google sobre alojamiento, seguridad o popularidad en Tik Tok, y en las primeras posiciones se ha colado un lugar con acento andaluz.<\/p>\n<p>La plaza de Espa\u00f1a de Sevilla obtiene la cuarta mejor puntuaci\u00f3n del ranking, un 7,14, por encima de la Acr\u00f3polis de Atenas o de la Bas\u00edlica de San Pedro del Vaticano. El parlamento de Hungr\u00eda en Budapest, Disneyland y el Lago Azul de Islandia son los \u00fanicos tres lugares que obtienen una puntuaci\u00f3n mayor que la plaza Sevillana.<\/p>\n<h3>Un enclave con mucha historia<\/h3>\n<div class=\"content_media_img \" id=\"m6361-6360-6362\">\n<figure itemscope=\"\" itemtype=\"http:\/\/schema.org\/ImageObject\" class=\"c-detail__media\">\n<p><amp-img alt=\"\" src=\"https:\/\/img.huffingtonpost.es\/files\/image_720_480\/uploads\/2023\/03\/29\/64241bd746f34.jpeg\" height=\"480\" width=\"720\" layout=\"responsive\"\/><figcaption class=\"c-detail__media__txt\">\n<p>        <span class=\"c-detail__media__credit \" id=\"m6441-6440-6442\">Plaza de Espa\u00f1a de Sevilla.<\/span><span class=\"c-detail__media__author \" id=\"m6446-6445-6447\">Bildagentur-online\/Universal Ima<\/span><\/figcaption><\/figure>\n<\/div>\n<p>La Plaza de Espa\u00f1a de Sevilla tiene una planta semicircular bordeada por impresionantes edificios instituciones con dos torres en sus extremos. Tiene una gran fuente central que remata un conjunto especialmente pintoresco.<\/p>\n<p>Su origen se remonta a la Exposici\u00f3n Iberoamericana de 1929, cuando se utiliz\u00f3 el enclave para representar la diversidad espa\u00f1ola a trav\u00e9s de 52 paneles de azulejos que se alinearon en la base de los edificios y que a\u00fan se conservan en su estado original. Cuatro puentes cruzan el canal central, y se idearon para representar a las cuatro regiones que antiguamente divid\u00edan el pa\u00eds.<\/p>\n<p><amp-ad width=\"300\" height=\"600\" type=\"doubleclick\" data-block-on-consent=\"\" data-npa-on-unknown-consent=\"\" data-slot=\"\/7811748\/huffingtonpost_mob\/amp\" data-multi-size=\"300x250\" data-multi-size-validation=\"false\" json=\"{&quot;targeting&quot;: {&quot;pos&quot;: [&quot;mpu2&quot;], &quot;pbskey&quot;: [&quot;amp&quot;]}}\" rtc-config=\"{&quot;vendors&quot;: {&quot;prebidappnexus&quot;: {&quot;PLACEMENT_ID&quot;: &quot;17946179&quot;},&quot;indexexchange&quot;: {&quot;SITE_ID&quot;: &quot;419134&quot;},&quot;criteo&quot;: {&quot;NETWORK_ID&quot;: &quot;9136&quot;, &quot;PUBLISHER_SUB_ID&quot;: &quot;huffingtonpost_mob-google-mpu2&quot;, &quot;LINE_ITEM_RANGES&quot;: &quot;0..10:0.01;10..25:0.05;25..50:0.10;50..100:0.25&quot;}, &quot;aps&quot;: {&quot;PUB_ID&quot;:&quot;3226&quot;,&quot;PARAMS&quot;:{&quot;amp&quot;:&quot;1&quot;}}}}\" style=\"width: 300px; height: 250px;\"\/><\/p>\n<p>As\u00ed que si a\u00fan est\u00e1n a tiempo de planificar un viaje y no tienen claro d\u00f3nde ir, tienen aqu\u00ed en casa uno de los mejores destinos posibles.<\/p>\n<\/div>\n\n<p><em> &#8221; Fuentes www.huffingtonpost.es &#8221; <\/em><\/p>\n","protected":false},"excerpt":{"rendered":"<p>Se acerca la Semana Santa y, con ella, el inicio de las vacaciones, festivos y puentes que conducen al tan ansiado y relajante verano. Muchas personas querr\u00e1n aprovechar esos d\u00edas para hacer una escapada a otro pa\u00eds. Sin embargo, muchas veces tenemos en casa opciones que se pasan por alto, y es que una de [&hellip;]<\/p>\n","protected":false},"author":4,"featured_media":528391,"comment_status":"open","ping_status":"closed","sticky":false,"template":"","format":"standard","meta":{"om_disable_all_campaigns":false,"jnews-multi-image_gallery":[],"jnews_single_post":[],"jnews_primary_category":[],"jnews_social_meta":[],"footnotes":""},"categories":[39],"tags":[3009,1228,770,2830,3347],"class_list":["post-528390","post","type-post","status-publish","format-standard","has-post-thumbnail","hentry","category-viajes","tag-3009","tag-destinos","tag-espana","tag-mejores","tag-plaza"],"_links":{"self":[{"href":"https:\/\/dimensionturistica.com\/es\/wp-json\/wp\/v2\/posts\/528390","targetHints":{"allow":["GET"]}}],"collection":[{"href":"https:\/\/dimensionturistica.com\/es\/wp-json\/wp\/v2\/posts"}],"about":[{"href":"https:\/\/dimensionturistica.com\/es\/wp-json\/wp\/v2\/types\/post"}],"author":[{"embeddable":true,"href":"https:\/\/dimensionturistica.com\/es\/wp-json\/wp\/v2\/users\/4"}],"replies":[{"embeddable":true,"href":"https:\/\/dimensionturistica.com\/es\/wp-json\/wp\/v2\/comments?post=528390"}],"version-history":[{"count":0,"href":"https:\/\/dimensionturistica.com\/es\/wp-json\/wp\/v2\/posts\/528390\/revisions"}],"wp:featuredmedia":[{"embeddable":true,"href":"https:\/\/dimensionturistica.com\/es\/wp-json\/wp\/v2\/media\/528391"}],"wp:attachment":[{"href":"https:\/\/dimensionturistica.com\/es\/wp-json\/wp\/v2\/media?parent=528390"}],"wp:term":[{"taxonomy":"category","embeddable":true,"href":"https:\/\/dimensionturistica.com\/es\/wp-json\/wp\/v2\/categories?post=528390"},{"taxonomy":"post_tag","embeddable":true,"href":"https:\/\/dimensionturistica.com\/es\/wp-json\/wp\/v2\/tags?post=528390"}],"curies":[{"name":"wp","href":"https:\/\/api.w.org\/{rel}","templated":true}]}}