{"id":528247,"date":"2023-05-06T15:50:54","date_gmt":"2023-05-06T15:50:54","guid":{"rendered":"https:\/\/dimensionturistica.com\/es\/?p=528247"},"modified":"2023-05-06T15:50:54","modified_gmt":"2023-05-06T15:50:54","slug":"conoce-los-mejores-destinos-para-escapar-o-disfrutar-del-invierno-en-tus-proximas-vacaciones","status":"publish","type":"post","link":"https:\/\/dimensionturistica.com\/es\/conoce-los-mejores-destinos-para-escapar-o-disfrutar-del-invierno-en-tus-proximas-vacaciones\/","title":{"rendered":"Conoce los mejores destinos para escapar o disfrutar del invierno en tus pr\u00f3ximas vacaciones"},"content":{"rendered":"<p> <br \/>\n<\/p>\n<div>\n<p class=\"d-the-single__excerpt | u-fw-600\">\n                Esta temporada tiene lo mejor de dos mundos: playas para quienes escapar del fr\u00edo y una serie de opciones tanto nacionales como internacionales para disfrutar de la nieve, sus actividades y deportes.\n              <\/p>\n<hr class=\"u-separator--light | common:margin-bottom-45\"\/>\n<p dir=\"ltr\">Aunque a\u00fan falta un poco m\u00e1s de dos meses para las pr\u00f3ximas vacaciones de invierno, instancia perfecta para aquellos que quieren tomar un descanso a mitad de a\u00f1o y aprovechar de salir del pa\u00eds, desde ya es recomendable ir organizando esta escapada y programar con tiempo el viaje.<\/p>\n<p dir=\"ltr\">En esta \u00e9poca, hay m\u00faltiples opciones, tanto para aquellos que buscan escapar del fr\u00edo, como para quienes quieran disfrutarlo: ver la nieve y aventurarse en deportes y actividades que esta ofrece.<\/p>\n<p dir=\"ltr\">Cocha entrega datos para conseguir valores convenientes para ese anhelado descanso invernal, ya sea disfrutando en una playa, recorriendo el viejo continente o esquiando en destinos nevados..<\/p>\n<p dir=\"ltr\">Seg\u00fan el informe de la compa\u00f1\u00eda de viajes \u00a0de abril, los destinos favoritos de los chilenos en esta temporada suelen ser M\u00e9xico, Rep\u00fablica Dominicana, Estados Unidos, Brasil, Argentina, Per\u00fa, Colombia, Espa\u00f1a, Italia, Inglaterra, Irlanda y Francia.<\/p>\n<p dir=\"ltr\">Si lo que se quiere es conseguir una\u00a0 oferta conveniente, abril y mayo son buenos meses para comenzar a concretar el viaje, especialmente porque dentro de las recomendaciones se encuentra comprar con 2 a 3 meses de antelaci\u00f3n para destinos nacionales, y de 3 a 4 meses para destinos internacionales.<\/p>\n<p dir=\"ltr\">Esto ayudar\u00e1 a encontrar ofertas de vuelos con mejores itinerarios en destinos del Hemisferio Sur, como Brasil y Colombia.<\/p>\n<p dir=\"ltr\">Y a pesar de que El Caribe est\u00e1 en temporada alta durante nuestras vacaciones de invierno, lo que eleva un poco las tarifas de vuelos y paquetes, como se trata de uno de los destinos preferidos de muchos chilenos, Cocha comparte algunos consejos:<\/p>\n<p dir=\"ltr\" role=\"presentation\">\u2013 Los precios son hasta un 15% m\u00e1s bajos durante las \u00faltimas semanas de julio, en relaci\u00f3n al comienzo de ese mes.<\/p>\n<p dir=\"ltr\" role=\"presentation\">\u2013 Miami es un excelente lugar para quienes quieren calor todo el a\u00f1o. Adem\u00e1s, los tickets a\u00e9reos contin\u00faan bajando, por lo que es un gran momento para comprar.<\/p>\n<h3 dir=\"ltr\">Escapar del invierno<\/h3>\n<p dir=\"ltr\">Si lo que se busca es playa, Brasil es una excelente opci\u00f3n. Este pa\u00eds ofrece lugares que contin\u00faan sorprendiendo, pero que no son tan concurridos como Rio de Janeiro, Buzios y Florian\u00f3polis. Adem\u00e1s, tiene una cantidad inmensa de panoramas, paisajes impactantes y un clima ideal todo el a\u00f1o.<\/p>\n<p dir=\"ltr\">Dentro de est\u00e1s opciones de \u201cpara\u00edso escondido\u201d se encuentra Natal, Macei\u00f3 y Porto de Galinhas.<\/p>\n<p dir=\"ltr\">Para quienes ya han visitado esas ciudades, pero que de todas formas quieren viajar a lugares cercanos, Colombia tiene una serie de opciones perfectas para quienes est\u00e1n en la b\u00fasqueda de calor. Seg\u00fan datos de la empresa, \u00a0Cartagena de Indias y San Andr\u00e9s suelen ser los favoritos de los chilenos.<\/p>\n<p dir=\"ltr\">Por otra parte, en comparaci\u00f3n con el a\u00f1o pasado, se ha observado un aumento del 19% en los viajes a Europa.<\/p>\n<p dir=\"ltr\">Esta es la opci\u00f3n preferida de muchos turistas, por la facilidad de visitar varios pa\u00edses, especialmente en esta fecha donde comienza el verano en el viejo continente.<\/p>\n<p dir=\"ltr\">En este caso, Madrid, Barcelona, Roma, Par\u00eds y Londres tienen los mejores precios.<\/p>\n<h3 dir=\"ltr\">Disfrutar del invierno<\/h3>\n<p dir=\"ltr\">Aquellos viajeros que buscan disfrutar de la nieve y los deportes propios de esta temporada, se destacan varios destinos nacionales que cuentan con centro de esqu\u00ed e infraestructura hotelera.<\/p>\n<p dir=\"ltr\">Entre los m\u00e1s populares est\u00e1n: Valle Nevado, Corralco, La Parva, Nevados de Chill\u00e1n, Termas de Chill\u00e1n y Portillo.<\/p>\n<p dir=\"ltr\">Junto con esto, Bariloche es un buen destino internacional por su cercan\u00eda y por el tipo de cambio que beneficia a los chilenos. Adem\u00e1s, cuenta con nieve desde junio hasta finales de septiembre.<\/p>\n<\/p><\/div>\n\n<p><em> &#8221; Fuentes www.elmostrador.cl &#8221; <\/em><\/p>\n","protected":false},"excerpt":{"rendered":"<p>Esta temporada tiene lo mejor de dos mundos: playas para quienes escapar del fr\u00edo y una serie de opciones tanto nacionales como internacionales para disfrutar de la nieve, sus actividades y deportes. Aunque a\u00fan falta un poco m\u00e1s de dos meses para las pr\u00f3ximas vacaciones de invierno, instancia perfecta para aquellos que quieren tomar un [&hellip;]<\/p>\n","protected":false},"author":4,"featured_media":528248,"comment_status":"open","ping_status":"closed","sticky":false,"template":"","format":"standard","meta":{"om_disable_all_campaigns":false,"jnews-multi-image_gallery":[],"jnews_single_post":[],"jnews_primary_category":[],"jnews_social_meta":[],"footnotes":""},"categories":[39],"tags":[5713,1861,545],"class_list":["post-528247","post","type-post","status-publish","format-standard","has-post-thumbnail","hentry","category-viajes","tag-invierno","tag-vacaciones","tag-viajes"],"_links":{"self":[{"href":"https:\/\/dimensionturistica.com\/es\/wp-json\/wp\/v2\/posts\/528247","targetHints":{"allow":["GET"]}}],"collection":[{"href":"https:\/\/dimensionturistica.com\/es\/wp-json\/wp\/v2\/posts"}],"about":[{"href":"https:\/\/dimensionturistica.com\/es\/wp-json\/wp\/v2\/types\/post"}],"author":[{"embeddable":true,"href":"https:\/\/dimensionturistica.com\/es\/wp-json\/wp\/v2\/users\/4"}],"replies":[{"embeddable":true,"href":"https:\/\/dimensionturistica.com\/es\/wp-json\/wp\/v2\/comments?post=528247"}],"version-history":[{"count":0,"href":"https:\/\/dimensionturistica.com\/es\/wp-json\/wp\/v2\/posts\/528247\/revisions"}],"wp:featuredmedia":[{"embeddable":true,"href":"https:\/\/dimensionturistica.com\/es\/wp-json\/wp\/v2\/media\/528248"}],"wp:attachment":[{"href":"https:\/\/dimensionturistica.com\/es\/wp-json\/wp\/v2\/media?parent=528247"}],"wp:term":[{"taxonomy":"category","embeddable":true,"href":"https:\/\/dimensionturistica.com\/es\/wp-json\/wp\/v2\/categories?post=528247"},{"taxonomy":"post_tag","embeddable":true,"href":"https:\/\/dimensionturistica.com\/es\/wp-json\/wp\/v2\/tags?post=528247"}],"curies":[{"name":"wp","href":"https:\/\/api.w.org\/{rel}","templated":true}]}}