{"id":528199,"date":"2023-05-06T14:10:17","date_gmt":"2023-05-06T14:10:17","guid":{"rendered":"https:\/\/dimensionturistica.com\/es\/?p=528199"},"modified":"2024-02-20T22:43:19","modified_gmt":"2024-02-20T22:43:19","slug":"avavit-espera-aumento-de-vuelos-para-potenciar-las-agencias-de-viaje-en-el-pais","status":"publish","type":"post","link":"https:\/\/dimensionturistica.com\/es\/avavit-espera-aumento-de-vuelos-para-potenciar-las-agencias-de-viaje-en-el-pais\/","title":{"rendered":"Avavit espera aumento de vuelos para potenciar las agencias de viaje en el pa\u00eds"},"content":{"rendered":"<p> <br \/>\n<\/p>\n<div id=\"post-11364\">\n<div class=\"post-thumb entry-media thumbnail\"><img decoding=\"async\" width=\"960\" height=\"512\" src=\"data:image\/svg+xml,%3Csvg%20xmlns=\" http:=\"\" class=\"attachment-full size-full wp-post-image\" alt=\"Vuelos\" data-lazy-src=\"https:\/\/finanzasdigital.com\/wp-content\/uploads\/vuelos-960-512.jpg\"\/><noscript><img decoding=\"async\" width=\"960\" height=\"512\" src=\"https:\/\/finanzasdigital.com\/wp-content\/uploads\/vuelos-960-512.jpg\" class=\"attachment-full size-full wp-post-image\" alt=\"Vuelos\"\/><\/noscript><\/p>\n<p>Foto: Pixabay<\/p>\n<\/div>\n<div class=\"entry-content si-entry\" itemprop=\"text\">\n<p>La nueva presidenta de la\u00a0Asociaci\u00f3n Venezolana de Agencias de Viajes y Turismo\u00a0(<strong><a rel=\"nofollow noopener\" target=\"_blank\" href=\"https:\/\/twitter.com\/AVAVIT1\">Avavit<\/a><\/strong>), <strong>Vicky Herrera<\/strong>, asever\u00f3 que es necesario elevar el n\u00famero de vuelos en el pa\u00eds<strong>\u00a0para aumentar la afluencia de ciudadanos en las agencias de viaje.<\/strong><\/p>\n<p>Durante una entrevista para\u00a0<a rel=\"nofollow noopener\" target=\"_blank\" href=\"https:\/\/unionradio.net\/2023\/05\/05\/avavit-espera-mas-vuelos-para-potenciar-agencias-de-viaje\/\"><strong>Uni\u00f3n Radio<\/strong><\/a>, Herrera expres\u00f3 que\u00a0las dificultades que atraviesan actualmente las agencias se resumen en la gran cantidad de escalas\u00a0que tienen que realizar para los destinos que ofrecen.<\/p>\n<p>Tambi\u00e9n puede leer:<\/p>\n<h3 class=\"entry-title\"><a rel=\"nofollow noopener\" target=\"_blank\" href=\"https:\/\/finanzasdigital.com\/2023\/05\/comerciantes-de-urena-exigen-a-la-gobernacion-un-plan-de-contingencia-electrica\/\">Comerciantes de Ure\u00f1a exigen a la Gobernaci\u00f3n un plan de contingencia el\u00e9ctrica para organizar sus jornadas laborales<\/a><\/h3>\n<p>\u00abNo es todav\u00eda sencillo al salir de Venezuela y hacer una ruta donde no tenga tantas escalas, donde puedas hacer el itinerario de una manera m\u00e1s directa (\u2026) <strong>seguimos con bastante deficiencia en destinos\u00bb<\/strong>, enfatiz\u00f3.<\/p>\n<p>Una de las potenciales soluciones para la asociaci\u00f3n es\u00a0expandir la cantidad de vuelos hacia Colombia, pues ven en el pa\u00eds vecino un gran aliado desde el punto de vista estrat\u00e9gico para conformar rutas m\u00e1s c\u00f3modas.<\/p>\n<p>\u00abEs importante que la ruta hacia Colombia pudiera terminar de abrirse m\u00e1s consistente, de manera que pudiera darnos la oportunidad <strong>de armar itinerarios que vayan mucho m\u00e1s all\u00e1 de Colombia\u00bb<\/strong>, a\u00f1adi\u00f3.<\/p>\n<p>Con informaci\u00f3n de Uni\u00f3n Radio<\/p>\n<\/div>\n<section class=\"post-nav\" role=\"navigation\">\n<h2 class=\"screen-reader-text\">Navegaci\u00f3n de entradas<\/h2>\n<\/section>\n<\/div>\n<p><script async src=\"\/\/platform.twitter.com\/widgets.js\" charset=\"utf-8\"><\/script><br \/>\n<br \/><\/p>\n<p><em> &#8221; Fuentes finanzasdigital.com &#8221; <\/em><\/p>\n","protected":false},"excerpt":{"rendered":"<p>Foto: Pixabay La nueva presidenta de la\u00a0Asociaci\u00f3n Venezolana de Agencias de Viajes y Turismo\u00a0(Avavit), Vicky Herrera, asever\u00f3 que es necesario elevar el n\u00famero de vuelos en el pa\u00eds\u00a0para aumentar la afluencia de ciudadanos en las agencias de viaje. Durante una entrevista para\u00a0Uni\u00f3n Radio, Herrera expres\u00f3 que\u00a0las dificultades que atraviesan actualmente las agencias se resumen en [&hellip;]<\/p>\n","protected":false},"author":4,"featured_media":0,"comment_status":"open","ping_status":"closed","sticky":false,"template":"","format":"standard","meta":{"om_disable_all_campaigns":false,"jnews-multi-image_gallery":[],"jnews_single_post":[],"jnews_primary_category":[],"jnews_social_meta":[],"footnotes":""},"categories":[144872,40],"tags":[],"class_list":["post-528199","post","type-post","status-publish","format-standard","hentry","category-fashion","category-industria"],"_links":{"self":[{"href":"https:\/\/dimensionturistica.com\/es\/wp-json\/wp\/v2\/posts\/528199","targetHints":{"allow":["GET"]}}],"collection":[{"href":"https:\/\/dimensionturistica.com\/es\/wp-json\/wp\/v2\/posts"}],"about":[{"href":"https:\/\/dimensionturistica.com\/es\/wp-json\/wp\/v2\/types\/post"}],"author":[{"embeddable":true,"href":"https:\/\/dimensionturistica.com\/es\/wp-json\/wp\/v2\/users\/4"}],"replies":[{"embeddable":true,"href":"https:\/\/dimensionturistica.com\/es\/wp-json\/wp\/v2\/comments?post=528199"}],"version-history":[{"count":0,"href":"https:\/\/dimensionturistica.com\/es\/wp-json\/wp\/v2\/posts\/528199\/revisions"}],"wp:attachment":[{"href":"https:\/\/dimensionturistica.com\/es\/wp-json\/wp\/v2\/media?parent=528199"}],"wp:term":[{"taxonomy":"category","embeddable":true,"href":"https:\/\/dimensionturistica.com\/es\/wp-json\/wp\/v2\/categories?post=528199"},{"taxonomy":"post_tag","embeddable":true,"href":"https:\/\/dimensionturistica.com\/es\/wp-json\/wp\/v2\/tags?post=528199"}],"curies":[{"name":"wp","href":"https:\/\/api.w.org\/{rel}","templated":true}]}}