{"id":527852,"date":"2023-05-06T05:07:21","date_gmt":"2023-05-06T05:07:21","guid":{"rendered":"https:\/\/dimensionturistica.com\/es\/?p=527852"},"modified":"2023-05-06T05:07:21","modified_gmt":"2023-05-06T05:07:21","slug":"objetivo-reindustrializar-espana","status":"publish","type":"post","link":"https:\/\/dimensionturistica.com\/es\/objetivo-reindustrializar-espana\/","title":{"rendered":"Objetivo: reindustrializar Espa\u00f1a"},"content":{"rendered":"<p> <br \/>\n<\/p>\n<div subscriptions-section=\"content\">\n<p>\n    Cada ma\u00f1ana desde hace veintid\u00f3s a\u00f1os y medio <strong>Mario P\u00e9rez<\/strong> se desplaza para trabajar desde su Oviedo natal hasta la localidad asturiana de <strong>Salas<\/strong>. All\u00ed se encontraba desde hace m\u00e1s de cuatro d\u00e9cadas la <strong>f\u00e1brica de Danone<\/strong>, hasta que a principios de dicie<span class=\"paywall\">mbre la actividad se par\u00f3. Danone decidi\u00f3 redirigir la producci\u00f3n a Francia debido a la ca\u00edda paulatina durante los \u00faltimos a\u00f1os de las ventas de algunos de los productos que fabricaban  en Salas.  <\/span><\/p>\n<p class=\"paywall\">\n    Este ingeniero industrial, que durante los \u00faltimos tres a\u00f1os fue <strong>el director de la planta<\/strong>, cuenta a EXPANSI\u00d3N que &#8220;all\u00ed se elaboraba el Danonino (el antiguo Petit Suisse), y postres como la panacota y el flan de vainilla, queso o chocolate&#8221;.\n<\/p>\n<p class=\"paywall\">\n    El grueso de sus 70 compa\u00f1eros salieron de la empresa el 31 de diciembre y \u00e9l otros tres m\u00e1s se quedaron para hacer labores de mantenimiento b\u00e1sicas en la planta. &#8220;Desde que este cierre se comunic\u00f3 en junio, <strong>todos los esfuerzos iban dirigidos a que la f\u00e1brica no se desmantelara<\/strong> y a buscar un comprador para llevar a cabo un proceso de reindustrializaci\u00f3n&#8221;, relata P\u00e9rez. Para ello, contrataron a  la <strong>consultora LHH, del Grupo Adecco<\/strong>, especializada en procesos de transformaci\u00f3n, reestructuraci\u00f3n y desarrollo del talento.\n<\/p>\n<p class=\"paywall\">\n    Ese esfuerzo dio sus frutos y el pasado 31 de marzo <strong>la empresa holandesa Royal A-ware<\/strong>, un grupo familiar con car\u00e1cter internacional especializado en productos l\u00e1cteos, compr\u00f3 la f\u00e1brica de Salas. Mario dej\u00f3 de trabajar para Danone el 31 de marzo, fecha en la termin\u00f3 el Expediente de Regulaci\u00f3n de Empleo (ERE), pero lleg\u00f3 a un acuerdo con la nueva empresa, y al d\u00eda siguiente de salir de Danone ya formaba parte de la plantilla de Royal A-ware. Adem\u00e1s, la intenci\u00f3n de la nueva compa\u00f1\u00eda es la de contratar al &#8220;grueso de los antiguos trabajadores de Danone de forma progresiva&#8221;, indica.\n<\/p>\n<p class=\"paywall\">\n    &#8220;Estamos en la fase inicial de este proyecto, que es <strong>muy ilusionante<\/strong>. Ahora tenemos que dise\u00f1ar, colocar e implementar. La nueva planta se espera que est\u00e9 operativa en <strong>septiembre de 2024<\/strong> como pronto&#8221;, explica P\u00e9rez.\n<\/p>\n<p class=\"paywall\">\n    Gracias a este proceso de reindustrializaci\u00f3n, este ovetense contin\u00faa desplaz\u00e1ndose cada d\u00eda a Salas, y en este municipio de 5.000 habitantes y alrededores se seguir\u00e1 recolectando leche de vaca  para que la nueva compa\u00f1\u00eda elabore <strong>mozzarella fresca y en cilindros<\/strong>. Por lo tanto, <strong>repercutir\u00e1 de manera positiva sobre otros sectores de la regi\u00f3n<\/strong> como el ganadero y el transporte, al tiempo que evitar\u00e1 la despoblaci\u00f3n de la zona.\n<\/p>\n<p class=\"paywall\">\n    Pero no todas las empresas que echan definitivamente el cierre o reducen dr\u00e1sticamente su plantilla optan por un proceso que reindustrializaci\u00f3n, algo que se traduce en p\u00e9rdidas de empleo y en el empobrecimiento del territorio donde se produce.\n<\/p>\n<h3 class=\"paywall subhead\">Sin un marco legal<\/h3>\n<p class=\"paywall\">\n    En el caso de Danone, se trata de una empresa con una <strong>cultura corporativa <\/strong>que cuando plantea una reestructuraci\u00f3n inherentemente lleva a cabo un plan de reindustrializaci\u00f3n. Pero, adem\u00e1s, procede de Francia, un pa\u00eds donde a diferencia de Espa\u00f1a, las empresas est\u00e1n obligadas por Ley desde 1994 a ejecutar un plan de reindustrializaci\u00f3n cuando cierran una f\u00e1brica.\n<\/p>\n<p class=\"paywall\"><strong>En Espa\u00f1a, sin embargo, no hay un marco legal<\/strong> que impulse la reindustrializaci\u00f3n en un contexto de reestructuraci\u00f3n de empresas. Es decir, cuando una compa\u00f1\u00eda acomete un cierre o una reducci\u00f3n significativa de plantilla no est\u00e1 obligada a llevar a cabo un plan de reindustrializaci\u00f3n.\n<\/p>\n<p class=\"paywall\">\n    En Espa\u00f1a \u00fanicamente hay un <strong>borrador de la futura ley de Industria<\/strong>, actualmente en tramitaci\u00f3n, &#8220;que reconoce la importancia de la reindustrializaci\u00f3n y reserva a la Administraci\u00f3n la potestad de requerirla en funci\u00f3n del impacto socioecon\u00f3mico que genere el cierre de cada centro de producci\u00f3n&#8221;, seg\u00fan explica <strong>Luc\u00eda Garc\u00eda, directora de proyectos de reindustrializaci\u00f3n de LHH Espa\u00f1a<\/strong>.  Pero esa normativa que a\u00fan est\u00e1 por llegar <strong>no aborda la regulaci\u00f3n laboral<\/strong>, a diferencia de Francia, donde se incluy\u00f3 en  ley de Empleo.\n<\/p>\n<p class=\"paywall\">\n    Adem\u00e1s, en Espa\u00f1a una buena parte de los procesos de reestructuraci\u00f3n &#8220;est\u00e1n basados en <strong>aspectos indemnizatorios o en qu\u00e9 plan de prejubilaci\u00f3n<\/strong> voy a poner sobre la mesa. Con lo cual es un marco normativo que <strong>no impulsa medidas de responsabilidad social<\/strong>, no es una apuesta por el futuro, es una apuesta por el presente. No tiene en cuenta el problema que supone la destrucci\u00f3n de empleo y de tejido industrial, con lo cual la soluci\u00f3n pasar\u00eda por restituir el tejido industrial que desaparece&#8221;, critica <strong>Marcos Huergo, presidente de LHH Espa\u00f1a<\/strong>.\n<\/p>\n<p class=\"paywall\">\n    &#8220;Cuando una empresa lleva a cabo un ERE, normalmente de extinci\u00f3n o reducci\u00f3n de plantillas, genera un impacto no solamente en sus empleados, en t\u00e9rminos de las personas que son despedidas y que pierden su trabajo, sino que tiene un impacto tambi\u00e9n en el entorno econ\u00f3mico y en la econom\u00eda de los territorios. En t\u00e9rminos de riqueza, de productividad y de empleo indirecto&#8221;, prosigue el presidente de LHH Espa\u00f1a.\n<\/p>\n<p class=\"paywall\">\n    La <strong>reindustrializaci\u00f3n trata de dar una segunda vida a las f\u00e1bricas<\/strong> buscando proyectos industriales que den continuidad a la actividad anterior o a otra diferente para evitar que la zona se vea abocada a la ruina por la p\u00e9rdida de inversi\u00f3n y de empleo. De ah\u00ed que en estos procesos se intente mantener el empleo de las personas que pertenec\u00edan a esa f\u00e1brica, mediante un plan de recolocaci\u00f3n externa.\n<\/p>\n<p class=\"paywall\">\n    Por lo tanto, en Espa\u00f1a el hecho de que una empresa opte por un plan de reindustrializaci\u00f3n depende de <strong>tres factores clave: la pol\u00edtica corporativa de la empresa, la necesidad de mantener su reputaci\u00f3n o su situaci\u00f3n financiera<\/strong>.\n<\/p>\n<h3 class=\"paywall subhead\">Necesidad<\/h3>\n<p class=\"paywall\">\n    Pese a la falta de exigencia normativa, y <strong>gracias a las pol\u00edticas de responsabilidad<\/strong>, cada vez son m\u00e1s las empresas en Espa\u00f1a que optan por un plan de reindustrializaci\u00f3n al cerrar sus f\u00e1bricas.\n<\/p>\n<p class=\"paywall\">\n    Al reciente proceso de reindustrializaci\u00f3n realizado por Danone, se suman los llevados a cabo por otras compa\u00f1\u00edas como la automovil\u00edstica <strong>Nissan<\/strong>, cuyo cierre en Barcelon afect\u00f3 a 2.525 empleados y ha dado paso a una segunda vida para sus terrenos que compartir\u00e1n <strong>Goodman, el consorcio D-Hub y Silence<\/strong>.\n<\/p>\n<p class=\"paywall\">\n     Del mismo modo, <strong>Amper<\/strong> dar\u00e1 un segundo uso a las instalaciones de <strong>Siemens Gamesa<\/strong> en As Somozas (La Coru\u00f1a); la antigua planta de <strong>Vesuvius <\/strong>en Langreo (Asturias) se reconvertir\u00e1 en la mayor f\u00e1brica de paneles solares de Espa\u00f1a gracias a <strong>Exiom e Iberdrola<\/strong>; y la planta que ten\u00eda <strong>Ardo Foods<\/strong> (la antigua Frudesa) en Marcilla (Navarra) continuar\u00e1 su actividad de la mano de la peruana <strong>Viru<\/strong>.\n<\/p>\n<p class=\"paywall\">\n    En el caso de <strong>Endesa<\/strong>, el cierre de su central t\u00e9rmica de Carboneras (Almer\u00eda) ha dado paso a 14 proyectos industriales de diferentes sectores y actividades, consiguiendo que esa zona mantenga el empleo y, adem\u00e1s, que cuente con nuevos sectores de actividad que hasta ahora no ten\u00eda.\n<\/p>\n<p class=\"paywall\">\n    Estas y otras muchas empresas como <strong>Michelin, Bimbo, Electrolux, Valeo o Vestas<\/strong>, que se han acogido a planes de reindustrializaci\u00f3n en Espa\u00f1a, compensan parcialmente la p\u00e9rdida del tejido productivo sufrida en los \u00faltimos a\u00f1os por una combinaci\u00f3n de factores econ\u00f3micos, sociales y pol\u00edticos tanto a a nivel nacional como internacional.\n<\/p>\n<p class=\"paywall\">\n    Adem\u00e1s, la <strong>falta de suministro internacional<\/strong> que aflor\u00f3 con la pandemia, y que se repiti\u00f3 con el colapso en el Canal de Suez y m\u00e1s tarde con la guerra de Ucrania han echo m\u00e1s evidente a\u00fan la <strong>necesidad de reindustrializar para  recuperar el tejido industrial y econ\u00f3mico del pa\u00eds<\/strong>, permitiendo su mantenimiento, transformaci\u00f3n y diversificaci\u00f3n, ya que se ha demostrado que los pa\u00edses con mayor peso industrial son m\u00e1s resilientes.\n<\/p>\n<h3 class=\"paywall subhead\">Beneficios<\/h3>\n<p class=\"paywall\">\n    El cierre de una f\u00e1brica suele dejar una herida profunda en la econom\u00eda, sobre todo en los  municipios que dependen casi en exclusiva de una empresa o sector. La reindustrializaci\u00f3n, sin embargo, es un proceso que lleva aparejado m\u00faltiples beneficios tanto para las <strong>empresas<\/strong> implicadas, como para el <strong>territorio<\/strong> en el que est\u00e1n ubicadas y para las <strong>personas<\/strong>, tal y como dejan constancia los ejemplos mencionados.\n<\/p>\n<p class=\"paywall\">\n    En concreto, un plan de reindustrializaci\u00f3n trata de preservar la reputaci\u00f3n y la imagen corporativa de la compa\u00f1\u00eda, facilita la negociaci\u00f3n con la representaci\u00f3n legal de los trabajadores, contribuye a mantener la paz social, ofrece oportunidades de recolocaci\u00f3n para los trabajadores afectados a trav\u00e9s de nuevos proyectos industriales, genera nuevas actividades econ\u00f3micas y contribuye a la creaci\u00f3n de empleo en el territorio, al tiempo que ayuda a <strong>minimizar el riesgo de &#8220;judicializaci\u00f3n&#8221;<\/strong> del proceso tras alcanzar un acuerdo con la parte social.\n<\/p>\n<h3 class=\"paywall subhead\">Danone vende su planta a la l\u00e1ctea holandesa Royal A-ware <\/h3>\n<figure class=\"paywall multimedia-item \"><amp-img class=\"image\" layout=\"responsive\" src=\"https:\/\/phantom-expansion.unidadeditorial.es\/048f62a17380762681016da7206f8b33\/crop\/0x87\/394x349\/resize\/828\/f\/webp\/assets\/multimedia\/imagenes\/2023\/05\/05\/16832930268695.jpg\" width=\"828\" height=\"551\" srcset=\"https:\/\/phantom-expansion.unidadeditorial.es\/80963111bcd6bcd6e747d4e10255e288\/crop\/0x87\/394x349\/resize\/360\/f\/webp\/assets\/multimedia\/imagenes\/2023\/05\/05\/16832930268695.jpg 360w,https:\/\/phantom-expansion.unidadeditorial.es\/71a4a89fe08e4ebe321a8be31c35dd9e\/crop\/0x87\/394x349\/resize\/375\/f\/webp\/assets\/multimedia\/imagenes\/2023\/05\/05\/16832930268695.jpg 375w,https:\/\/phantom-expansion.unidadeditorial.es\/aa0c9672d0486e5f8366956bb6698f53\/crop\/0x87\/394x349\/resize\/414\/f\/webp\/assets\/multimedia\/imagenes\/2023\/05\/05\/16832930268695.jpg 414w,https:\/\/phantom-expansion.unidadeditorial.es\/4fe250b9c424c63b1dd4095a879d3035\/crop\/0x87\/394x349\/resize\/720\/f\/webp\/assets\/multimedia\/imagenes\/2023\/05\/05\/16832930268695.jpg 720w,https:\/\/phantom-expansion.unidadeditorial.es\/4141e8e0a741c631904efec221a8f5ef\/crop\/0x87\/394x349\/resize\/750\/f\/webp\/assets\/multimedia\/imagenes\/2023\/05\/05\/16832930268695.jpg 750w,https:\/\/phantom-expansion.unidadeditorial.es\/048f62a17380762681016da7206f8b33\/crop\/0x87\/394x349\/resize\/828\/f\/webp\/assets\/multimedia\/imagenes\/2023\/05\/05\/16832930268695.jpg 828w\" sizes=\"100vw - 51px\" alt=\"La f\u00e1brica de Danone en Salas (Asturias) cerr\u00f3 el pasado diciembre.\"><amp-img fallback=\"\" class=\"image\" layout=\"responsive\" src=\"https:\/\/phantom-expansion.unidadeditorial.es\/355261d7bee49dfdfa40e1a7cb5d49c3\/crop\/0x87\/394x349\/resize\/828\/f\/jpg\/assets\/multimedia\/imagenes\/2023\/05\/05\/16832930268695.jpg\" width=\"828\" height=\"551\" srcset=\"https:\/\/phantom-expansion.unidadeditorial.es\/7eb329e7413aaf2f9c4b50db579cf677\/crop\/0x87\/394x349\/resize\/360\/f\/jpg\/assets\/multimedia\/imagenes\/2023\/05\/05\/16832930268695.jpg 360w,https:\/\/phantom-expansion.unidadeditorial.es\/3d60ff0656705dce8138febebedc1244\/crop\/0x87\/394x349\/resize\/375\/f\/jpg\/assets\/multimedia\/imagenes\/2023\/05\/05\/16832930268695.jpg 375w,https:\/\/phantom-expansion.unidadeditorial.es\/a9db2e3d1250a58eb3141dfe8ccc1768\/crop\/0x87\/394x349\/resize\/414\/f\/jpg\/assets\/multimedia\/imagenes\/2023\/05\/05\/16832930268695.jpg 414w,https:\/\/phantom-expansion.unidadeditorial.es\/321699e027411bfd9137588dea7bcdef\/crop\/0x87\/394x349\/resize\/720\/f\/jpg\/assets\/multimedia\/imagenes\/2023\/05\/05\/16832930268695.jpg 720w,https:\/\/phantom-expansion.unidadeditorial.es\/81fee9ac1d23c36dfdcf49b92cf16936\/crop\/0x87\/394x349\/resize\/750\/f\/jpg\/assets\/multimedia\/imagenes\/2023\/05\/05\/16832930268695.jpg 750w,https:\/\/phantom-expansion.unidadeditorial.es\/355261d7bee49dfdfa40e1a7cb5d49c3\/crop\/0x87\/394x349\/resize\/828\/f\/jpg\/assets\/multimedia\/imagenes\/2023\/05\/05\/16832930268695.jpg 828w\" sizes=\"100vw - 51px\" alt=\"La f\u00e1brica de Danone en Salas (Asturias) cerr\u00f3 el pasado diciembre.\"\/><\/amp-img><figcaption class=\"caption\">La f\u00e1brica de Danone en Salas (Asturias) cerr\u00f3 el pasado diciembre.<\/figcaption><\/figure>\n<p class=\"paywall\">\n    La  francesa Danone protagoniz\u00f3 en 1995 el primer caso de reindustrializaci\u00f3n en Espa\u00f1a tras cerrar una f\u00e1brica en Navarra. El \u00faltimo proceso en el que esta empresa de alimentaci\u00f3n dio una segunda vida a una de sus antiguas f\u00e1bricas se produjo el pasado 31 de marzo tras el cierre en diciembre de una planta que ten\u00eda en el municipio asturiano de Salas por razones de competitividad.\n<\/p>\n<p class=\"paywall\"><strong>Royal A-ware<\/strong>, una empresa l\u00e1ctea holandesa con m\u00e1s de 130 a\u00f1os de historia, compr\u00f3 esa f\u00e1brica salense el pasado mes de marzo. Esta compa\u00f1\u00eda, que factura 2.200 millones de euros y da empleo a 3.000 personas, est\u00e1 en pleno proceso de expansi\u00f3n. De hecho, esta es la <strong>primera f\u00e1brica que Royal A-ware pondr\u00e1 en marcha en Espa\u00f1a<\/strong>. En sus planes figura invertir 40 millones de euros para hacer la f\u00e1brica de Salas m\u00e1s sostenible y preparada para el futuro y generar 75 empleos, con prioridad para los antiguos trabajadores (70), ya que sus puestos laborales presentan grandes sinergias, dado que pasar\u00e1n de fabricar yogures y postres a producir mozzarella fresca y en cilindros con leche de vaca.\n<\/p>\n<p class=\"paywall\">\n    Se trata de un tipo de reindustrializaci\u00f3n que supone la <strong>cesi\u00f3n de la actividad<\/strong>. El nuevo due\u00f1o contempla que la nueva f\u00e1brica entre en funcionamiento en septiembre de 2024. Por tanto, este proceso de reindustrializaci\u00f3n permitir\u00e1 la <strong>reactivaci\u00f3n de la econom\u00eda del territorio<\/strong>, ya que la empresa se ha comprometido a trabajar con ganaderos de la zona y utilizar\u00e1 leche local, garantizar\u00e1 la continuidad industrial de la zona y la creaci\u00f3n de empleo. El proceso de identificaci\u00f3n de inversor lo ha llevado a cabo LHH, que contact\u00f3 con m\u00e1s de 1.800 empresas y mantuvo m\u00e1s de 20 reuniones con asociaciones, entidades locales y otros organismos.\n<\/p>\n<h3 class=\"paywall subhead\">Tres empresas toman el relevo a Nissan <\/h3>\n<figure class=\"paywall multimedia-item \"><amp-img class=\"image\" layout=\"responsive\" src=\"https:\/\/phantom-expansion.unidadeditorial.es\/dec88cbe8bc93b519e8066b4baf8f26c\/crop\/0x0\/2044x1363\/resize\/828\/f\/webp\/assets\/multimedia\/imagenes\/2023\/05\/05\/16832930202973.jpg\" width=\"828\" height=\"552\" srcset=\"https:\/\/phantom-expansion.unidadeditorial.es\/6de2309be0f803c871dec84881d16e03\/crop\/0x0\/2044x1363\/resize\/360\/f\/webp\/assets\/multimedia\/imagenes\/2023\/05\/05\/16832930202973.jpg 360w,https:\/\/phantom-expansion.unidadeditorial.es\/5fb4c1a4d2fb682bc29343db0df0695b\/crop\/0x0\/2044x1363\/resize\/375\/f\/webp\/assets\/multimedia\/imagenes\/2023\/05\/05\/16832930202973.jpg 375w,https:\/\/phantom-expansion.unidadeditorial.es\/5707f64bc6210a3f24e547dbb1b50961\/crop\/0x0\/2044x1363\/resize\/414\/f\/webp\/assets\/multimedia\/imagenes\/2023\/05\/05\/16832930202973.jpg 414w,https:\/\/phantom-expansion.unidadeditorial.es\/fe1444e80f5023909ff15b8892b02ddd\/crop\/0x0\/2044x1363\/resize\/720\/f\/webp\/assets\/multimedia\/imagenes\/2023\/05\/05\/16832930202973.jpg 720w,https:\/\/phantom-expansion.unidadeditorial.es\/c14457ccd66d467e859bbfe391f70d89\/crop\/0x0\/2044x1363\/resize\/750\/f\/webp\/assets\/multimedia\/imagenes\/2023\/05\/05\/16832930202973.jpg 750w,https:\/\/phantom-expansion.unidadeditorial.es\/dec88cbe8bc93b519e8066b4baf8f26c\/crop\/0x0\/2044x1363\/resize\/828\/f\/webp\/assets\/multimedia\/imagenes\/2023\/05\/05\/16832930202973.jpg 828w\" sizes=\"100vw - 51px\" alt=\"El ERE de Nissan en Barcelona afect\u00f3 a 2.525 empleados.\"><amp-img fallback=\"\" class=\"image\" layout=\"responsive\" src=\"https:\/\/phantom-expansion.unidadeditorial.es\/91fb152db3c8ac3180bafcc5ee75df81\/crop\/0x0\/2044x1363\/resize\/828\/f\/jpg\/assets\/multimedia\/imagenes\/2023\/05\/05\/16832930202973.jpg\" width=\"828\" height=\"552\" srcset=\"https:\/\/phantom-expansion.unidadeditorial.es\/22ef3cfcfd0af32b3d5df46029f9acf4\/crop\/0x0\/2044x1363\/resize\/360\/f\/jpg\/assets\/multimedia\/imagenes\/2023\/05\/05\/16832930202973.jpg 360w,https:\/\/phantom-expansion.unidadeditorial.es\/96e231ca03ecb7bb4868ef778c34f8d6\/crop\/0x0\/2044x1363\/resize\/375\/f\/jpg\/assets\/multimedia\/imagenes\/2023\/05\/05\/16832930202973.jpg 375w,https:\/\/phantom-expansion.unidadeditorial.es\/168e504f34f9da737e965145ee3c8b19\/crop\/0x0\/2044x1363\/resize\/414\/f\/jpg\/assets\/multimedia\/imagenes\/2023\/05\/05\/16832930202973.jpg 414w,https:\/\/phantom-expansion.unidadeditorial.es\/647e5f5d5894d223c060400ec796e7d9\/crop\/0x0\/2044x1363\/resize\/720\/f\/jpg\/assets\/multimedia\/imagenes\/2023\/05\/05\/16832930202973.jpg 720w,https:\/\/phantom-expansion.unidadeditorial.es\/9ea1a9e1f5f819dd3b7b18da16a130d3\/crop\/0x0\/2044x1363\/resize\/750\/f\/jpg\/assets\/multimedia\/imagenes\/2023\/05\/05\/16832930202973.jpg 750w,https:\/\/phantom-expansion.unidadeditorial.es\/91fb152db3c8ac3180bafcc5ee75df81\/crop\/0x0\/2044x1363\/resize\/828\/f\/jpg\/assets\/multimedia\/imagenes\/2023\/05\/05\/16832930202973.jpg 828w\" sizes=\"100vw - 51px\" alt=\"El ERE de Nissan en Barcelona afect\u00f3 a 2.525 empleados.\"\/><\/amp-img><figcaption class=\"caption\">El ERE de Nissan en Barcelona afect\u00f3 a 2.525 empleados.<\/figcaption><\/figure>\n<p class=\"paywall\">\n    El 5 de agosto de 2020 Nissan anunci\u00f3 el cierre de su f\u00e1brica en la Zona Franca de Barcelona y de los centros de Montcada i Reixach y Sant Andreu de la Barca, <strong>dejando sin trabajo a 2.525 empleados<\/strong>. Despu\u00e9s de casi tres a\u00f1os de andadura para dar un segundo uso a estas plantas y recolocar a una buena parte de su antiguo personal, el pasado 13 de marzo se firm\u00f3 la resoluci\u00f3n del concurso para gestionar la parcela de 500.000 m2 que ocupaba la automovil\u00edstica nipona en la Zona Franca.\n<\/p>\n<p class=\"paywall\">\n    El Consorcio de la Zona Franca (<strong>CZF<\/strong>) de Barcelona adjudic\u00f3 en febrero los terrenos que dej\u00f3 Nissan a la australiana <strong>Goodman<\/strong>, especializada en la construcci\u00f3n y gesti\u00f3n de espacios log\u00edsticos. Adem\u00e1s, la automovil\u00edstica traspas\u00f3 todos los activos -valorados en hasta 200 millones de euros- al consorcio <strong>D-Hub<\/strong> (liderado por QEV Technologies y Btech). El D-Hub, que ser\u00e1 el responsable de la principal actividad que se llevar\u00e1 a cabo en la Zona Franca, pretende invertir 300 millones y fabricar furgonetas el\u00e9ctricas industriales.\n<\/p>\n<p class=\"paywall\">\n    Estos acuerdos abrieron  una nueva etapa en el largo proceso de reindustrializaci\u00f3n de Nissan en la que el foco est\u00e1 ahora puesto en la contrataci\u00f3n de unos 1.250 antiguos empleados, que esperan ser fichados por el D-Hub, que prev\u00e9 iniciar la producci\u00f3n a principios de 2024. Durante este proceso se han evaluado 17 proyectos de reindustrializaci\u00f3n y ya en una primera fase, en julio de 2021, la Comisi\u00f3n de Reindustrializaci\u00f3n aprob\u00f3 el proyecto del fabricante de motos el\u00e9ctricas <strong>Silence (filial de Acciona)<\/strong>, para fabricar veh\u00edculos biplaza de movilidad el\u00e9ctrica. Este proceso ha estado asesorado por KPMG y ha sido posible gracias a los sindicatos, a la direcci\u00f3n de Nissan, a la Generalitat, al CZF, y al Gobierno.\n<\/p>\n<h3 class=\"paywall subhead\">Una nueva vida para las instalaciones de Siemens Gamesa <\/h3>\n<figure class=\"paywall multimedia-item \"><amp-img class=\"image\" layout=\"responsive\" src=\"https:\/\/phantom-expansion.unidadeditorial.es\/39c22772fae7cfeecfabbf53233e9eaf\/crop\/43x0\/1325x777\/resize\/828\/f\/webp\/assets\/multimedia\/imagenes\/2023\/05\/05\/16832931813900.jpg\" width=\"828\" height=\"502\" srcset=\"https:\/\/phantom-expansion.unidadeditorial.es\/a988584a1f7d1ba4c733e815aa4fc404\/crop\/43x0\/1325x777\/resize\/360\/f\/webp\/assets\/multimedia\/imagenes\/2023\/05\/05\/16832931813900.jpg 360w,https:\/\/phantom-expansion.unidadeditorial.es\/3098142d0ed82c0ef11d1578b4f5f4f1\/crop\/43x0\/1325x777\/resize\/375\/f\/webp\/assets\/multimedia\/imagenes\/2023\/05\/05\/16832931813900.jpg 375w,https:\/\/phantom-expansion.unidadeditorial.es\/fdf731955fdebccaed99949bf3e2d252\/crop\/43x0\/1325x777\/resize\/414\/f\/webp\/assets\/multimedia\/imagenes\/2023\/05\/05\/16832931813900.jpg 414w,https:\/\/phantom-expansion.unidadeditorial.es\/b7c72ab1c59cb0a59b5c5a8960e2a83a\/crop\/43x0\/1325x777\/resize\/720\/f\/webp\/assets\/multimedia\/imagenes\/2023\/05\/05\/16832931813900.jpg 720w,https:\/\/phantom-expansion.unidadeditorial.es\/fcf9392ecd21cdc6a25cb4b57aa8a47e\/crop\/43x0\/1325x777\/resize\/750\/f\/webp\/assets\/multimedia\/imagenes\/2023\/05\/05\/16832931813900.jpg 750w,https:\/\/phantom-expansion.unidadeditorial.es\/39c22772fae7cfeecfabbf53233e9eaf\/crop\/43x0\/1325x777\/resize\/828\/f\/webp\/assets\/multimedia\/imagenes\/2023\/05\/05\/16832931813900.jpg 828w\" sizes=\"100vw - 51px\" alt=\"La planta de Amper empezar\u00e1 a funcionar en la segunda mitad del a\u00f1o.\"><amp-img fallback=\"\" class=\"image\" layout=\"responsive\" src=\"https:\/\/phantom-expansion.unidadeditorial.es\/867c841f3da246ff5a4dfc6e090f7db1\/crop\/43x0\/1325x777\/resize\/828\/f\/jpg\/assets\/multimedia\/imagenes\/2023\/05\/05\/16832931813900.jpg\" width=\"828\" height=\"502\" srcset=\"https:\/\/phantom-expansion.unidadeditorial.es\/781d5a5469190742974f94873b8bb880\/crop\/43x0\/1325x777\/resize\/360\/f\/jpg\/assets\/multimedia\/imagenes\/2023\/05\/05\/16832931813900.jpg 360w,https:\/\/phantom-expansion.unidadeditorial.es\/b5159573016ebb54ad80b1d8c5869725\/crop\/43x0\/1325x777\/resize\/375\/f\/jpg\/assets\/multimedia\/imagenes\/2023\/05\/05\/16832931813900.jpg 375w,https:\/\/phantom-expansion.unidadeditorial.es\/277ee3139429aa7c8d86e175b00e693e\/crop\/43x0\/1325x777\/resize\/414\/f\/jpg\/assets\/multimedia\/imagenes\/2023\/05\/05\/16832931813900.jpg 414w,https:\/\/phantom-expansion.unidadeditorial.es\/27ad3705416636768fc460ded4a934ad\/crop\/43x0\/1325x777\/resize\/720\/f\/jpg\/assets\/multimedia\/imagenes\/2023\/05\/05\/16832931813900.jpg 720w,https:\/\/phantom-expansion.unidadeditorial.es\/52880ea77cb99f6861d0bc53ac1acabe\/crop\/43x0\/1325x777\/resize\/750\/f\/jpg\/assets\/multimedia\/imagenes\/2023\/05\/05\/16832931813900.jpg 750w,https:\/\/phantom-expansion.unidadeditorial.es\/867c841f3da246ff5a4dfc6e090f7db1\/crop\/43x0\/1325x777\/resize\/828\/f\/jpg\/assets\/multimedia\/imagenes\/2023\/05\/05\/16832931813900.jpg 828w\" sizes=\"100vw - 51px\" alt=\"La planta de Amper empezar\u00e1 a funcionar en la segunda mitad del a\u00f1o.\"\/><\/amp-img><figcaption class=\"caption\">La planta de Amper empezar\u00e1 a funcionar en la segunda mitad del a\u00f1o.<\/figcaption><\/figure>\n<p class=\"paywall\"><strong>Amper<\/strong>, el grupo que preside el exministro <strong>Pedro Moren\u00e9s<\/strong>, compr\u00f3 en febrero las instalaciones que ocupaba Siemens Gamesa en la localidad de As Somozas (LaCoru\u00f1a) para darles una segunda vida. Tras varios intentos para devolver la actividad a esta planta, finalmente la filial de energ\u00eda y construcci\u00f3n naval de Amper, <strong>Nervion Naval Offshore<\/strong> (especializada en la fabricaci\u00f3n y ensamblaje de estructuras fijas y flotantes para la e\u00f3lica marina), ser\u00e1 la que pondr\u00e1 en marcha la nueva f\u00e1brica en la segunda mitad de 2023.\n<\/p>\n<p class=\"paywall\">\n    Esta planta complementar\u00e1 la actividad de Nervi\u00f3n en el Puerto Exterior de Ferrol y ayudar\u00e1 a Amper a <strong>reforzar su pol\u00edtica de crecimiento<\/strong> para cubrir una parte de la demanda que se espera en la e\u00f3lica marina. El proyecto supone una inversi\u00f3n de 25 millones de euros. La parcela abarca 35.000 m2 de naves cubiertas, 5.000 m2 de naves de pintura, edificios de oficinas y 65.000 m2 de parcela, por lo que las oportunidades que se generan para la fabricaci\u00f3n de piezas para las estructuras de e\u00f3lica marina se multiplican y redundan en una industrializaci\u00f3n y modernizaci\u00f3n de la producci\u00f3n en serie de este tipo de proyectos.\n<\/p>\n<p class=\"paywall\">\n    Con el acuerdo de venta de las instalaciones, Siemens Gamesa cumpli\u00f3 con el<strong> compromiso de reindustrializaci\u00f3n<\/strong> adquirido tras el cese de su f\u00e1brica de palas para aerogeneradores hace m\u00e1s de dos a\u00f1os. En el proceso, que ha durado 18 meses, han participado UGT, CCOO, CBRE, la Xunta de Galicia y LHH, que se encarg\u00f3 tanto de la b\u00fasqueda de inversor (contact\u00f3 con 8.500 empresas), como de un plan de recolocaci\u00f3n externa de los empleados  mediante el que <strong>se ha dado trabajo a 182 antiguos trabajadores<\/strong> de los 189 que se acogieron. Nervi\u00f3n generar\u00e1 unos 100 puestos de trabajo, con previsi\u00f3n de aumentar ese n\u00famero a partir de 2025.\n<\/p>\n<h3 class=\"paywall subhead\">V\u00eda libre a la mayor f\u00e1brica de paneles solares de Espa\u00f1a<\/h3>\n<figure class=\"paywall multimedia-item \"><amp-img class=\"image\" layout=\"responsive\" src=\"https:\/\/phantom-expansion.unidadeditorial.es\/0a2a2ff7eb3a84e423703b5541a784a6\/crop\/301x0\/2003x1135\/resize\/828\/f\/webp\/assets\/multimedia\/imagenes\/2023\/05\/05\/16832931899613.png\" width=\"828\" height=\"552\" srcset=\"https:\/\/phantom-expansion.unidadeditorial.es\/89c56cb065ba39fb4739808da0c581c9\/crop\/301x0\/2003x1135\/resize\/360\/f\/webp\/assets\/multimedia\/imagenes\/2023\/05\/05\/16832931899613.png 360w,https:\/\/phantom-expansion.unidadeditorial.es\/0a6ef109b41846e867e647ce705dae76\/crop\/301x0\/2003x1135\/resize\/375\/f\/webp\/assets\/multimedia\/imagenes\/2023\/05\/05\/16832931899613.png 375w,https:\/\/phantom-expansion.unidadeditorial.es\/697cea05090fceb9c09f9d078d5ffd32\/crop\/301x0\/2003x1135\/resize\/414\/f\/webp\/assets\/multimedia\/imagenes\/2023\/05\/05\/16832931899613.png 414w,https:\/\/phantom-expansion.unidadeditorial.es\/6d80b107810f731a738c825586ac0ccd\/crop\/301x0\/2003x1135\/resize\/720\/f\/webp\/assets\/multimedia\/imagenes\/2023\/05\/05\/16832931899613.png 720w,https:\/\/phantom-expansion.unidadeditorial.es\/d496e0788190c5981550c4befa132904\/crop\/301x0\/2003x1135\/resize\/750\/f\/webp\/assets\/multimedia\/imagenes\/2023\/05\/05\/16832931899613.png 750w,https:\/\/phantom-expansion.unidadeditorial.es\/0a2a2ff7eb3a84e423703b5541a784a6\/crop\/301x0\/2003x1135\/resize\/828\/f\/webp\/assets\/multimedia\/imagenes\/2023\/05\/05\/16832931899613.png 828w\" sizes=\"100vw - 51px\" alt=\"Recreaci\u00f3n de la nueva f\u00e1brica en Langreo (Asturias).\"><amp-img fallback=\"\" class=\"image\" layout=\"responsive\" src=\"https:\/\/phantom-expansion.unidadeditorial.es\/677cb04e9f710bfa87dcd41bc4c994ee\/crop\/301x0\/2003x1135\/resize\/828\/f\/jpg\/assets\/multimedia\/imagenes\/2023\/05\/05\/16832931899613.png\" width=\"828\" height=\"552\" srcset=\"https:\/\/phantom-expansion.unidadeditorial.es\/dc8abe5e53c766d71c99948d43a65b18\/crop\/301x0\/2003x1135\/resize\/360\/f\/jpg\/assets\/multimedia\/imagenes\/2023\/05\/05\/16832931899613.png 360w,https:\/\/phantom-expansion.unidadeditorial.es\/cb2b722da43901eca16571ad124e91a4\/crop\/301x0\/2003x1135\/resize\/375\/f\/jpg\/assets\/multimedia\/imagenes\/2023\/05\/05\/16832931899613.png 375w,https:\/\/phantom-expansion.unidadeditorial.es\/b043b996bc4b4cdfb66108921fa7d75c\/crop\/301x0\/2003x1135\/resize\/414\/f\/jpg\/assets\/multimedia\/imagenes\/2023\/05\/05\/16832931899613.png 414w,https:\/\/phantom-expansion.unidadeditorial.es\/7738b66dc789d46edf180873747e7930\/crop\/301x0\/2003x1135\/resize\/720\/f\/jpg\/assets\/multimedia\/imagenes\/2023\/05\/05\/16832931899613.png 720w,https:\/\/phantom-expansion.unidadeditorial.es\/34da54a31bdfd398baa582ebf4b6ffe4\/crop\/301x0\/2003x1135\/resize\/750\/f\/jpg\/assets\/multimedia\/imagenes\/2023\/05\/05\/16832931899613.png 750w,https:\/\/phantom-expansion.unidadeditorial.es\/677cb04e9f710bfa87dcd41bc4c994ee\/crop\/301x0\/2003x1135\/resize\/828\/f\/jpg\/assets\/multimedia\/imagenes\/2023\/05\/05\/16832931899613.png 828w\" sizes=\"100vw - 51px\" alt=\"Recreaci\u00f3n de la nueva f\u00e1brica en Langreo (Asturias).\"\/><\/amp-img><figcaption class=\"caption\">Recreaci\u00f3n de la nueva f\u00e1brica en Langreo (Asturias).<\/figcaption><\/figure>\n<p class=\"paywall\"><strong>Iberdrola<\/strong>, la mayor energ\u00e9tica espa\u00f1ola, y la asturiana <strong>Exiom,<\/strong> especializada en la fabricaci\u00f3n de paneles solares fotovoltaicos, han creado una alianza para levantar en Langreo (Asturias) la mayor planta de montaje de paneles solares de Espa\u00f1a y una de las primeras a escala industrial de Europa. Lo har\u00e1n en las instalaciones que hasta finales de 2019 emple\u00f3 la empresa brit\u00e1nica Vesuvius, de productos refractarios y cer\u00e1micas de uso sider\u00fargico. Vesuvius firm\u00f3 en febrero la venta de esta planta y la nueva f\u00e1brica entrar\u00e1 en funcionamiento este mismo a\u00f1o.\n<\/p>\n<p class=\"paywall\">\n    En ella se construir\u00e1 medio mill\u00f3n de paneles solares al a\u00f1o, equivalente a 500 megavatios, por lo que Langreo recuperar\u00e1 parte del tejido industrial perdido en los \u00faltimos a\u00f1os. Esta iniciativa, que refuerza el compromiso de Exiom e Iberdrola con la reactivaci\u00f3n econ\u00f3mica de las cuencas mineras, favorecer\u00e1 la industrializaci\u00f3n asociada a la transici\u00f3n energ\u00e9tica. El cese de la planta supuso el despido colectivo de 111 trabajadores con un notable impacto en el territorio.\n<\/p>\n<p class=\"paywall\">\n    Esta nueva f\u00e1brica<strong> generar\u00e1 115 empleos<\/strong>, con prioridad para los antiguos trabajadores. Supondr\u00e1 una <strong>inversi\u00f3n de 20 millones<\/strong> y est\u00e1n previstas fases posteriores para otros componentes de la cadena de valor fotovoltaica. La b\u00fasqueda de un nuevo inversor para Langreo se ha prolongado durante m\u00e1s de tres a\u00f1os y ha sido posible con la colaboraci\u00f3n entre Vesuvius Ib\u00e9rica y LHH (que <strong>contact\u00f3 con 12.000 empresas<\/strong>), el apoyo de las Administraciones P\u00fablicas, los agentes sociales y las C\u00e1maras de Comercio de Asturias. Otra f\u00e1brica que Vesuvius cerr\u00f3 en Miranda de Ebro (Burgos), fue comprada por la malague\u00f1a Tropical Millenium en 2021 y transformada para la distribuci\u00f3n de fruta.\n<\/p>\n<h3 class=\"paywall subhead\">Endesa da paso a 14 proyectos industriales sostenibles<\/h3>\n<figure class=\"paywall multimedia-item \"><amp-img class=\"image\" layout=\"responsive\" src=\"https:\/\/phantom-expansion.unidadeditorial.es\/c9dc39f7b83b0b3fcc658eb3dd48515f\/crop\/122x0\/1747x1083\/resize\/828\/f\/webp\/assets\/multimedia\/imagenes\/2023\/05\/05\/16832931838034.jpg\" width=\"828\" height=\"552\" srcset=\"https:\/\/phantom-expansion.unidadeditorial.es\/ea3362ebbb414ae43c7e4d9515fc401f\/crop\/122x0\/1747x1083\/resize\/360\/f\/webp\/assets\/multimedia\/imagenes\/2023\/05\/05\/16832931838034.jpg 360w,https:\/\/phantom-expansion.unidadeditorial.es\/97efaea02d32145dd54e24c59022db93\/crop\/122x0\/1747x1083\/resize\/375\/f\/webp\/assets\/multimedia\/imagenes\/2023\/05\/05\/16832931838034.jpg 375w,https:\/\/phantom-expansion.unidadeditorial.es\/4fbf4eec478935dd53755f3433b763fc\/crop\/122x0\/1747x1083\/resize\/414\/f\/webp\/assets\/multimedia\/imagenes\/2023\/05\/05\/16832931838034.jpg 414w,https:\/\/phantom-expansion.unidadeditorial.es\/11e8047957d9701d9880d70bb08ecc73\/crop\/122x0\/1747x1083\/resize\/720\/f\/webp\/assets\/multimedia\/imagenes\/2023\/05\/05\/16832931838034.jpg 720w,https:\/\/phantom-expansion.unidadeditorial.es\/a80c625d5a9af1ff5257a7b97237af4c\/crop\/122x0\/1747x1083\/resize\/750\/f\/webp\/assets\/multimedia\/imagenes\/2023\/05\/05\/16832931838034.jpg 750w,https:\/\/phantom-expansion.unidadeditorial.es\/c9dc39f7b83b0b3fcc658eb3dd48515f\/crop\/122x0\/1747x1083\/resize\/828\/f\/webp\/assets\/multimedia\/imagenes\/2023\/05\/05\/16832931838034.jpg 828w\" sizes=\"100vw - 51px\" alt=\"Antigua central t\u00e9rmica de Endesa en Carboneras (Almer\u00eda).\"><amp-img fallback=\"\" class=\"image\" layout=\"responsive\" src=\"https:\/\/phantom-expansion.unidadeditorial.es\/0d9d2e1a7305eaeb9a0017ee582799f0\/crop\/122x0\/1747x1083\/resize\/828\/f\/jpg\/assets\/multimedia\/imagenes\/2023\/05\/05\/16832931838034.jpg\" width=\"828\" height=\"552\" srcset=\"https:\/\/phantom-expansion.unidadeditorial.es\/517a1fe2163e3995afe3375fd1352c9e\/crop\/122x0\/1747x1083\/resize\/360\/f\/jpg\/assets\/multimedia\/imagenes\/2023\/05\/05\/16832931838034.jpg 360w,https:\/\/phantom-expansion.unidadeditorial.es\/6d1a71d4f29037e4b86f6f59127de5dd\/crop\/122x0\/1747x1083\/resize\/375\/f\/jpg\/assets\/multimedia\/imagenes\/2023\/05\/05\/16832931838034.jpg 375w,https:\/\/phantom-expansion.unidadeditorial.es\/f1cd99068f1f1a32608ae29d8c94c819\/crop\/122x0\/1747x1083\/resize\/414\/f\/jpg\/assets\/multimedia\/imagenes\/2023\/05\/05\/16832931838034.jpg 414w,https:\/\/phantom-expansion.unidadeditorial.es\/6e13221127fb959817dae180ae45b658\/crop\/122x0\/1747x1083\/resize\/720\/f\/jpg\/assets\/multimedia\/imagenes\/2023\/05\/05\/16832931838034.jpg 720w,https:\/\/phantom-expansion.unidadeditorial.es\/89992c1019ead88b0bad716d2f78e607\/crop\/122x0\/1747x1083\/resize\/750\/f\/jpg\/assets\/multimedia\/imagenes\/2023\/05\/05\/16832931838034.jpg 750w,https:\/\/phantom-expansion.unidadeditorial.es\/0d9d2e1a7305eaeb9a0017ee582799f0\/crop\/122x0\/1747x1083\/resize\/828\/f\/jpg\/assets\/multimedia\/imagenes\/2023\/05\/05\/16832931838034.jpg 828w\" sizes=\"100vw - 51px\" alt=\"Antigua central t\u00e9rmica de Endesa en Carboneras (Almer\u00eda).\"\/><\/amp-img><figcaption class=\"caption\">Antigua central t\u00e9rmica de Endesa en Carboneras (Almer\u00eda).<\/figcaption><\/figure>\n<p class=\"paywall\">\n    En diciembre de 2021 Endesa desconect\u00f3, tras casi cuatro d\u00e9cadas de funcionamiento, su central t\u00e9rmica Litoral ubicada en la localidad almeriense de Carboneras, ahora en pleno proceso de desmantelamiento. Su cierre respondi\u00f3 a la p\u00e9rdida de competitividad de las centrales t\u00e9rmicas de carb\u00f3n despu\u00e9s de que en 2019 se <strong>disparara el precio del di\u00f3xido de carbono<\/strong> en el mercado europeo para tratar de reducir las emisiones y promover el uso de energ\u00edas m\u00e1s limpias. Tras su cierre, Endesa lanz\u00f3 el concurso internacional &#8216;Futur-e&#8217; con el objetivo de buscar proyectos para el desarrollo econ\u00f3mico e industrial de los 297.000 metros cuadrados que ocupaban los terrenos de su central y su terminal portuaria.\n<\/p>\n<p class=\"paywall\">\n    Este plan de reindustrializaci\u00f3n permiti\u00f3 identificar <strong>14 nuevos proyectos<\/strong> de inversi\u00f3n de diez promotores diferentes para el mismo emplazamiento en el que se situaba la central t\u00e9rmica. Estos proyectos abarcan sectores que van desde los biofertilizantes, las piscifactor\u00edas, la econom\u00eda circular, los nuevos materiales de construcci\u00f3n, el tratamiento de aguas, las microalgas o los biocombustibles.\n<\/p>\n<p class=\"paywall\">\n     En paralelo,<strong> Endesa va a continuar haciendo all\u00ed proyectos relacionados con las energ\u00edas renovables<\/strong>: instalar\u00e1 1.200 megavatios (MW) de potencia renovable que sustituir\u00e1n a los1.159 MW de su antigua central t\u00e9rmica. Esto supondr\u00e1 una inversi\u00f3n de 1.200 millones y la creaci\u00f3n de m\u00e1s de 2.000 empleos durante la construcci\u00f3n, y 400 en la fase de operaci\u00f3n y mantenimiento. Esta reindustrializaci\u00f3n, asesorada por LHH, supera el n\u00famero de empleos creados respecto a los que se iban a perder y permitir\u00e1 la formaci\u00f3n en renovables de la poblaci\u00f3n local para mejorar su empleabilidad.\n<\/p>\n<h3 class=\"paywall subhead\">Viru dar\u00e1 una segunda vida a la planta de Ardo en Marcilla<\/h3>\n<figure class=\"paywall multimedia-item \"><amp-img class=\"image\" layout=\"responsive\" src=\"https:\/\/phantom-expansion.unidadeditorial.es\/abe6cef5221d39b66ad8475b7d6a8969\/crop\/0x0\/705x470\/resize\/828\/f\/webp\/assets\/multimedia\/imagenes\/2023\/05\/05\/16832933146721.jpg\" width=\"828\" height=\"552\" srcset=\"https:\/\/phantom-expansion.unidadeditorial.es\/d1586663d61532128b31a7ec3708bcf4\/crop\/0x0\/705x470\/resize\/360\/f\/webp\/assets\/multimedia\/imagenes\/2023\/05\/05\/16832933146721.jpg 360w,https:\/\/phantom-expansion.unidadeditorial.es\/941f198c5a6b6e9d2d279843b6b41ff2\/crop\/0x0\/705x470\/resize\/375\/f\/webp\/assets\/multimedia\/imagenes\/2023\/05\/05\/16832933146721.jpg 375w,https:\/\/phantom-expansion.unidadeditorial.es\/cb1fdaae68e4563ba2f9c819f39a0c8b\/crop\/0x0\/705x470\/resize\/414\/f\/webp\/assets\/multimedia\/imagenes\/2023\/05\/05\/16832933146721.jpg 414w,https:\/\/phantom-expansion.unidadeditorial.es\/0f693bffc5aabed47764f9f4a6d9f52d\/crop\/0x0\/705x470\/resize\/720\/f\/webp\/assets\/multimedia\/imagenes\/2023\/05\/05\/16832933146721.jpg 720w,https:\/\/phantom-expansion.unidadeditorial.es\/be1b11bff76e13e5564e7ebf9e7bef5b\/crop\/0x0\/705x470\/resize\/750\/f\/webp\/assets\/multimedia\/imagenes\/2023\/05\/05\/16832933146721.jpg 750w,https:\/\/phantom-expansion.unidadeditorial.es\/abe6cef5221d39b66ad8475b7d6a8969\/crop\/0x0\/705x470\/resize\/828\/f\/webp\/assets\/multimedia\/imagenes\/2023\/05\/05\/16832933146721.jpg 828w\" sizes=\"100vw - 51px\" alt=\"La planta de Ardo en Marcilla (Navarra) ha sido comprada por Viru.\"><amp-img fallback=\"\" class=\"image\" layout=\"responsive\" src=\"https:\/\/phantom-expansion.unidadeditorial.es\/c217911db3fc21e948c76f9e27d6664a\/crop\/0x0\/705x470\/resize\/828\/f\/jpg\/assets\/multimedia\/imagenes\/2023\/05\/05\/16832933146721.jpg\" width=\"828\" height=\"552\" srcset=\"https:\/\/phantom-expansion.unidadeditorial.es\/23a1d40344e2ee7fc5d3ecfdee651879\/crop\/0x0\/705x470\/resize\/360\/f\/jpg\/assets\/multimedia\/imagenes\/2023\/05\/05\/16832933146721.jpg 360w,https:\/\/phantom-expansion.unidadeditorial.es\/1e9822a30803f43b85ca9b16dddcfb71\/crop\/0x0\/705x470\/resize\/375\/f\/jpg\/assets\/multimedia\/imagenes\/2023\/05\/05\/16832933146721.jpg 375w,https:\/\/phantom-expansion.unidadeditorial.es\/1a151a82b4351400320e7a1465fd4f7b\/crop\/0x0\/705x470\/resize\/414\/f\/jpg\/assets\/multimedia\/imagenes\/2023\/05\/05\/16832933146721.jpg 414w,https:\/\/phantom-expansion.unidadeditorial.es\/e092ad8c7e6145ccd7efbd0f2b8595cc\/crop\/0x0\/705x470\/resize\/720\/f\/jpg\/assets\/multimedia\/imagenes\/2023\/05\/05\/16832933146721.jpg 720w,https:\/\/phantom-expansion.unidadeditorial.es\/9a6ec63a5aa70d4ad52538a97912d202\/crop\/0x0\/705x470\/resize\/750\/f\/jpg\/assets\/multimedia\/imagenes\/2023\/05\/05\/16832933146721.jpg 750w,https:\/\/phantom-expansion.unidadeditorial.es\/c217911db3fc21e948c76f9e27d6664a\/crop\/0x0\/705x470\/resize\/828\/f\/jpg\/assets\/multimedia\/imagenes\/2023\/05\/05\/16832933146721.jpg 828w\" sizes=\"100vw - 51px\" alt=\"La planta de Ardo en Marcilla (Navarra) ha sido comprada por Viru.\"\/><\/amp-img><figcaption class=\"caption\">La planta de Ardo en Marcilla (Navarra) ha sido comprada por Viru.<\/figcaption><\/figure>\n<p class=\"paywall\">\n    La multinacional peruana <strong>Viru<\/strong>, especializada en frutas y verduras en conservas y congeladas, y la belga <strong>Ardo Foods<\/strong> (heredera de la antigua Frudesa), proveedor de hortalizas y frutas ultracongeladas, manten\u00edan una estrecha colaboraci\u00f3n desde hace varios a\u00f1os. Hasta que Ardo se vio obligada a realizar un proceso de reestructuraci\u00f3n en su planta de Marcilla (Navarra) por la falta de otras actividades complementarias que permitiesen sostener los elevados costes operativos y de mantener un emplazamiento de 60.000 metros2, sobredimensionado para la log\u00edstica de &#8216;picking&#8217; que se realizaba hasta la fecha. Ardo contrat\u00f3 a LHH para llevar a cabo su proceso de reindustrializaci\u00f3n, que finaliz\u00f3 en 2022 tras casi un a\u00f1o.\n<\/p>\n<p class=\"paywall\">\n    El plan concluy\u00f3 con la <strong>compra por parte de la empresa peruana Viru de la planta operada por Ardo<\/strong> desde 2016 -a\u00f1o en el que esta empresa se hizo con el control de Ultracongelados de la Ribera (UCR)- las naves, los terrenos, la actividad y la subrogaci\u00f3n total de la plantilla. Viru present\u00f3 un ambicioso plan de negocio, que incluy\u00f3 la ampliaci\u00f3n a nuevas actividades que garantizasen la rentabilidad del emplazamiento, pero adem\u00e1s encajaba con los planes de Ardo de ofrecer una soluci\u00f3n industrial que supusiera la subrogaci\u00f3n de su plantilla, el mantenimiento de la actividad y el empleo en esa poblaci\u00f3n de menos de 3.000 habitantes. Esta reestructuraci\u00f3n afectaba a los <strong>30 trabajadores<\/strong> que ten\u00eda la f\u00e1brica, a los que &#8220;se les ha ofrecido una soluci\u00f3n \u00f3ptima&#8221;, indica LHH.\n<\/p>\n<p class=\"paywall\">\n    Ahora <strong>Ardo continuar\u00e1 colaborando con Viru<\/strong> como proveedor del servicio log\u00edstico desde las instalaciones de Marcilla.\n<\/p>\n<\/div>\n\n<p><em> \u2018 The preceding article may include information circulated by third parties \u2019 <\/em><\/p>\n<p><em> \u2018 Some details of this article were extracted from the following source amp.expansion.com \u2019 <\/em><\/p>\n","protected":false},"excerpt":{"rendered":"<p>Cada ma\u00f1ana desde hace veintid\u00f3s a\u00f1os y medio Mario P\u00e9rez se desplaza para trabajar desde su Oviedo natal hasta la localidad asturiana de Salas. All\u00ed se encontraba desde hace m\u00e1s de cuatro d\u00e9cadas la f\u00e1brica de Danone, hasta que a principios de diciembre la actividad se par\u00f3. Danone decidi\u00f3 redirigir la producci\u00f3n a Francia debido [&hellip;]<\/p>\n","protected":false},"author":2,"featured_media":527853,"comment_status":"open","ping_status":"closed","sticky":false,"template":"","format":"standard","meta":{"om_disable_all_campaigns":false,"jnews-multi-image_gallery":[],"jnews_single_post":[],"jnews_primary_category":[],"jnews_social_meta":[],"footnotes":""},"categories":[43],"tags":[634,24633,604,9462],"class_list":["post-527852","post","type-post","status-publish","format-standard","has-post-thumbnail","hentry","category-gourmet","tag-empresas","tag-empresas-industria","tag-industria","tag-motor"],"_links":{"self":[{"href":"https:\/\/dimensionturistica.com\/es\/wp-json\/wp\/v2\/posts\/527852","targetHints":{"allow":["GET"]}}],"collection":[{"href":"https:\/\/dimensionturistica.com\/es\/wp-json\/wp\/v2\/posts"}],"about":[{"href":"https:\/\/dimensionturistica.com\/es\/wp-json\/wp\/v2\/types\/post"}],"author":[{"embeddable":true,"href":"https:\/\/dimensionturistica.com\/es\/wp-json\/wp\/v2\/users\/2"}],"replies":[{"embeddable":true,"href":"https:\/\/dimensionturistica.com\/es\/wp-json\/wp\/v2\/comments?post=527852"}],"version-history":[{"count":0,"href":"https:\/\/dimensionturistica.com\/es\/wp-json\/wp\/v2\/posts\/527852\/revisions"}],"wp:featuredmedia":[{"embeddable":true,"href":"https:\/\/dimensionturistica.com\/es\/wp-json\/wp\/v2\/media\/527853"}],"wp:attachment":[{"href":"https:\/\/dimensionturistica.com\/es\/wp-json\/wp\/v2\/media?parent=527852"}],"wp:term":[{"taxonomy":"category","embeddable":true,"href":"https:\/\/dimensionturistica.com\/es\/wp-json\/wp\/v2\/categories?post=527852"},{"taxonomy":"post_tag","embeddable":true,"href":"https:\/\/dimensionturistica.com\/es\/wp-json\/wp\/v2\/tags?post=527852"}],"curies":[{"name":"wp","href":"https:\/\/api.w.org\/{rel}","templated":true}]}}