{"id":527820,"date":"2023-05-06T03:53:19","date_gmt":"2023-05-06T03:53:19","guid":{"rendered":"https:\/\/dimensionturistica.com\/es\/?p=527820"},"modified":"2023-05-06T03:53:19","modified_gmt":"2023-05-06T03:53:19","slug":"uno-de-los-mejores-100-hoteles-del-mundo-esta-en-benidorm-segun-el-mayor-turoperador-de-europa","status":"publish","type":"post","link":"https:\/\/dimensionturistica.com\/es\/uno-de-los-mejores-100-hoteles-del-mundo-esta-en-benidorm-segun-el-mayor-turoperador-de-europa\/","title":{"rendered":"Uno de los mejores 100 hoteles del mundo est\u00e1 en Benidorm, seg\u00fan el mayor turoperador de Europa"},"content":{"rendered":"<p> <br \/>\n<\/p>\n<div>\n<p class=\"paragraph\" id=\"paragraph_1\">De los 100 mejores hoteles del mundo, <strong>17 est\u00e1n en Espa\u00f1a:<\/strong> 13 en Baleares y Canarias y solo cuatro en la Pen\u00ednsula Ib\u00e9rica; de \u00e9stos, dos se encuentran en la provincia de M\u00e1laga, uno en Girona y -finalmente- el \u00faltimo en la provincia de Alicante, concretamente en Benidorm. Esta es la criba que<strong> ha realizado el turoperador TUI,<\/strong> el m\u00e1s grande de Europa y uno de los mayores del mundo, para la edici\u00f3n 2023 de sus\u00a0<span>Hotel Awards. En ellos se reconoce a los establecimientos<strong> con mejores encuestas de satisfacci\u00f3n<\/strong> de todos con los que trabaja el gigante alem\u00e1n.\u00a0<\/span><\/p>\n<p class=\"paragraph\" id=\"paragraph_2\">El hotel distinguido en Benidorm (de los m\u00e1s de 140 que hay en la ciudad) <a rel=\"nofollow noopener\" target=\"_blank\" href=\"https:\/\/www.elespanol.com\/alicante\/economia\/turismo\/20220517\/mitico-hotel-don-pancho-grande-benidorm-cuestion\/672933015_0.amp.html\" data-amp-replace=\"CLIENT_ID\" data-amp-addparams=\"reader_id=CLIENT_ID(amp-access)\">es el hist\u00f3rico Don Pancho, uno de los cuatro estrellas con m\u00e1s historia<\/a> de la localidad. Inaugurado en mayo de 1972 (el a\u00f1o pasado cumpli\u00f3 medio siglo), hace poco complet\u00f3 una renovaci\u00f3n integral y <strong>dispone de 256 habitaciones con terraza<\/strong> y vistas al mar. Por \u00e9l han pasado numerosas personalidades y es el hotel oficial del Benidorm Fest.<\/p>\n<p class=\"paragraph\" id=\"paragraph_3\">El Don Pancho se encuentra ubicado en segunda l\u00ednea de playa, en plena avenida Mediterr\u00e1neo,<strong> una de las arterias principales de Benidorm<\/strong> y la v\u00eda que vertebr\u00f3 el municipio cuando se convirti\u00f3 en el primero del pa\u00eds en tramitar un Plan General de Ordenaci\u00f3n Urbana.\u00a0<\/p>\n<p class=\"paragraph\" id=\"paragraph_4\">[<a rel=\"nofollow noopener\" target=\"_blank\" href=\"https:\/\/www.elespanol.com\/alicante\/20221128\/benidorm-abrazo-cambio-pequeno-pesquero-avenida-mediterraneo\/721677827_0.amp.html\" data-amp-replace=\"CLIENT_ID\" data-amp-addparams=\"reader_id=CLIENT_ID(amp-access)\"><em>El d\u00eda en que Benidorm abraz\u00f3 el mar: as\u00ed cambi\u00f3 un peque\u00f1o pueblo pesquero la Avenida del Mediterr\u00e1neo<\/em><\/a>]<\/p>\n<p class=\"paragraph\" data-gtm-vis-first-on-screen-1664348_107=\"8689\" data-gtm-vis-first-on-screen-1664348_111=\"8686\" data-gtm-vis-has-fired-1664348_107=\"1\" data-gtm-vis-has-fired-1664348_111=\"1\" data-gtm-vis-recent-on-screen-1664348_107=\"8689\" data-gtm-vis-recent-on-screen-1664348_111=\"8686\" data-gtm-vis-total-visible-time-1664348_107=\"100\" data-gtm-vis-total-visible-time-1664348_111=\"100\" data-mrf-recirculation=\"links-parrafos\" id=\"paragraph_5\">Su primer impulsor fue\u00a0<strong>Manuel Torrubia<\/strong>, uno de los cinco hermanos Torrubia, una familia muy conocida en el pueblo. Este empresario decidi\u00f3<strong><span>\u00a0<\/span>construir un hotel de cuatro estrellas<\/strong>, uno de los primeros con esta categor\u00eda en la capital tur\u00edstica. El objetivo era crear &#8220;un hotel de prestigio que ofreciera alojamiento de calidad con vistas al mar para todos los hu\u00e9spedes&#8221;.<\/p>\n<p class=\"paragraph\" data-mrf-recirculation=\"links-parrafos\" id=\"paragraph_6\">Don Pancho abri\u00f3 sus puertas el 13 de mayo de 1972, en un acontecimiento al que asisti\u00f3 el entonces ministro de Turismo de Espa\u00f1a,<span>\u00a0<\/span><strong>Alfredo S\u00e1nchez Bella<\/strong>, demostrando que el \u00e9xito de Benidorm y de su cambio de modelo (<a rel=\"nofollow noopener\" target=\"_blank\" href=\"https:\/\/www.elespanol.com\/alicante\/economia\/turismo\/20230219\/benidorm-marbella-anos-duelo-modelo-turistico-sostenible\/739926353_0.amp.html\" data-amp-replace=\"CLIENT_ID\" data-amp-addparams=\"reader_id=CLIENT_ID(amp-access)\">de pueblo pesquero a megaurbe tur\u00edstica<\/a>) era una cuesti\u00f3n de Estado.\u00a0<\/p>\n<div class=\"article-media \" itemscope=\"\" itemtype=\"http:\/\/schema.org\/ImageObject\">\n<p><amp-img alt=\"Una de las 256 habitaciones del Don Pancho.\" height=\"960\" layout=\"responsive\" lightbox=\"\" src=\"https:\/\/s1.eestatic.com\/2023\/04\/30\/actualidad\/760184248_232811072_1706x960.jpg\" width=\"1706\" class=\"i-amphtml-layout-responsive i-amphtml-layout-size-defined\" i-amphtml-layout=\"responsive\"><i-amphtml-sizer slot=\"i-amphtml-svc\" style=\"display:block;padding-top:56.272%\"\/><br \/>\n<\/amp-img><\/p>\n<div class=\"article-media__caption\">\n<p>\n                    <span class=\"article-media__caption-description\"><br \/>\n                    Una de las 256 habitaciones del Don Pancho.<br \/>\n            <\/span><\/p>\n<\/div><\/div>\n<h3 class=\"content__summary-title\">Espa\u00f1a pierde posiciones<\/h3>\n<p class=\"paragraph\" id=\"paragraph_7\">Lo cierto es, m\u00e1s all\u00e1 de que Benidorm haya conseguido colocar a uno de sus hoteles entre los mejores de los TUI Global Awards, Espa\u00f1a ha perdido hoteles en la edici\u00f3n de 2023 en comparaci\u00f3n con el a\u00f1o pasado. <strong>El operador ha distinguido a 17 establecimientos<\/strong>, 11 menos que hace un a\u00f1o (28) y cinco menos que en 2020 (en 2021 no hubo convocatoria por el estallido de la pandemia).\u00a0<\/p>\n<p><amp-ad data-block-on-consent=\"_auto_reject\" data-cid=\"3a3af678-3ecb-45f3-83a7-bd8efcd6bc5c\" data-html-access-allowed=\"true\" height=\"3\" layout=\"responsive\" type=\"sunmedia\" width=\"4\" class=\"i-amphtml-layout-responsive i-amphtml-layout-size-defined\" i-amphtml-layout=\"responsive\"><i-amphtml-sizer slot=\"i-amphtml-svc\" style=\"display:block;padding-top:75%\"\/><\/amp-ad><\/p>\n<p class=\"paragraph\" id=\"paragraph_8\">El \u00fanico consuelo es que, pese a este dato, Espa\u00f1a mantiene su segunda posi\u00f3n en un ranking en el que <strong>sus competidores tambi\u00e9n pierden activos<\/strong>: Grecia, la primera, tiene 27 hoteles reconocidos (en lugar de los 35 de la \u00faltima edici\u00f3n), y Turqu\u00eda, tercera, ha pasado de 19 a 14.\u00a0<\/p>\n<p class=\"paragraph\" id=\"paragraph_9\">Una de las posibles explicaciones para esto es la entrada con fuerza de pa\u00edses como Austria (7), la recuperaci\u00f3n de Egipto (6), Maldivas (6) o Italia (5). <strong>En cuarta posici\u00f3n aparece Chipre,<\/strong> que cuenta con nueve galardonados.\u00a0<\/p>\n<\/p><\/div>\n\n<p><em> &#8221; Fuentes www.elespanol.com &#8221; <\/em><\/p>\n","protected":false},"excerpt":{"rendered":"<p>De los 100 mejores hoteles del mundo, 17 est\u00e1n en Espa\u00f1a: 13 en Baleares y Canarias y solo cuatro en la Pen\u00ednsula Ib\u00e9rica; de \u00e9stos, dos se encuentran en la provincia de M\u00e1laga, uno en Girona y -finalmente- el \u00faltimo en la provincia de Alicante, concretamente en Benidorm. Esta es la criba que ha realizado [&hellip;]<\/p>\n","protected":false},"author":4,"featured_media":527821,"comment_status":"open","ping_status":"closed","sticky":false,"template":"","format":"standard","meta":{"om_disable_all_campaigns":false,"jnews-multi-image_gallery":[],"jnews_single_post":[],"jnews_primary_category":[],"jnews_social_meta":[],"footnotes":""},"categories":[39],"tags":[19663,862,3005,863,715,544],"class_list":["post-527820","post","type-post","status-publish","format-standard","has-post-thumbnail","hentry","category-viajes","tag-alicante-provincia","tag-benidorm","tag-comunidad-valenciana","tag-costa-blanca","tag-economia","tag-turismo"],"_links":{"self":[{"href":"https:\/\/dimensionturistica.com\/es\/wp-json\/wp\/v2\/posts\/527820","targetHints":{"allow":["GET"]}}],"collection":[{"href":"https:\/\/dimensionturistica.com\/es\/wp-json\/wp\/v2\/posts"}],"about":[{"href":"https:\/\/dimensionturistica.com\/es\/wp-json\/wp\/v2\/types\/post"}],"author":[{"embeddable":true,"href":"https:\/\/dimensionturistica.com\/es\/wp-json\/wp\/v2\/users\/4"}],"replies":[{"embeddable":true,"href":"https:\/\/dimensionturistica.com\/es\/wp-json\/wp\/v2\/comments?post=527820"}],"version-history":[{"count":0,"href":"https:\/\/dimensionturistica.com\/es\/wp-json\/wp\/v2\/posts\/527820\/revisions"}],"wp:featuredmedia":[{"embeddable":true,"href":"https:\/\/dimensionturistica.com\/es\/wp-json\/wp\/v2\/media\/527821"}],"wp:attachment":[{"href":"https:\/\/dimensionturistica.com\/es\/wp-json\/wp\/v2\/media?parent=527820"}],"wp:term":[{"taxonomy":"category","embeddable":true,"href":"https:\/\/dimensionturistica.com\/es\/wp-json\/wp\/v2\/categories?post=527820"},{"taxonomy":"post_tag","embeddable":true,"href":"https:\/\/dimensionturistica.com\/es\/wp-json\/wp\/v2\/tags?post=527820"}],"curies":[{"name":"wp","href":"https:\/\/api.w.org\/{rel}","templated":true}]}}