{"id":527526,"date":"2023-05-05T22:00:16","date_gmt":"2023-05-05T22:00:16","guid":{"rendered":"https:\/\/dimensionturistica.com\/es\/?p=527526"},"modified":"2023-05-05T22:00:16","modified_gmt":"2023-05-05T22:00:16","slug":"territorios-de-palabras-casa-de-america-acoge-la-nueva-edicion-de-leer-iberoamerica-lee","status":"publish","type":"post","link":"https:\/\/dimensionturistica.com\/es\/territorios-de-palabras-casa-de-america-acoge-la-nueva-edicion-de-leer-iberoamerica-lee\/","title":{"rendered":"Territorios de palabras. Casa de Am\u00e9rica acoge la nueva edici\u00f3n de Leer Iberoam\u00e9rica Lee"},"content":{"rendered":"<p> <br \/>\n<\/p>\n<div>\n<p>DENTRO DEL MARCO DE LA <a rel=\"nofollow noopener\" target=\"_blank\" href=\"https:\/\/ferialibromadrid.com\/\">FERIA DEL LIBRO DE MADRID<\/a><\/p>\n<p>Los pr\u00f3ximos <strong>29 y 30 de mayo<\/strong> tendr\u00e1 lugar una nueva edici\u00f3n de <a rel=\"nofollow noopener\" target=\"_blank\" href=\"https:\/\/ferialibromadrid.com\/casa-america-leer-iberoamerica-lee-feria-libro-madrid\/\">&#8216;Leer Iberoam\u00e9rica Lee&#8217; en el Anfiteatro Gabriela Mistral de Casa de Am\u00e9rica<\/a>.<\/p>\n<p>Los contenidos de este evento, que cumple un lustro, est\u00e1n pensados para lectores, mediadores de lectura interesados por compartir preguntas y experiencias: bibliotecarios, profesores, formadores, editores, libreros, periodistas, consultores de libro y edici\u00f3n, curadores culturales, comunicadores y agentes de la sociedad civil implicados en proyectos de promoci\u00f3n de la lectura (asociaciones profesionales, asociaciones vecinales, asociaciones de padres y madres.).<\/p>\n<p><em>Territorios de palabras <\/em>es el lema elegido por sus organizadores para vertebrar este a\u00f1o el debate y destacar as\u00ed \u00abla emergencia de la palabra y de las voces de la literatura en una sociedad atravesada por un debate complejo alrededor de temas como las desigualdades, las democracias, el medioambiente, los feminismos o el racismo. Creo que tenemos que apostar por la resistencia ante el vaciamiento de las palabras\u00bb, asegura <strong>In\u00e9s Miret<\/strong>, consultora especializada en proyectos digitales de lectura, libro y bibliotecas, y co-organizadora de &#8216;Leer Iberoam\u00e9rica Lee&#8217; desde sus inicios.<\/p>\n<p><strong>N\u00f3mina de invitados <\/strong><\/p>\n<p>Miret y su equipo han dise\u00f1ado una amplia programaci\u00f3n que incluye a escritoras y escritores como Carolina San\u00edn, Cristina Morales, Alejandro Zambra, Arelis Uribe, Carlos Fonseca, Gonzalo Baz, Lorena Salazar, Federico Falco, Bel\u00e9n Gopegui, Violeta Gil, Lina Meruane, Jazmina Barrera, Luz Pichel y Juan Carlos M\u00e9ndez Gu\u00e9dez; activistas e investigadoras como Sueli Carneiro, Bel Santos, Neide Almeida; profesores y especialistas en promoci\u00f3n de la lectura como Cecilia Bajour, Felipe Munita y Joaqu\u00edn Rodr\u00edguez; y representantes de organizaciones iberoamericanas y programas de lectura como Iosmara Fern\u00e1ndez.<\/p>\n<p>Todos <a rel=\"nofollow noopener\" target=\"_blank\" href=\"https:\/\/emea01.safelinks.protection.outlook.com\/?url=https%3A%2F%2Fferialibromadrid.us12.list-manage.com%2Ftrack%2Fclick%3Fu%3Daca7190e0b83997d78fa065b2%26id%3Dd126d6d3bd%26e%3Dc03d38909c&amp;data=05%7C01%7C%7Cef828dee92a54a36987408db4be16e08%7C84df9e7fe9f640afb435aaaaaaaaaaaa%7C1%7C0%7C638187203810252982%7CUnknown%7CTWFpbGZsb3d8eyJWIjoiMC4wLjAwMDAiLCJQIjoiV2luMzIiLCJBTiI6Ik1haWwiLCJXVCI6Mn0%3D%7C3000%7C%7C%7C&amp;sdata=nAFT1bjWLOYppq5PZfr19%2BYkelO%2BfTnRRLFoWMIP7rQ%3D&amp;reserved=0\">los ponentes<\/a> est\u00e1n llamados a \u00abponer en valor la lectura y la literatura en el rescate de sentidos\u00bb, afirma <strong>In\u00e9s Miret<\/strong>, para quien resulta fundamental preguntarse por el rol de la literatura en la conversaci\u00f3n contempor\u00e1nea. As\u00ed espera que discurran los di\u00e1logos que se suceder\u00e1n a lo largo de las dos jornadas.<\/p>\n<p>El evento se clausurar\u00e1 con la actuaci\u00f3n especial de <strong>Nico Saba<\/strong> (Kanaku y el Tigre) y la participaci\u00f3n de <strong>Pep Olona<\/strong> (Arrebato Libros).<\/p>\n<p><strong>Las cifras de &#8216;Leer Iberoam\u00e9rica Lee&#8217;<\/strong><\/p>\n<p>Tras cinco ediciones, &#8216;Leer Iberoam\u00e9rica Lee&#8217; es un evento cultural consolidado. Se inaugur\u00f3 tratando de situar en el primer plano del debate la pregunta &#8216;\u00bfQu\u00e9 significa formar lectores hoy?&#8217;. \u00abA lo largo de los a\u00f1os, hemos reunido a <strong>m\u00e1s de 120 especialistas de 14 pa\u00edses<\/strong> -Argentina, M\u00e9xico, Brasil, Chile, Colombia, Cuba, Costa Rica, Uruguay, Espa\u00f1a y Portugal, entre ellos-, para discutir este tema, compartir experiencias, crear puentes, sumar complicidades\u00bb, recuerda <strong>In\u00e9s Miret<\/strong>.<\/p>\n<p>&#8216;Leer Iberoam\u00e9rica Lee&#8217; ha contado a lo largo de su trayectoria con el apoyo de <strong>24 entidades p\u00fablicas y privadas<\/strong> (ministerios, administraciones p\u00fablicas, organismos internacionales, instituciones culturales, embajadas..). Para sus organizadores, este respaldo refleja una necesidad perentoria: construir un compromiso colectivo alrededor de una prioridad de primer orden como es la formaci\u00f3n de lectores cr\u00edticos, aut\u00f3nomos, permanentes en una sociedad cambiante e inmersa en el complejo ecosistema cultural medi\u00e1tico que hoy se dibuja.<\/p>\n<\/p><\/div>\n\n<p><em> &#8221; Fuentes www.inoutviajes.com &#8221; <\/em><\/p>\n","protected":false},"excerpt":{"rendered":"<p>DENTRO DEL MARCO DE LA FERIA DEL LIBRO DE MADRID Los pr\u00f3ximos 29 y 30 de mayo tendr\u00e1 lugar una nueva edici\u00f3n de &#8216;Leer Iberoam\u00e9rica Lee&#8217; en el Anfiteatro Gabriela Mistral de Casa de Am\u00e9rica. Los contenidos de este evento, que cumple un lustro, est\u00e1n pensados para lectores, mediadores de lectura interesados por compartir preguntas [&hellip;]<\/p>\n","protected":false},"author":4,"featured_media":527527,"comment_status":"open","ping_status":"closed","sticky":false,"template":"","format":"standard","meta":{"om_disable_all_campaigns":false,"jnews-multi-image_gallery":[],"jnews_single_post":[],"jnews_primary_category":[],"jnews_social_meta":[],"footnotes":""},"categories":[40],"tags":[10255,764,6813,1536,42708,52369,8680,2945,49020,16864],"class_list":["post-527526","post","type-post","status-publish","format-standard","has-post-thumbnail","hentry","category-industria","tag-acoge","tag-america","tag-casa","tag-edicion","tag-iberoamerica","tag-lee","tag-leer","tag-nueva","tag-palabras","tag-territorios"],"_links":{"self":[{"href":"https:\/\/dimensionturistica.com\/es\/wp-json\/wp\/v2\/posts\/527526","targetHints":{"allow":["GET"]}}],"collection":[{"href":"https:\/\/dimensionturistica.com\/es\/wp-json\/wp\/v2\/posts"}],"about":[{"href":"https:\/\/dimensionturistica.com\/es\/wp-json\/wp\/v2\/types\/post"}],"author":[{"embeddable":true,"href":"https:\/\/dimensionturistica.com\/es\/wp-json\/wp\/v2\/users\/4"}],"replies":[{"embeddable":true,"href":"https:\/\/dimensionturistica.com\/es\/wp-json\/wp\/v2\/comments?post=527526"}],"version-history":[{"count":0,"href":"https:\/\/dimensionturistica.com\/es\/wp-json\/wp\/v2\/posts\/527526\/revisions"}],"wp:featuredmedia":[{"embeddable":true,"href":"https:\/\/dimensionturistica.com\/es\/wp-json\/wp\/v2\/media\/527527"}],"wp:attachment":[{"href":"https:\/\/dimensionturistica.com\/es\/wp-json\/wp\/v2\/media?parent=527526"}],"wp:term":[{"taxonomy":"category","embeddable":true,"href":"https:\/\/dimensionturistica.com\/es\/wp-json\/wp\/v2\/categories?post=527526"},{"taxonomy":"post_tag","embeddable":true,"href":"https:\/\/dimensionturistica.com\/es\/wp-json\/wp\/v2\/tags?post=527526"}],"curies":[{"name":"wp","href":"https:\/\/api.w.org\/{rel}","templated":true}]}}