{"id":526977,"date":"2023-05-05T15:16:21","date_gmt":"2023-05-05T15:16:21","guid":{"rendered":"https:\/\/dimensionturistica.com\/es\/?p=526977"},"modified":"2024-02-20T22:43:36","modified_gmt":"2024-02-20T22:43:36","slug":"chanel-presentara-su-coleccion-crucero-desde-los-angeles","status":"publish","type":"post","link":"https:\/\/dimensionturistica.com\/es\/chanel-presentara-su-coleccion-crucero-desde-los-angeles\/","title":{"rendered":"Chanel presentar\u00e1 su colecci\u00f3n Crucero desde Los \u00c1ngeles"},"content":{"rendered":"<p> <br \/>\n<\/p>\n<div>\n<p>Madrid \u2013 La aclamada y siempre celebrada casa de modas francesa Chanel, bajo la direcci\u00f3n creativa de la dise\u00f1adora Virginie Viard desde que esta terminase tomando las riendas de la maison tras el fallecimiento, el pasado 19 de febrero de 2019, del dise\u00f1ador alem\u00e1n Karl Lagerfeld, volver\u00e1 a protagonizar un nuevo y estimulante cap\u00edtulo de su m\u00e1s reciente historia, con la presentaci\u00f3n de su nueva colecci\u00f3n Crucero 2023\/24. Propuesta que terminar\u00e1 viendo la luz el pr\u00f3ximo mi\u00e9rcoles 10 de mayo de 2023.<\/p>\n<p>Tomando as\u00ed el testigo de la colecci\u00f3n Crucero 2022\/2023 que la casa francesa presentase, hace justamente cerca de un a\u00f1o, desde las id\u00edlicas arenas del Monte-Carlo Beach Hotel de Montecarlo, uno de los barrios en los que se estructura la ciudad-estado del Principado de M\u00f3naco, en esta ocasi\u00f3n desde Chanel ponen su punto de mira mucho m\u00e1s all\u00e1 de las fronteras europeas, y vuelven a apostar por un destino internacional para la presentaci\u00f3n de su colecci\u00f3n Crucero. Propuesta que terminar\u00e1 viendo la luz este 10 de mayo, a lo largo del que se espera que termine descubri\u00e9ndose como un embriagador desfile, que terminar\u00e1 teniendo lugar en la ciudad de Los \u00c1ngeles, la segunda ciudad m\u00e1s poblada de todos los Estados Unidos, al rededor de las  7 de la ma\u00f1ana, hora de Los \u00c1ngeles. Una maratoniana, o trasnochada, velada, para la que desde la casa Chanel, sin entrar a desgranar mayores detalles, se han limitado a apuntar que terminar\u00e1n por ocupar un lugar principal del evento de presentaci\u00f3n las figuras de la actriz, modelo y cantante francesa Marion Cotillard; la del m\u00fasico estadounidense Nile Rodgers; la de la actriz y bailarina estadounidense Margaret Qualley; y la de la cantante belga Ang\u00e8le S\u00e9bastien Tellier.<\/p>\n<div class=\"article-promo--alt\">\n<header>Tambi\u00e9n te puede interesar:<\/header>\n<\/div>\n<\/div>\n\n<p><em> &#8221; Fuentes fashionunited.es &#8221; <\/em><\/p>\n","protected":false},"excerpt":{"rendered":"<p>Madrid \u2013 La aclamada y siempre celebrada casa de modas francesa Chanel, bajo la direcci\u00f3n creativa de la dise\u00f1adora Virginie Viard desde que esta terminase tomando las riendas de la maison tras el fallecimiento, el pasado 19 de febrero de 2019, del dise\u00f1ador alem\u00e1n Karl Lagerfeld, volver\u00e1 a protagonizar un nuevo y estimulante cap\u00edtulo de [&hellip;]<\/p>\n","protected":false},"author":4,"featured_media":526978,"comment_status":"open","ping_status":"closed","sticky":false,"template":"","format":"standard","meta":{"om_disable_all_campaigns":false,"jnews-multi-image_gallery":[],"jnews_single_post":[],"jnews_primary_category":[],"jnews_social_meta":[],"footnotes":""},"categories":[41,144872],"tags":[],"class_list":["post-526977","post","type-post","status-publish","format-standard","has-post-thumbnail","hentry","category-cruceros","category-fashion"],"_links":{"self":[{"href":"https:\/\/dimensionturistica.com\/es\/wp-json\/wp\/v2\/posts\/526977","targetHints":{"allow":["GET"]}}],"collection":[{"href":"https:\/\/dimensionturistica.com\/es\/wp-json\/wp\/v2\/posts"}],"about":[{"href":"https:\/\/dimensionturistica.com\/es\/wp-json\/wp\/v2\/types\/post"}],"author":[{"embeddable":true,"href":"https:\/\/dimensionturistica.com\/es\/wp-json\/wp\/v2\/users\/4"}],"replies":[{"embeddable":true,"href":"https:\/\/dimensionturistica.com\/es\/wp-json\/wp\/v2\/comments?post=526977"}],"version-history":[{"count":0,"href":"https:\/\/dimensionturistica.com\/es\/wp-json\/wp\/v2\/posts\/526977\/revisions"}],"wp:featuredmedia":[{"embeddable":true,"href":"https:\/\/dimensionturistica.com\/es\/wp-json\/wp\/v2\/media\/526978"}],"wp:attachment":[{"href":"https:\/\/dimensionturistica.com\/es\/wp-json\/wp\/v2\/media?parent=526977"}],"wp:term":[{"taxonomy":"category","embeddable":true,"href":"https:\/\/dimensionturistica.com\/es\/wp-json\/wp\/v2\/categories?post=526977"},{"taxonomy":"post_tag","embeddable":true,"href":"https:\/\/dimensionturistica.com\/es\/wp-json\/wp\/v2\/tags?post=526977"}],"curies":[{"name":"wp","href":"https:\/\/api.w.org\/{rel}","templated":true}]}}