{"id":526861,"date":"2023-05-05T13:57:30","date_gmt":"2023-05-05T13:57:30","guid":{"rendered":"https:\/\/dimensionturistica.com\/es\/?p=526861"},"modified":"2023-05-05T13:57:30","modified_gmt":"2023-05-05T13:57:30","slug":"trafico-de-pasajeros-aereos-nacionales-sigue-volando-bajo-el-universal","status":"publish","type":"post","link":"https:\/\/dimensionturistica.com\/es\/trafico-de-pasajeros-aereos-nacionales-sigue-volando-bajo-el-universal\/","title":{"rendered":"Tr\u00e1fico de pasajeros a\u00e9reos nacionales sigue \u2018volando bajo\u2019 | EL UNIVERSAL"},"content":{"rendered":"<p> <br \/>\n<\/p>\n<div mlnid=\"idcon=7754583;order=6.0\">\n<p>El tr\u00e1fico de pasajeros en vuelos nacionales registr\u00f3 en marzo un descenso del 15% y en el primer trimestre del a\u00f1o del 5%, revel\u00f3 la Asociaci\u00f3n Colombiana de Agencias de Viajes y Turismo, Anato.<\/p>\n<p>Entre enero y marzo de este a\u00f1o se movilizaron 7,4 millones de pasajeros en vuelos nacionales en toda Colombia; mientras que en igual periodo del a\u00f1o pasado lo hicieron aproximadamente 7,8 millones. \u00danicamente en marzo se present\u00f3 una disminuci\u00f3n del 15%, atribuida en buena parte,con la sola suspensi\u00f3n de operaci\u00f3n de Viva Air. El gremio cita para este reporte datos de la Aeron\u00e1utica Civil.<\/p>\n<p>\u201cLa problem\u00e1tica a\u00e9rea sigue reportando consecuencias para el tr\u00e1fico de pasajeros en vuelos nacionales, un hecho que suspendi\u00f3 el buen comportamiento del movimiento de pasajeros que ven\u00eda report\u00e1ndose en 2022 e inicios de 2023 tras la pandemia\u201d, record\u00f3 Anato.<\/p>\n<\/p><\/div>\n<div mlnid=\"idcon=7754604;order=10.0\">\n<p>\u201cHasta hace poco habl\u00e1bamos de la resistencia que hab\u00eda tenido la industria de los viajes frente a las adversidades como el COVID-19, mostrando cifras realmente extraordinarias de recuperaci\u00f3n, y en algunos acasos, de crecimiento; se contaron con alivios para los empresarios; y ven\u00eda creciendo la conectividad al interior del pa\u00eds. Lamentamos estas ca\u00eddas ya que a\u00fan no es clara una salida para compensar esta situaci\u00f3n\u201d, explic\u00f3 Paula Cort\u00e9s Calle, presidente ejecutiva de Anato.<\/p>\n<p>El panorama para las agencias de viaje empeor\u00f3 en abril con la suspensi\u00f3n de operaciones de Ultra Air.<\/p>\n<\/p><\/div>\n<div mlnid=\"idcon=7754600;order=12.0\">\n<p>\u201cInsistimos en la solicitud al Gobierno de auditar el estado financiero de las empresas a\u00e9reas que abren actividades en Colombia. Pero adem\u00e1s, el costo de la gasolina, y dem\u00e1s gastos operacionales hacen m\u00e1s compleja la recuperaci\u00f3n del sector\u201d, dijo la dirigente gremial.<\/p>\n<\/p><\/div>\n<div mlnid=\"idcon=7754607;order=13.0\">\n<div class=\"grid-x grid-padding-y grid-padding-x\">\n<div class=\"small-3 cell\"> <img decoding=\"async\" src=\"https:\/\/api.eluniversal.com.co\/servicios-externos\/images\/Comilla-01.png\" width=\"50px\" height=\"50px\"\/> <img decoding=\"async\" src=\"https:\/\/api.eluniversal.com.co\/servicios-externos\/images\/Comilla-01.png\" width=\"50px\" height=\"50px\"\/> <\/div>\n<p>  <span class=\"texto_cita_micro_formato\">Insistimos en la solicitud al Gobierno de auditar el estado financiero de las empresas a\u00e9reas que abren actividades en Colombia\u201d.<\/span> <\/div>\n<p class=\"cita_micro_formato_nombre\">Paula Cort\u00e9s Calle, presidenta de Anato.<\/p>\n<div class=\"paragraph\" mlnid=\"idcon=7754605;order=15.0\">\n<p><b>En Cartagena<\/b><\/p>\n<p>En el caso de Cartagena, seg\u00fan cifras de Sacsa, el operador del aeropuerto Rafael N\u00fa\u00f1ez, en marzo se registr\u00f3 una variaci\u00f3n de -21% en los pasajeros nacionales movilizados por esas instalaciones; mientras que en los internacionales la variaci\u00f3n fue positiva (37%). En el tr\u00e1fico general de pasajeros de ese mes la ca\u00edda fue de -14%. En el trimestre se movilizaron por ese terminal a\u00e9reo 1.700.135 pasajeros.<\/p>\n<\/p><\/div><\/div>\n<p><script>\/*<![CDATA[*\/(function(e,a,f){var c,b=e.getElementsByTagName(a)[0];if(e.getElementById(f)){return}c=e.createElement(a);c.id=f;c.src=\"https:\/\/connect.facebook.net\/es_LA\/sdk.js#xfbml=1&#038;version=v3.2&#038;appId=1434085360147717&#038;autoLogAppEvents=1\";b.parentNode.insertBefore(c,b)}(document,\"script\",\"facebook-jssdk\"));\/*]]>*\/<\/script><br \/>\n<br \/><\/p>\n<p><em> &#8221; Fuentes www.eluniversal.com.co &#8221; <\/em><\/p>\n","protected":false},"excerpt":{"rendered":"<p>El tr\u00e1fico de pasajeros en vuelos nacionales registr\u00f3 en marzo un descenso del 15% y en el primer trimestre del a\u00f1o del 5%, revel\u00f3 la Asociaci\u00f3n Colombiana de Agencias de Viajes y Turismo, Anato. Entre enero y marzo de este a\u00f1o se movilizaron 7,4 millones de pasajeros en vuelos nacionales en toda Colombia; mientras que [&hellip;]<\/p>\n","protected":false},"author":4,"featured_media":378777,"comment_status":"open","ping_status":"closed","sticky":false,"template":"","format":"standard","meta":{"om_disable_all_campaigns":false,"jnews-multi-image_gallery":[],"jnews_single_post":[],"jnews_primary_category":[],"jnews_social_meta":[],"footnotes":""},"categories":[40],"tags":[740],"class_list":["post-526861","post","type-post","status-publish","format-standard","has-post-thumbnail","hentry","category-industria","tag-vuelos"],"_links":{"self":[{"href":"https:\/\/dimensionturistica.com\/es\/wp-json\/wp\/v2\/posts\/526861","targetHints":{"allow":["GET"]}}],"collection":[{"href":"https:\/\/dimensionturistica.com\/es\/wp-json\/wp\/v2\/posts"}],"about":[{"href":"https:\/\/dimensionturistica.com\/es\/wp-json\/wp\/v2\/types\/post"}],"author":[{"embeddable":true,"href":"https:\/\/dimensionturistica.com\/es\/wp-json\/wp\/v2\/users\/4"}],"replies":[{"embeddable":true,"href":"https:\/\/dimensionturistica.com\/es\/wp-json\/wp\/v2\/comments?post=526861"}],"version-history":[{"count":0,"href":"https:\/\/dimensionturistica.com\/es\/wp-json\/wp\/v2\/posts\/526861\/revisions"}],"wp:featuredmedia":[{"embeddable":true,"href":"https:\/\/dimensionturistica.com\/es\/wp-json\/wp\/v2\/media\/378777"}],"wp:attachment":[{"href":"https:\/\/dimensionturistica.com\/es\/wp-json\/wp\/v2\/media?parent=526861"}],"wp:term":[{"taxonomy":"category","embeddable":true,"href":"https:\/\/dimensionturistica.com\/es\/wp-json\/wp\/v2\/categories?post=526861"},{"taxonomy":"post_tag","embeddable":true,"href":"https:\/\/dimensionturistica.com\/es\/wp-json\/wp\/v2\/tags?post=526861"}],"curies":[{"name":"wp","href":"https:\/\/api.w.org\/{rel}","templated":true}]}}