{"id":526137,"date":"2023-05-03T20:36:51","date_gmt":"2023-05-03T20:36:51","guid":{"rendered":"https:\/\/dimensionturistica.com\/es\/?p=526137"},"modified":"2023-05-03T20:36:52","modified_gmt":"2023-05-03T20:36:52","slug":"transportacion-gratis-para-el-dia-de-las-elecciones-en-san-antonio-telemundo-san-antonio-60","status":"publish","type":"post","link":"https:\/\/dimensionturistica.com\/es\/transportacion-gratis-para-el-dia-de-las-elecciones-en-san-antonio-telemundo-san-antonio-60\/","title":{"rendered":"Transportaci\u00f3n gratis para el d\u00eda de las elecciones en San Antonio \u2013 Telemundo San Antonio (60)"},"content":{"rendered":"<p> <br \/>\n<\/p>\n<div data-amp-bind-class=\"'article-content rich-text ' + visible ? 'not-cropped' : 'cropped'\" i-amphtml-binding=\"\">\n<p>SAN ANTONIO &#8211; Si no tienes transportaci\u00f3n para ejercer tu derecho al voto, VIA Metropolitan Transit ofrecer\u00e1 viajes gratuitos para los votantes este s\u00e1bado 6 de mayo.<\/p>\n<p>De acuerdo con autoridades, la iniciativa \u201cRide VIA to Vote\u201d brindar\u00e1 transporte p\u00fablico gratuito los d\u00edas de elecciones. Para viajar free of charge, los clientes deben presentar una tarjeta de registro de votante v\u00e1lida al operador del autob\u00fas el d\u00eda de las elecciones.<\/p>\n<p>El servicio de cortes\u00eda est\u00e1 disponible para el servicio de autob\u00fas common, VIA Hyperlink y el servicio de paratr\u00e1nsito de VIAtrans en toda el \u00e1rea de servicio de VIA el 6 de mayo. Los clientes registrados de VIAtrans deben programar su viaje por tel\u00e9fono o en l\u00ednea. <\/p>\n<p>Los viajes de VIA Hyperlink est\u00e1n disponibles dentro de las zonas de servicio designadas. Los clientes pueden conectarse al sistema VIA para viajar fuera de la zona. Puedes entrar aqu\u00ed para planificar la ruta: <a rel=\"nofollow noopener\" target=\"_blank\" href=\"https:\/\/www.viainfo.net\/link\/\"> VIAinfo.net\/link <\/a>. <\/p>\n<p>Para obtener informaci\u00f3n adicional sobre rutas y horarios el d\u00eda de las elecciones, llame al (210) 362-2020.<\/p>\n<\/p><\/div>\n\n<p><em> &#8221; Fuentes www.telemundosanantonio.com &#8221; <\/em><\/p>\n","protected":false},"excerpt":{"rendered":"<p>SAN ANTONIO &#8211; Si no tienes transportaci\u00f3n para ejercer tu derecho al voto, VIA Metropolitan Transit ofrecer\u00e1 viajes gratuitos para los votantes este s\u00e1bado 6 de mayo. De acuerdo con autoridades, la iniciativa \u201cRide VIA to Vote\u201d brindar\u00e1 transporte p\u00fablico gratuito los d\u00edas de elecciones. Para viajar free of charge, los clientes deben presentar una [&hellip;]<\/p>\n","protected":false},"author":4,"featured_media":526138,"comment_status":"open","ping_status":"closed","sticky":false,"template":"","format":"standard","meta":{"om_disable_all_campaigns":false,"jnews-multi-image_gallery":[],"jnews_single_post":[],"jnews_primary_category":[],"jnews_social_meta":[],"footnotes":""},"categories":[39],"tags":[2142,13777,3515],"class_list":["post-526137","post","type-post","status-publish","format-standard","has-post-thumbnail","hentry","category-viajes","tag-elecciones","tag-san-antonio","tag-texas"],"_links":{"self":[{"href":"https:\/\/dimensionturistica.com\/es\/wp-json\/wp\/v2\/posts\/526137","targetHints":{"allow":["GET"]}}],"collection":[{"href":"https:\/\/dimensionturistica.com\/es\/wp-json\/wp\/v2\/posts"}],"about":[{"href":"https:\/\/dimensionturistica.com\/es\/wp-json\/wp\/v2\/types\/post"}],"author":[{"embeddable":true,"href":"https:\/\/dimensionturistica.com\/es\/wp-json\/wp\/v2\/users\/4"}],"replies":[{"embeddable":true,"href":"https:\/\/dimensionturistica.com\/es\/wp-json\/wp\/v2\/comments?post=526137"}],"version-history":[{"count":0,"href":"https:\/\/dimensionturistica.com\/es\/wp-json\/wp\/v2\/posts\/526137\/revisions"}],"wp:featuredmedia":[{"embeddable":true,"href":"https:\/\/dimensionturistica.com\/es\/wp-json\/wp\/v2\/media\/526138"}],"wp:attachment":[{"href":"https:\/\/dimensionturistica.com\/es\/wp-json\/wp\/v2\/media?parent=526137"}],"wp:term":[{"taxonomy":"category","embeddable":true,"href":"https:\/\/dimensionturistica.com\/es\/wp-json\/wp\/v2\/categories?post=526137"},{"taxonomy":"post_tag","embeddable":true,"href":"https:\/\/dimensionturistica.com\/es\/wp-json\/wp\/v2\/tags?post=526137"}],"curies":[{"name":"wp","href":"https:\/\/api.w.org\/{rel}","templated":true}]}}