{"id":525746,"date":"2023-05-03T02:26:51","date_gmt":"2023-05-03T02:26:51","guid":{"rendered":"https:\/\/dimensionturistica.com\/es\/?p=525746"},"modified":"2023-05-03T02:26:51","modified_gmt":"2023-05-03T02:26:51","slug":"joan-petrus-expone-las-fotos-de-sus-viajes-a-italia","status":"publish","type":"post","link":"https:\/\/dimensionturistica.com\/es\/joan-petrus-expone-las-fotos-de-sus-viajes-a-italia\/","title":{"rendered":"Joan Petrus expone las fotos de sus viajes a Italia"},"content":{"rendered":"<p> <br \/>\n<\/p>\n<div>\n<p><span>El fot\u00f3grafo Joan Petrus muestra una selecci\u00f3n de im\u00e1genes de sus viajes a Italia en la Sala de Cultura de Sant Diego.<!-- pagebreak --><\/span><span\/><\/p>\n<p><span>\u00a0Se trata de una exposici\u00f3n de fotograf\u00edas que Petrus ha hecho a lo largo de diferentes <br \/>\u00a0viajes a Mil\u00e1n, B\u00e9rgamo, Ferrara, Bolonia, Roma, N\u00e1poles y Palermo, reflejando la cultura, historia y presente de sus ciudadanos.\u00a0 Una impresionante colecci\u00f3n de autor, con un gran criterio de composici\u00f3n que\u00a0 destaca por la luz de las im\u00e1genes.\u00a0 <\/span><span\/><\/p>\n<\/p><\/div>\n\n<p><em> &#8221; Fuentes www.menorca.info &#8221; <\/em><\/p>\n","protected":false},"excerpt":{"rendered":"<p>El fot\u00f3grafo Joan Petrus muestra una selecci\u00f3n de im\u00e1genes de sus viajes a Italia en la Sala de Cultura de Sant Diego. \u00a0Se trata de una exposici\u00f3n de fotograf\u00edas que Petrus ha hecho a lo largo de diferentes \u00a0viajes a Mil\u00e1n, B\u00e9rgamo, Ferrara, Bolonia, Roma, N\u00e1poles y Palermo, reflejando la cultura, historia y presente de [&hellip;]<\/p>\n","protected":false},"author":4,"featured_media":525747,"comment_status":"open","ping_status":"closed","sticky":false,"template":"","format":"standard","meta":{"om_disable_all_campaigns":false,"jnews-multi-image_gallery":[],"jnews_single_post":[],"jnews_primary_category":[],"jnews_social_meta":[],"footnotes":""},"categories":[39],"tags":[9609,550],"class_list":["post-525746","post","type-post","status-publish","format-standard","has-post-thumbnail","hentry","category-viajes","tag-exposicion","tag-exposiciones"],"_links":{"self":[{"href":"https:\/\/dimensionturistica.com\/es\/wp-json\/wp\/v2\/posts\/525746","targetHints":{"allow":["GET"]}}],"collection":[{"href":"https:\/\/dimensionturistica.com\/es\/wp-json\/wp\/v2\/posts"}],"about":[{"href":"https:\/\/dimensionturistica.com\/es\/wp-json\/wp\/v2\/types\/post"}],"author":[{"embeddable":true,"href":"https:\/\/dimensionturistica.com\/es\/wp-json\/wp\/v2\/users\/4"}],"replies":[{"embeddable":true,"href":"https:\/\/dimensionturistica.com\/es\/wp-json\/wp\/v2\/comments?post=525746"}],"version-history":[{"count":0,"href":"https:\/\/dimensionturistica.com\/es\/wp-json\/wp\/v2\/posts\/525746\/revisions"}],"wp:featuredmedia":[{"embeddable":true,"href":"https:\/\/dimensionturistica.com\/es\/wp-json\/wp\/v2\/media\/525747"}],"wp:attachment":[{"href":"https:\/\/dimensionturistica.com\/es\/wp-json\/wp\/v2\/media?parent=525746"}],"wp:term":[{"taxonomy":"category","embeddable":true,"href":"https:\/\/dimensionturistica.com\/es\/wp-json\/wp\/v2\/categories?post=525746"},{"taxonomy":"post_tag","embeddable":true,"href":"https:\/\/dimensionturistica.com\/es\/wp-json\/wp\/v2\/tags?post=525746"}],"curies":[{"name":"wp","href":"https:\/\/api.w.org\/{rel}","templated":true}]}}