{"id":525548,"date":"2023-05-02T15:14:41","date_gmt":"2023-05-02T15:14:41","guid":{"rendered":"https:\/\/dimensionturistica.com\/es\/?p=525548"},"modified":"2023-05-02T15:14:41","modified_gmt":"2023-05-02T15:14:41","slug":"el-puerto-de-cartagena-recibira-esta-semana-10-cruceros-con-14-000-pasajeros","status":"publish","type":"post","link":"https:\/\/dimensionturistica.com\/es\/el-puerto-de-cartagena-recibira-esta-semana-10-cruceros-con-14-000-pasajeros\/","title":{"rendered":"El Puerto de Cartagena recibir\u00e1 esta semana 10 cruceros con 14.000 pasajeros"},"content":{"rendered":"<p> <br \/>\n<\/p>\n<div>\n<p class=\"p_1\">CARTAGENA. El 1 de mayo lleg\u00f3 al Puerto de Cartagena la primera triple escala del a\u00f1o con 1.200 turistas a bordo, y continuar\u00e1 con tres dobles escalas los d\u00edas 4, 5 y 7 de mayo. Adem\u00e1s, ser\u00e1n las tres primeras escalas de las siete nuevas que hay previstas este mes, entre las que destaca el \u201cDisney Dream\u201d, que llegar\u00e1 el 19 de mayo.<\/p>\n<p class=\"p_2\">Procedente de Barcelona y con destino a Lisboa, el d\u00eda 1 lleg\u00f3 por primera vez el \u201cViking Neptune\u201d, de la naviera Viking Cruises, primer buque de la industria de los cruceros con sistema de flamable de hidr\u00f3geno. Construido en 2022 por Fincatieri, con una inversi\u00f3n de m\u00e1s de 400 millones, posee 227 metros de eslora, 28 metros de manga y capacidad para recibir 930 pasajeros, adem\u00e1s de 465 miembros de tripulaci\u00f3n.<\/p>\n<p>  <!-- Ad unit 'contenido' ### Size: [[600,100]] -->   <\/p>\n<p class=\"p_3\">Junto al Viking Neptune, volver\u00e1n a recalar en el Puerto, los buques \u201cStar Clipper\u201d, de la naviera del Star Clippers, uno de los veleros de lujo m\u00e1s codiciados del mercado que tiene la peculiaridad de que sus 170 pasajeros pueden formar parte de la tripulaci\u00f3n; y el crucero \u201cCorinthian\u201d, de la naviera Grand Circle, con capacidad para 100 turistas, y que volver\u00e1 el domingo 7 de mayo.<\/p>\n<p class=\"p_4\">Los d\u00edas 2 y 3 de mayo, llegar\u00e1n las dos primeras escalas, con el \u201cWorld Navigator\u201d, de Atlas Ocean Voyages, que es la primera vez que esta naviera elige Cartagena para hacer escala y el \u201cCelebrity Beyond\u201d, de Celeb Cruises. Mayo es el mes con mayor n\u00famero de primeras escalas del a\u00f1o en el Puerto de Cartagena.<\/p>\n<p class=\"p_5\">El 4 de mayo, el Puerto volver\u00e1 a recibir una doble escala con los cruceros \u201cExplorer of the Seas\u201d, de Royal Caribbean, con 3.200 pasajeros y el \u201cCelebrity Reflection\u201d, de Celeb Cruises, con 3.000 turistas. Al d\u00eda siguiente el Puerto volver\u00e1 a acoger otra doble escala con los buques \u201cArvia\u201d con 5.000 pasajeros y \u201cMSC Magnifica\u201d con m\u00e1s de 3.000 pasajeros. La \u00faltima escala doble de la semana ser\u00e1 el 7 de mayo, con el \u201cCorinthian\u201d y el \u201cNieuw Statendam\u201d, de la naviera Holland America Line.<\/p>\n<p class=\"p_6\">El turismo de cruceros est\u00e1 recuperando en 2023 cifras prepand\u00e9micas y Cartagena est\u00e1 en el mapa de los cruceros con la confianza de las navieras que repiten a\u00f1o tras a\u00f1o lo que demuestra la calidad para el turista en la ciudad, la Experiencia 43, el patrimonio defensivo o la visita al Submarino Peral.<\/p>\n<p class=\"p_7\">Las previsiones en tr\u00e1fico de crucero para el a\u00f1o 2023 son de 150 escalas y m\u00e1s de 180.000 pasajeros.<\/p>\n<\/p><\/div>\n<div>\n<p class=\"p_1\">Coincidiendo con la triple escala del 1 de mayo se inicia el II Ciclo de Conciertos \u201cDe mar, puerto y bandas\u201d que la Autoridad Portuaria puso en macha el pasado a\u00f1o junto con la Federaci\u00f3n de Bandas de M\u00fasica de la Regi\u00f3n de Murcia y que tuvo una gran acogida.<\/p>\n<p class=\"p_2\">Ser\u00e1n seis conciertos los ofrecidos por las bandas de m\u00fasica federadas en la regi\u00f3n que se inicia el 1 de mayo con la Uni\u00f3n Musical Cartagonova. El 7 de mayo correr\u00e1 a cargo de la Agrupaci\u00f3n Musical Nuestra Se\u00f1ora del Pasico de Torre Pacheco y no ser\u00e1 hasta el 17 septiembre cuando se produzca el tercer concierto a cargo la Agrupaci\u00f3n Musical Caravaca de la Cruz. Continuar\u00e1n los conciertos el 8 de octubre con la Uni\u00f3n Musical Santa Cruz de Abanilla, el 22 de octubre con la Agrupaci\u00f3n Musical Cristo del Valle de Torreaguera para finalizar el s\u00e1bado 4 de noviembre con la Sociedad Art\u00edstico Musical Santa Cecilia de Pozo Estrecho.<\/p>\n<p>  <!-- Ad unit 'contenido' ### Size: [[600,100]] -->   <\/p>\n<p class=\"p_3\">Las actuaciones coinciden con los d\u00edas donde est\u00e1 prevista una mayor llegada de cruceristas y las partituras est\u00e1n relacionadas con el patrimonio musical de Cartagena y la Regi\u00f3n, as\u00ed como las obras relacionadas con los pa\u00edses de procedencia de las fechas programadas.<\/p>\n<\/p><\/div>\n\n<p><em> &#8221; Fuentes www.diariodelpuerto.com &#8221; <\/em><\/p>\n","protected":false},"excerpt":{"rendered":"<p>CARTAGENA. El 1 de mayo lleg\u00f3 al Puerto de Cartagena la primera triple escala del a\u00f1o con 1.200 turistas a bordo, y continuar\u00e1 con tres dobles escalas los d\u00edas 4, 5 y 7 de mayo. Adem\u00e1s, ser\u00e1n las tres primeras escalas de las siete nuevas que hay previstas este mes, entre las que destaca el [&hellip;]<\/p>\n","protected":false},"author":4,"featured_media":525549,"comment_status":"open","ping_status":"closed","sticky":false,"template":"","format":"standard","meta":{"om_disable_all_campaigns":false,"jnews-multi-image_gallery":[],"jnews_single_post":[],"jnews_primary_category":[],"jnews_social_meta":[],"footnotes":""},"categories":[41],"tags":[1756],"class_list":["post-525548","post","type-post","status-publish","format-standard","has-post-thumbnail","hentry","category-cruceros","tag-cartagena"],"_links":{"self":[{"href":"https:\/\/dimensionturistica.com\/es\/wp-json\/wp\/v2\/posts\/525548","targetHints":{"allow":["GET"]}}],"collection":[{"href":"https:\/\/dimensionturistica.com\/es\/wp-json\/wp\/v2\/posts"}],"about":[{"href":"https:\/\/dimensionturistica.com\/es\/wp-json\/wp\/v2\/types\/post"}],"author":[{"embeddable":true,"href":"https:\/\/dimensionturistica.com\/es\/wp-json\/wp\/v2\/users\/4"}],"replies":[{"embeddable":true,"href":"https:\/\/dimensionturistica.com\/es\/wp-json\/wp\/v2\/comments?post=525548"}],"version-history":[{"count":0,"href":"https:\/\/dimensionturistica.com\/es\/wp-json\/wp\/v2\/posts\/525548\/revisions"}],"wp:featuredmedia":[{"embeddable":true,"href":"https:\/\/dimensionturistica.com\/es\/wp-json\/wp\/v2\/media\/525549"}],"wp:attachment":[{"href":"https:\/\/dimensionturistica.com\/es\/wp-json\/wp\/v2\/media?parent=525548"}],"wp:term":[{"taxonomy":"category","embeddable":true,"href":"https:\/\/dimensionturistica.com\/es\/wp-json\/wp\/v2\/categories?post=525548"},{"taxonomy":"post_tag","embeddable":true,"href":"https:\/\/dimensionturistica.com\/es\/wp-json\/wp\/v2\/tags?post=525548"}],"curies":[{"name":"wp","href":"https:\/\/api.w.org\/{rel}","templated":true}]}}