{"id":525344,"date":"2023-05-02T00:38:59","date_gmt":"2023-05-02T00:38:59","guid":{"rendered":"https:\/\/dimensionturistica.com\/es\/?p=525344"},"modified":"2023-05-02T00:38:59","modified_gmt":"2023-05-02T00:38:59","slug":"finaliza-el-plazo-para-presentar-ofertas","status":"publish","type":"post","link":"https:\/\/dimensionturistica.com\/es\/finaliza-el-plazo-para-presentar-ofertas\/","title":{"rendered":"finaliza el plazo para presentar ofertas"},"content":{"rendered":"<p> <br \/>\n<\/p>\n<div>\n<p class=\"paragraph\" id=\"paragraph_1\"><span>Este <strong>mi\u00e9rcoles<\/strong><\/span><strong>\u00a03 de mayo<\/strong><span>\u00a0finaliza el plazo para la presentaci\u00f3n de ofertas del nuevo programa de viajes del <strong>Imserso<\/strong>. Este incluye m\u00e1s plazas, mejores precios para los hoteles y la oportunidad, como siempre, de desestacionalizar la oferta en el sector. El inter\u00e9s es m\u00e1ximo, aunque <a rel=\"nofollow noopener\" target=\"_blank\" href=\"https:\/\/www.elespanol.com\/invertia\/empresas\/turismo\/20230329\/imserso-blindan-trampas-confusiones-jubilados-empresas-adjudicatarias\/751924968_0.amp.html\" data-amp-replace=\"CLIENT_ID\" data-amp-addparams=\"reader_id=CLIENT_ID(amp-access)\">las cl\u00e1usulas limitan cierto tipo de ofertas<\/a>.\u00a0<\/span><\/p>\n<p class=\"paragraph\" data-mrf-recirculation=\"links-parrafos\" id=\"paragraph_2\">El<span>\u00a0<\/span><a rel=\"nofollow noopener\" target=\"_blank\" href=\"https:\/\/www.elespanol.com\/invertia\/empresas\/turismo\/20230302\/contrato-viajes-imserso-aumentara-plazas-incorporara-provincias\/745425658_0.amp.html\" data-amp-replace=\"CLIENT_ID\" data-amp-addparams=\"reader_id=CLIENT_ID(amp-access)\">contrato para la temporada 2023-2024<\/a><span>\u00a0<\/span>se tramita por procedimiento abierto para garantizar la m\u00e1xima concurrencia de empresas. En un inicio, hab\u00edan anunciado su intenci\u00f3n de concurrir a este concurso los actuales adjudicatarios <strong>Mundiplan (Iberia, IAG7 Viajes y Alsa) <\/strong>y <strong>Turismo Social (\u00c1voris),\u00a0<\/strong>adem\u00e1s de<span>\u00a0<\/span><strong>Soltour, Iberostar y Viajes el Corte Ingl\u00e9s<\/strong>.<\/p>\n<p class=\"paragraph\" data-mrf-recirculation=\"links-parrafos\" id=\"paragraph_3\">La irrupci\u00f3n de estas compa\u00f1\u00edas<span>\u00a0<\/span><a rel=\"nofollow noopener\" target=\"_blank\" href=\"https:\/\/www.elespanol.com\/invertia\/empresas\/turismo\/20210624\/arranca-hacerse-imserso-duopolio-mundiplan-turismo-social\/591192340_0.amp.html\" data-amp-replace=\"CLIENT_ID\" data-amp-addparams=\"reader_id=CLIENT_ID(amp-access)\">podr\u00eda romper el duopolio de Mundiplan y Turismo Social<\/a><span>\u00a0<\/span>que desde hace a\u00f1os se reparten los lotes de este concurso. Sin embargo, ya no est\u00e1 tan claro que todas ellas vayan a participar.\u00a0<\/p>\n<p class=\"paragraph\" data-mrf-recirculation=\"links-parrafos\" id=\"paragraph_4\"><em><a rel=\"nofollow noopener\" target=\"_blank\" href=\"https:\/\/www.elespanol.com\/invertia\/empresas\/turismo\/20230302\/contrato-viajes-imserso-aumentara-plazas-incorporara-provincias\/745425658_0.amp.html\" data-amp-replace=\"CLIENT_ID\" data-amp-addparams=\"reader_id=CLIENT_ID(amp-access)\">[El nuevo contrato de los viajes del Imserso aumenta a 900.000 las plazas e incorpora a todas las provincias]<\/a><\/em><\/p>\n<p class=\"paragraph\" data-mrf-recirculation=\"links-parrafos\" id=\"paragraph_5\">Y eso que los precios que cobrar\u00e1n los hoteles han mejorado. Subir\u00e1n un 7,5%, un punto por debajo de lo que se han incrementado las pensiones, y dar\u00e1n un mayor margen a hoteleros y agencias de viaje.<\/p>\n<p class=\"paragraph\" data-mrf-recirculation=\"links-parrafos\" id=\"paragraph_6\">As\u00ed, <strong>los hoteleros cobran ahora una media de 26,6 euros por persona y d\u00eda<\/strong>, y las agencias perciben 14 euros por cada viaje que gestionan.<\/p>\n<p class=\"paragraph\" data-mrf-recirculation=\"links-parrafos\" id=\"paragraph_7\">Adem\u00e1s, las ofertas a la baja no est\u00e1n permitidas.\u00a0Los pliegos t\u00e9cnicos del concurso incluyen cl\u00e1usulas que desincentivan las ofertas que califican como \u201cmediocres\u201d (a la baja en precio) y que, por tanto,<span>\u00a0<\/span><strong>amenazan con dificultar el buen desarrollo del programa.<\/strong><\/p>\n<p><amp-ad data-block-on-consent=\"_auto_reject\" data-cid=\"3a3af678-3ecb-45f3-83a7-bd8efcd6bc5c\" data-html-access-allowed=\"true\" height=\"3\" layout=\"responsive\" type=\"sunmedia\" width=\"4\" class=\"i-amphtml-layout-responsive i-amphtml-layout-size-defined\" i-amphtml-layout=\"responsive\"><i-amphtml-sizer slot=\"i-amphtml-svc\" style=\"display:block;padding-top:75%\"\/><\/amp-ad><\/p>\n<p class=\"paragraph\" data-mrf-recirculation=\"links-parrafos\" id=\"paragraph_8\">En concreto, con el objeto de lograr el m\u00e1ximo nivel de calidad,<span>\u00a0<\/span><strong>se incluye un umbral de saciedad en la f\u00f3rmula aplicable al precio<\/strong>, como instrumento que permite desincentivar la presentaci\u00f3n de ofertas \u201cmediocres en los criterios de valoraci\u00f3n cualitativos (vinculados a la calidad) a causa de la minoraci\u00f3n de los precios ofertados\u201d, seg\u00fan se especifica en los pliegos.\u00a0<\/p>\n<h3 class=\"content__summary-title\">Nueva temporada<\/h3>\n<p class=\"paragraph\" data-mrf-recirculation=\"links-parrafos\" id=\"paragraph_9\">En la temporada 2023-2024 se ofrecer\u00e1n en whole 886.269 plazas (70.000 m\u00e1s que en esta campa\u00f1a), con una aportaci\u00f3n del Imserso de 71,7 millones. El valor estimado del programa (incluyendo tanto la aportaci\u00f3n p\u00fablica como las de los usuarios) sumado el IVA<span>\u00a0<\/span><strong>llega a los 318,73 millones de euros,<\/strong><span>\u00a0<\/span>de los que el instituto aporta el 22,5% y los usuarios el 77,5% restante.<\/p>\n<p class=\"paragraph\" data-mrf-recirculation=\"links-parrafos\" id=\"paragraph_10\">El lote uno, de turismo de costa peninsular, es el m\u00e1s numeroso, con 443.887 plazas; seguido del lote dos, de costas insulares, con 230.039 plazas, y el tres, de circuitos, capitales de provincia y para los ciudadanos espa\u00f1oles que residen en Europa, con 212.343 plazas.<\/p>\n<div class=\"article-media \" itemscope=\"\" itemtype=\"http:\/\/schema.org\/ImageObject\">\n<p><amp-img alt=\"Dos jubilados en la playa de Benidorm, en imagen de archivo.\" height=\"960\" layout=\"responsive\" lightbox=\"\" src=\"https:\/\/s1.eestatic.com\/2022\/08\/25\/alicante\/698190850_226670700_1706x960.jpg\" width=\"1706\" class=\"i-amphtml-layout-responsive i-amphtml-layout-size-defined\" i-amphtml-layout=\"responsive\"><i-amphtml-sizer slot=\"i-amphtml-svc\" style=\"display:block;padding-top:56.272%\"\/><br \/>\n<\/amp-img><\/p>\n<div class=\"article-media__caption\">\n<p>\n                    <span class=\"article-media__caption-description\"><br \/>\n                    Dos jubilados en la playa de Benidorm, en imagen de archivo.<br \/>\n            <\/span><\/p>\n<p>                    <span class=\"article-media__caption-author\">EFE<\/span><\/p>\n<\/div><\/div>\n<p class=\"paragraph\" data-mrf-recirculation=\"links-parrafos\" id=\"paragraph_11\">Las 70.000 plazas nuevas son para el lote tres, el de circuitos y capitales de provincia. Otra de las novedades es <span>la incorporaci\u00f3n de todas las provincias y\u00a0<\/span><strong>de sus respectivas capitales -34 nuevas, hasta completar las 52<\/strong><span>&#8211; con diez nuevos circuitos culturales, 19 nuevas rutas de naturaleza, el incremento de las plazas con habitaci\u00f3n de uso particular person o las mayores facilidades en el proceso de inscripci\u00f3n.\u00a0<\/span><\/p>\n<p class=\"paragraph\" data-mrf-recirculation=\"links-parrafos\" id=\"paragraph_12\">Los precios a partir de septiembre<span>\u00a0<\/span><strong>ir\u00e1n desde los 124,7 euros que costar\u00e1 el viaje de cuatro d\u00edas a capitales de provincia<\/strong><span>\u00a0<\/span>(116 euros para la temporada precise) hasta los 436 euros de los diez d\u00edas en Canarias con transporte (405,5 ahora).<\/p>\n<p class=\"paragraph\" data-mrf-recirculation=\"links-parrafos\" id=\"paragraph_13\">Las arcas p\u00fablicas tambi\u00e9n se benefician de este programa. Se calcula que, por cada euro que el Gobierno<span>\u00a0<\/span><strong>invierte en los viajes del Imserso, recibe 1,56 euros<\/strong>. Ese beneficio lo consigue gracias a que estos viajes favorecen la creaci\u00f3n y mantenimiento del empleo en el sector tur\u00edstico.<\/p>\n<p class=\"paragraph\" data-mrf-recirculation=\"links-parrafos\" id=\"paragraph_14\">Sin estos viajes, muchos trabajadores de estos establecimientos acabar\u00edan en el paro, por lo que tendr\u00edan que cobrar una pensi\u00f3n de desempleo a cargo del Estado. As\u00ed, el Gobierno sigue recaudando el IVA, Impuesto de Sociedades e IRPF y se ahorra el pago del desempleo.\u00a0<\/p>\n<\/p><\/div>\n\n<p><em> &#8221; Fuentes www.elespanol.com &#8221; <\/em><\/p>\n","protected":false},"excerpt":{"rendered":"<p>Este mi\u00e9rcoles\u00a03 de mayo\u00a0finaliza el plazo para la presentaci\u00f3n de ofertas del nuevo programa de viajes del Imserso. Este incluye m\u00e1s plazas, mejores precios para los hoteles y la oportunidad, como siempre, de desestacionalizar la oferta en el sector. El inter\u00e9s es m\u00e1ximo, aunque las cl\u00e1usulas limitan cierto tipo de ofertas.\u00a0 El\u00a0contrato para la temporada [&hellip;]<\/p>\n","protected":false},"author":4,"featured_media":525345,"comment_status":"open","ping_status":"closed","sticky":false,"template":"","format":"standard","meta":{"om_disable_all_campaigns":false,"jnews-multi-image_gallery":[],"jnews_single_post":[],"jnews_primary_category":[],"jnews_social_meta":[],"footnotes":""},"categories":[39],"tags":[813,544],"class_list":["post-525344","post","type-post","status-publish","format-standard","has-post-thumbnail","hentry","category-viajes","tag-imserso","tag-turismo"],"_links":{"self":[{"href":"https:\/\/dimensionturistica.com\/es\/wp-json\/wp\/v2\/posts\/525344","targetHints":{"allow":["GET"]}}],"collection":[{"href":"https:\/\/dimensionturistica.com\/es\/wp-json\/wp\/v2\/posts"}],"about":[{"href":"https:\/\/dimensionturistica.com\/es\/wp-json\/wp\/v2\/types\/post"}],"author":[{"embeddable":true,"href":"https:\/\/dimensionturistica.com\/es\/wp-json\/wp\/v2\/users\/4"}],"replies":[{"embeddable":true,"href":"https:\/\/dimensionturistica.com\/es\/wp-json\/wp\/v2\/comments?post=525344"}],"version-history":[{"count":0,"href":"https:\/\/dimensionturistica.com\/es\/wp-json\/wp\/v2\/posts\/525344\/revisions"}],"wp:featuredmedia":[{"embeddable":true,"href":"https:\/\/dimensionturistica.com\/es\/wp-json\/wp\/v2\/media\/525345"}],"wp:attachment":[{"href":"https:\/\/dimensionturistica.com\/es\/wp-json\/wp\/v2\/media?parent=525344"}],"wp:term":[{"taxonomy":"category","embeddable":true,"href":"https:\/\/dimensionturistica.com\/es\/wp-json\/wp\/v2\/categories?post=525344"},{"taxonomy":"post_tag","embeddable":true,"href":"https:\/\/dimensionturistica.com\/es\/wp-json\/wp\/v2\/tags?post=525344"}],"curies":[{"name":"wp","href":"https:\/\/api.w.org\/{rel}","templated":true}]}}