{"id":525035,"date":"2023-04-30T19:34:31","date_gmt":"2023-04-30T19:34:31","guid":{"rendered":"https:\/\/dimensionturistica.com\/es\/?p=525035"},"modified":"2023-04-30T19:34:32","modified_gmt":"2023-04-30T19:34:32","slug":"ninos-vulnerables-continuan-trabajando-en-cruceros-de-tamaulipas-grupo-milenio","status":"publish","type":"post","link":"https:\/\/dimensionturistica.com\/es\/ninos-vulnerables-continuan-trabajando-en-cruceros-de-tamaulipas-grupo-milenio\/","title":{"rendered":"Ni\u00f1os vulnerables contin\u00faan trabajando en cruceros de Tamaulipas Grupo Milenio"},"content":{"rendered":"<p> <br \/>\n<\/p>\n<div itemprop=\"articleBody\">\n<p>Lamentablemente que no\u00a0<span>respeten los derechos de los\u00a0<\/span><span>ni\u00f1os en situaci\u00f3n de vulne<\/span><span>rabilidad, como es el caso de\u00a0<\/span><span>los infantes que est\u00e1n en los\u00a0<\/span><span>cruceros, sem\u00e1foros y ave<\/span><span>nidas de la zona conurbada\u00a0<\/span><span>para obtener un beneficio\u00a0<\/span><span>econ\u00f3mico, con esta acci\u00f3n se\u00a0<\/span><span>viola la Ley de los derechos de\u00a0<\/span><span>ni\u00f1as ni\u00f1os y adolescentes del\u00a0<\/span><span>estado de Tamaulipas, sostuvo\u00a0<\/span><span>la abogada Gabriela Berenice\u00a0<\/span><span>Ibarra Lozano.<\/span><\/p>\n<p>En la actualidad, se sigue\u00a0<span>visualizando en la v\u00eda p\u00fablica\u00a0<\/span><span>a ni\u00f1os que buscan la forma\u00a0<\/span><span>de recibir recurso econ\u00f3mico\u00a0<\/span><span>para subsistir, a veces solos y\u00a0<\/span><span>otros en compa\u00f1\u00eda de un adul<\/span><span>to, cuando el \u00fanico derecho\u00a0<\/span><span>que tienen a esa edad es a la\u00a0<\/span><span>educaci\u00f3n y a una vida digna.<\/span><\/p>\n<blockquote><p>&#8220;Que lamentable que para\u00a0<span>las autoridades son ni\u00f1os in<\/span><span>visibles, todos los d\u00edas pasan\u00a0<\/span><span>muchos funcionarios por las\u00a0<\/span><span>avenidas y calles, cruceros y\u00a0<\/span><span>ah\u00ed est\u00e1n los infantes y no ha<\/span><span>cen nada, se est\u00e1 cometiendo\u00a0<\/span><span>un delito diario ante los ojos\u00a0<\/span><span>de todas las personas, las auto<\/span><span>ridades siguen sin hacer nada\u00a0<\/span><span>porque al ver a estos ni\u00f1os en\u00a0<\/span><span>tal situaci\u00f3n, es para que el sis<\/span><span>tema DIF instancia encargada\u00a0<\/span><span>de tutelar los derechos de los\u00a0<\/span><span>ni\u00f1os hagan algo en atenci\u00f3n\u00a0<\/span><span>a este tipo de tutela.<\/span><\/p><\/blockquote>\n<p>Es urgente que las autori<span>dades hagan todo lo necesario,\u00a0<\/span><span>porque de nada sirve que exista\u00a0<\/span><span>una Ley de Derechos de los ni<\/span><span>\u00f1os y que la Constituci\u00f3n en su\u00a0<\/span><span>art\u00edculo 4, se\u00f1ale de todos los\u00a0<\/span><span>derechos de los menores, que\u00a0<\/span><span>se creen todos los protocolos de\u00a0<\/span><span>actuaci\u00f3n para quienes impar<\/span><span>ten justicia tanto en lo familiar\u00a0<\/span><span>como en los penal, realmente\u00a0<\/span><span>se necesitan las denuncias pa<\/span><span>ra poder erradicar este tipo de\u00a0<\/span><span>actividades que se ve todos los\u00a0<\/span><span>d\u00edas en los cruceros.<\/span><\/p>\n<blockquote><p>&#8220;Sino est\u00e1n haciendo nada\u00a0<span>las autoridades, cualquier aso<\/span><span>ciaci\u00f3n, la Comisi\u00f3n de Dere<\/span><span>chos Humanos pueden hacer\u00a0<\/span><span>sus denuncias ante las Agencias\u00a0<\/span><span>del Ministerio P\u00fablico y la professional<\/span><span>curadur\u00eda del DIF, el art\u00edculo 74\u00a0<\/span><span>de la Ley de los derechos de los\u00a0<\/span><span>Ni\u00f1os y Ni\u00f1as y Adolescentes\u00a0<\/span><span>en Tamaulipas, refiere que cual<\/span><span>quier persona que se de cuenta\u00a0<\/span><span>de la vulnerabilidad de los de\u00a0<\/span><span>los ni\u00f1os, puede presentar una\u00a0<\/span><span>denuncia para que se pueda ac<\/span><span>cionar y ejercer una verdadera\u00a0<\/span><span>tutela de los derechos de los ni<\/span><span>\u00f1os en situaci\u00f3n de calle.<\/span><\/p><\/blockquote>\n<h2><span\/><\/h2>\n<h2><span>Est\u00e1n en riesgo<\/span><br \/><\/h2>\n<blockquote><p>&#8220;Todos los ni\u00f1os tienen dere<span>cho a estar en la escuela&#8221;: Fausto\u00a0<\/span><span>Villarreal<\/span><\/p><\/blockquote>\n<p>Adem\u00e1s de sufrir un acci<span>dente automovil\u00edstico, los ni<\/span><span>\u00f1os de la calle est\u00e1n expues<\/span><span>tos a cualquier problemas de\u00a0<\/span><span>salud, como <strong>insolaci\u00f3n golpe\u00a0<\/strong><\/span><span><strong>de calor, problemas en la piel\u00a0<\/strong><\/span><span><strong>y desnutrici\u00f3n<\/strong>, debido a que pa<\/span><span>san horas en la v\u00eda p\u00fablica en\u00a0<\/span><span>busca de apoyo econ\u00f3mico, los\u00a0<\/span><span>menores no tienen ninguna\u00a0<\/span><span>obligaci\u00f3n a trabajar, tienen\u00a0<\/span><span>derecho a estudiar, sostuvo\u00a0<\/span><span>el abogado Fausto Villarreal\u00a0<\/span><span>Garc\u00eda, Delegado de la Fede<\/span><span>raci\u00f3n de Abogados del sur\u00a0<\/span><span>de Tamaulipas.<\/span><\/p>\n<blockquote><p>&#8220;Tal vez no se analizado\u00a0<span>pero quedarse ya media hora\u00a0<\/span><span>en el sol, expuestos a todo\u00a0<\/span><span>peligro, sin contar el estado\u00a0<\/span><span>de nutrici\u00f3n en el que pro<\/span><span>bablemente se encuentren\u00a0<\/span><span>los ni\u00f1os, est\u00e1n poniendo en\u00a0<\/span><span>riesgo su salud y esto es tam<\/span><span>bi\u00e9n otro derecho que se est\u00e1\u00a0<\/span><span>violentando ya que su salud\u00a0<\/span><span>est\u00e1 de por medio, estamos\u00a0<\/span><span>haciendo un llamado a todas\u00a0<\/span><span>las autoridades para que ac<\/span><span>t\u00faen r\u00e1pidamente&#8221;, indic\u00f3.<\/span><\/p><\/blockquote>\n<p>Para los ni\u00f1os que se en<span>cuentran en los cruceros y\u00a0<\/span><span>avenidas no hay nada que\u00a0<\/span><span>festejar el 30 de Abril, es\u00a0<\/span><span>lamentable que las autori<\/span><span>dades contin\u00faen omisos\u00a0<\/span><span>ante una situaci\u00f3n donde\u00a0<\/span><span>se violentan los derechos\u00a0<\/span><span>de los menores porque los\u00a0<\/span><span>est\u00e1n usando para obtener\u00a0<\/span><span>un beneficio econ\u00f3mico.<\/span><\/p>\n<blockquote><p>&#8220;Los ni\u00f1os a esa edad\u00a0<span>no deben trabajar tienen\u00a0<\/span><span>derecho pero no tienen la\u00a0<\/span><span>obligaciones, hace falta que\u00a0<\/span><span>la autoridad est\u00e9 m\u00e1s com<\/span><span>prometida en hacer rondi<\/span><span>nes que realmente ejecuten\u00a0<\/span><span>lo que dice la Ley, no dejarla\u00a0<\/span><span>como letra muerta, desgra<\/span><span>ciadamente la autoridad\u00a0<\/span><span>no cuenta con los recursos\u00a0<\/span><span>suficientes ni el presupuesto\u00a0<\/span><span>y personal para poder hacer\u00a0<\/span><span>su trabajo pero tienen la\u00a0<\/span><span>obligaci\u00f3n, hay que buscar\u00a0<\/span><span>la manera de que cumplan\u00a0<\/span><span>con lo que plasma en la Ley&#8221;.<\/span><\/p><\/blockquote>\n<p>SJHN<\/p>\n<\/p><\/div>\n\n<p><em> &#8221; Fuentes amp.milenio.com &#8221; <\/em><\/p>\n","protected":false},"excerpt":{"rendered":"<p>Lamentablemente que no\u00a0respeten los derechos de los\u00a0ni\u00f1os en situaci\u00f3n de vulnerabilidad, como es el caso de\u00a0los infantes que est\u00e1n en los\u00a0cruceros, sem\u00e1foros y avenidas de la zona conurbada\u00a0para obtener un beneficio\u00a0econ\u00f3mico, con esta acci\u00f3n se\u00a0viola la Ley de los derechos de\u00a0ni\u00f1as ni\u00f1os y adolescentes del\u00a0estado de Tamaulipas, sostuvo\u00a0la abogada Gabriela Berenice\u00a0Ibarra Lozano. En la actualidad, [&hellip;]<\/p>\n","protected":false},"author":4,"featured_media":525036,"comment_status":"open","ping_status":"closed","sticky":false,"template":"","format":"standard","meta":{"om_disable_all_campaigns":false,"jnews-multi-image_gallery":[],"jnews_single_post":[],"jnews_primary_category":[],"jnews_social_meta":[],"footnotes":""},"categories":[41],"tags":[543,5692,66769,1165,3166],"class_list":["post-525035","post","type-post","status-publish","format-standard","has-post-thumbnail","hentry","category-cruceros","tag-cruceros","tag-ninos","tag-semaforos-y-avenidas","tag-tamaulipas","tag-trabajo"],"_links":{"self":[{"href":"https:\/\/dimensionturistica.com\/es\/wp-json\/wp\/v2\/posts\/525035","targetHints":{"allow":["GET"]}}],"collection":[{"href":"https:\/\/dimensionturistica.com\/es\/wp-json\/wp\/v2\/posts"}],"about":[{"href":"https:\/\/dimensionturistica.com\/es\/wp-json\/wp\/v2\/types\/post"}],"author":[{"embeddable":true,"href":"https:\/\/dimensionturistica.com\/es\/wp-json\/wp\/v2\/users\/4"}],"replies":[{"embeddable":true,"href":"https:\/\/dimensionturistica.com\/es\/wp-json\/wp\/v2\/comments?post=525035"}],"version-history":[{"count":0,"href":"https:\/\/dimensionturistica.com\/es\/wp-json\/wp\/v2\/posts\/525035\/revisions"}],"wp:featuredmedia":[{"embeddable":true,"href":"https:\/\/dimensionturistica.com\/es\/wp-json\/wp\/v2\/media\/525036"}],"wp:attachment":[{"href":"https:\/\/dimensionturistica.com\/es\/wp-json\/wp\/v2\/media?parent=525035"}],"wp:term":[{"taxonomy":"category","embeddable":true,"href":"https:\/\/dimensionturistica.com\/es\/wp-json\/wp\/v2\/categories?post=525035"},{"taxonomy":"post_tag","embeddable":true,"href":"https:\/\/dimensionturistica.com\/es\/wp-json\/wp\/v2\/tags?post=525035"}],"curies":[{"name":"wp","href":"https:\/\/api.w.org\/{rel}","templated":true}]}}