{"id":524957,"date":"2023-04-30T11:38:56","date_gmt":"2023-04-30T11:38:56","guid":{"rendered":"https:\/\/dimensionturistica.com\/es\/?p=524957"},"modified":"2023-04-30T11:38:57","modified_gmt":"2023-04-30T11:38:57","slug":"el-programa-bono-viaje-genera-cerca-un-millon-de-pernoctaciones-desde-2020-en-la-comunitat-valenciana","status":"publish","type":"post","link":"https:\/\/dimensionturistica.com\/es\/el-programa-bono-viaje-genera-cerca-un-millon-de-pernoctaciones-desde-2020-en-la-comunitat-valenciana\/","title":{"rendered":"El programa Bono Viaje genera cerca un mill\u00f3n de pernoctaciones desde 2020 en la Comunitat Valenciana"},"content":{"rendered":"<p> <br \/>\n<\/p>\n<div id=\"\">\n<p class=\"article-text\">\n        El programa Bono Viaje ha generado casi un mill\u00f3n de pernoctaciones -en concreto 989.196- en establecimientos tur\u00edsticos de la Comunitat Valenciana desde su puesta en marcha en 2020 por la Generalitat, que ha destinado a esta iniciativa 46,3 millones de euros en complete.\n    <\/p>\n<p class=\"article-text\">\n        As\u00ed lo ha se\u00f1alado este domingo el director normal de Turismo de la Generalitat, Herick Campos, que ha explicado que el programa ha cumplido el objetivo de desestacionalizar el turismo, con 123.000 reservas, 340.000 personas beneficiadas y un retorno econ\u00f3mico superior a 71,3 millones de euros (2,28 euros por cada euro invertido).\n    <\/p>\n<p class=\"article-text\">\n        Para la edici\u00f3n 2023, la ayuda supone el 60 % del coste de los servicios tur\u00edsticos contratados, sin distinci\u00f3n de estancia corta o larga, con una estancia m\u00ednima de dos noches consecutivas en el mismo alojamiento tur\u00edstico, y hasta un m\u00e1ximo de 600 euros por ayuda concedida\n    <\/p>\n<p class=\"article-text\">\n        Las personas residentes en la Comunitat Valenciana aportan m\u00e1s de la mitad de los viajes anuales a este territorio, que en caso del programa Bono Viaje han hecho reservas con una media de tres noches por viaje y un importe medio de 475 euros por reserva, seg\u00fan fuentes de la Generalitat.\n    <\/p>\n<p class=\"article-text\">\n        M\u00e1s de 1.500 empresas han participado en el programa Bono Viaje de la Generalitat desde su puesta en marcha hace tres a\u00f1os, y en el caso del 76 % de estas empresas han formado parte en todas las ediciones. Por provincias, Alicante tiene mayor n\u00famero de empresas participantes, un 43,68 % del complete, seguido de Valencia (37,06 %) y Castell\u00f3n (19,26 %).\n    <\/p>\n<p class=\"article-text\">\n        Por tipolog\u00eda de empresas, las agencias de viajes son las empresas con mayor participaci\u00f3n en el programa (37 %), seguidas de los hoteles (31 %) y el alojamiento rural (14 %). A continuaci\u00f3n, figuran las empresas gestoras de viviendas tur\u00edsticas (12 %), los c\u00e1mpins (3 %) y los bloques y conjuntos de apartamentos tur\u00edsticos (3 %).\n    <\/p>\n<p class=\"article-text\">\n        Los municipios con mayor n\u00famero de empresas adheridas en la edici\u00f3n 2022 fueron Val\u00e8ncia, Benidorm, Alicante, Castell\u00f3 de la Plana, Pe\u00f1\u00edscola, Elche, Gandia, Calp y Benicasim\n    <\/p>\n<p class=\"article-text\">\n        Por otra parte, la l\u00ednea de ayudas directas de la Generalitat a los hoteles de la Comunitat Valenciana por su participaci\u00f3n en el Programa Imserso est\u00e1 dotada con 5 millones de euros y son 51 los hoteles de la Comunitat que se han acogido.\n    <\/p>\n<p class=\"article-text\">\n        Gracias a esta iniciativa, 150.000 personas mayores se han beneficiado de la oferta tur\u00edstica de la Comunitat Valenciana, cifra podr\u00eda alcanzar los 180.000 al finalizar el primer periodo de 2023 del Programa, que ha permitido dar continuidad a la actividad tur\u00edstica fuera de la temporada alta, manteniendo 3.000 puestos de trabajo directos y otros 7.000 indirectos.\n    <\/p>\n<p class=\"article-text\">\n        Se estima que los hoteles que han participado en el Programa de Turismo del IMSERSO 2022, con alrededor de 5.700 habitaciones y 11.400 plazas, representan el 20 % del complete de la oferta en el \u00e1mbito nacional, seg\u00fan las mismas fuentes.\u00a0\n    <\/p>\n<\/p><\/div>\n\n<p><em> &#8221; Fuentes www.eldiario.es &#8221; <\/em><\/p>\n","protected":false},"excerpt":{"rendered":"<p>El programa Bono Viaje ha generado casi un mill\u00f3n de pernoctaciones -en concreto 989.196- en establecimientos tur\u00edsticos de la Comunitat Valenciana desde su puesta en marcha en 2020 por la Generalitat, que ha destinado a esta iniciativa 46,3 millones de euros en complete. As\u00ed lo ha se\u00f1alado este domingo el director normal de Turismo de [&hellip;]<\/p>\n","protected":false},"author":4,"featured_media":524958,"comment_status":"open","ping_status":"closed","sticky":false,"template":"","format":"standard","meta":{"om_disable_all_campaigns":false,"jnews-multi-image_gallery":[],"jnews_single_post":[],"jnews_primary_category":[],"jnews_social_meta":[],"footnotes":""},"categories":[39],"tags":[707,6178,3505,1117,3005,547,705,773,2769],"class_list":["post-524957","post","type-post","status-publish","format-standard","has-post-thumbnail","hentry","category-viajes","tag-actualidad","tag-alicante","tag-analisis","tag-castellon","tag-comunidad-valenciana","tag-informacion","tag-noticias","tag-opinion","tag-valencia"],"_links":{"self":[{"href":"https:\/\/dimensionturistica.com\/es\/wp-json\/wp\/v2\/posts\/524957","targetHints":{"allow":["GET"]}}],"collection":[{"href":"https:\/\/dimensionturistica.com\/es\/wp-json\/wp\/v2\/posts"}],"about":[{"href":"https:\/\/dimensionturistica.com\/es\/wp-json\/wp\/v2\/types\/post"}],"author":[{"embeddable":true,"href":"https:\/\/dimensionturistica.com\/es\/wp-json\/wp\/v2\/users\/4"}],"replies":[{"embeddable":true,"href":"https:\/\/dimensionturistica.com\/es\/wp-json\/wp\/v2\/comments?post=524957"}],"version-history":[{"count":0,"href":"https:\/\/dimensionturistica.com\/es\/wp-json\/wp\/v2\/posts\/524957\/revisions"}],"wp:featuredmedia":[{"embeddable":true,"href":"https:\/\/dimensionturistica.com\/es\/wp-json\/wp\/v2\/media\/524958"}],"wp:attachment":[{"href":"https:\/\/dimensionturistica.com\/es\/wp-json\/wp\/v2\/media?parent=524957"}],"wp:term":[{"taxonomy":"category","embeddable":true,"href":"https:\/\/dimensionturistica.com\/es\/wp-json\/wp\/v2\/categories?post=524957"},{"taxonomy":"post_tag","embeddable":true,"href":"https:\/\/dimensionturistica.com\/es\/wp-json\/wp\/v2\/tags?post=524957"}],"curies":[{"name":"wp","href":"https:\/\/api.w.org\/{rel}","templated":true}]}}