{"id":524951,"date":"2023-04-30T11:22:51","date_gmt":"2023-04-30T11:22:51","guid":{"rendered":"https:\/\/dimensionturistica.com\/es\/?p=524951"},"modified":"2023-04-30T11:22:52","modified_gmt":"2023-04-30T11:22:52","slug":"horarios-y-dias-conocedores-com","status":"publish","type":"post","link":"https:\/\/dimensionturistica.com\/es\/horarios-y-dias-conocedores-com\/","title":{"rendered":"horarios y d\u00edas \u2014 Conocedores.com"},"content":{"rendered":"<p> <br \/>\n<\/p>\n<div>\n<p>A partir de junio y julio de 2023, una de las principales <a rel=\"nofollow noopener\" target=\"_blank\" href=\"https:\/\/conocedores.com\/tag\/aerolineas\"><strong>aerol\u00edneas<\/strong><\/a> de Latinoam\u00e9rica, <a rel=\"nofollow noopener\" target=\"_blank\" href=\"http:\/\/voegol.com\"><strong>GOL L\u00edneas A\u00e9reas<\/strong><\/a>, lanza nuevos vuelos para viajes entre Argentina y Brasil, uniendo las ciudades de Buenos Aires, C\u00f3rdoba, Rosario, Mendoza, R\u00edo de Janeiro, San Pablo, Recibe, Macei\u00f3, Natal y Fortaleza.<\/p>\n<p>Buenos Aires es el destino m\u00e1s common para los clientes de GOL, por lo que la compa\u00f1\u00eda ofrece m\u00e1s de 20 vuelos semanales que parten desde Aeroparque hacia Florian\u00f3polis, R\u00edo de Janeiro, San Pablo y Recife, y dos saliendo desde Ezeiza hacia Macei\u00f3 y Natal. Adem\u00e1s, en junio se sumar\u00e1 una nueva frecuencia en la ruta Buenos Aires \u2013 Fortaleza, con salidas desde Aeroparque.<\/p>\n<p>Por otro lado, a partir de julio se seguir\u00e1n incrementando los vuelos. Con partidas desde Aeroparque, los pasajeros dispondr\u00e1n de viajes directos hacia Salvador. Y desde Ezeiza, hacia Florian\u00f3polis y Jo\u00e3o Pessoa (con escala en Natal).<\/p>\n<h2><strong>\u00bfC\u00f3mo es y c\u00f3mo ser\u00e1 el renovado cronograma de vuelos de Gol?<\/strong><\/h2>\n<p><strong>Desde y hacia C\u00f3rdoba<\/strong><br \/>En la ruta que une C\u00f3rdoba y R\u00edo, hay tres vuelos semanales ida y vuelta. Mientras que la ruta entre C\u00f3rdoba y San Pablo, si bien hoy cuenta con dos frecuencias ida y vuelta por semana, a partir de julio ser\u00e1n tres.<\/p>\n<p><strong>Desde y hacia Rosario<\/strong><br \/>Rosario tambi\u00e9n se conecta con R\u00edo de Janeiro con tres frecuencias semanales y dos en la ruta hacia San Pablo. Y, desde julio, aumentar\u00e1 aumentar\u00e1 a tres vuelos por semana.<\/p>\n<p><strong>Desde y hacia Mendoza<\/strong><br \/>Adem\u00e1s, la ruta que une Mendoza con San Pablo, que entre abril y mayo contar\u00e1 con tres vuelos semanales, tambi\u00e9n incrementar\u00e1 sus frecuencias a cinco vuelos por semana ida y vuelta en junio y julio.<\/p>\n<h2><strong>Los nuevos vuelos de GOL para viajes entre Argentina y Brasil<\/strong><\/h2>\n<blockquote>\n<p><strong>ABRIL, MAYO Y JUNIO DESDE Y HACIA BUENOS AIRES<\/strong><\/p>\n<\/blockquote>\n<p><strong>Desde Buenos Aires a Florian\u00f3polis<\/strong><br \/>(AEP) 16:35 Florian\u00f3polis<br \/>(GIG) 18:45 Lunes, Martes, Mi\u00e9rcoles, Jueves, Viernes y S\u00e1bado<\/p>\n<p><strong>Desde Florian\u00f3polis a Buenos Aires<\/strong><br \/>(FLN) 13:15 Buenos Aires<br \/>(AEP) 15:35 Lunes, Martes, Mi\u00e9rcoles, Jueves, Viernes y S\u00e1bado<\/p>\n<p><strong>Desde Buenos Aires a R\u00edo de Janeiro<\/strong><br \/>(AEP) 11:35 Gale\u00e3o<br \/>(GIG) 14:35 Lunes, Martes, Mi\u00e9rcoles, Jueves, Viernes y Domingo<\/p>\n<p><strong>Desde R\u00edo de Janeiro a Buenos Aires<\/strong><br \/>(GIG) 06:50 Buenos Aires<br \/>(AEP) 10:20 Lunes, Martes, Mi\u00e9rcoles, Jueves, Viernes y Domingo<\/p>\n<p><strong>Desde Buenos Aires a San Pablo<\/strong><br \/>(AEP) 13:35 Guarulhos<br \/>(GRU) 16h20 Lunes, Mi\u00e9rcoles, Jueves, Viernes y S\u00e1bado<br \/>(AEP) 17:55 Guarulhos<br \/>(GRU) 20h40 Lunes, Martes, Mi\u00e9rcoles, Jueves, Viernes y Domingo<\/p>\n<p><strong>Desde San Pablo a Buenos Aires<\/strong><br \/>(GRU) 09h10 Buenos Aires<br \/>(AEP) 12h10 Lunes, Mi\u00e9rcoles, Jueves, Viernes y S\u00e1bado<br \/>(GRU) 13h45 Buenos Aires<br \/>(AEP) 16h50 Lunes, Martes, Mi\u00e9rcoles, Jueves, Viernes y Domingo<\/p>\n<p><strong>Desde Buenos Aires a Recife<\/strong><br \/>(AEP) 18:35 Recife<br \/>(REC) 23:35 S\u00e1bado<\/p>\n<p><strong>Desde Recibe a Buenos Aires<\/strong><br \/>(REC) 11:15 Buenos Aires<br \/>(AEP) 17:00 S\u00e1bado<\/p>\n<p><strong>Desde Buenos Aires (Ezeiza) a Maice\u00f3<\/strong><br \/>(EZE) 04:10 Macei\u00f3<br \/>(MCZ) 09:05 Domingo<\/p>\n<p><strong>Desde Macei\u00f3 a Buenos Aires (Ezeiza)<\/strong><br \/>(MCZ) 17:10 Buenos Aires<br \/>(EZE) 22:30 S\u00e1bado<\/p>\n<p><strong>Desde Buenos Aires (Ezeiza) a Natal<\/strong><br \/>(EZE) 00:15 Natal<br \/>(NAT) 05:45 Domingo<\/p>\n<p><strong>Desde Natal a Buenos Aires (Ezeiza)<\/strong><br \/>(NAT) 21:05 Buenos Aires<br \/>(EZE) 02:45 S\u00e1bado<\/p>\n<p><strong>Desde el 24 de junio de 2023, desde Buenos Aires a Fortaleza<\/strong><br \/>(AEP) 23:10 Fortaleza<br \/>(FOR) 05:05 S\u00e1bado<\/p>\n<p><strong>Desde Fortaleza a Buenos Aires<\/strong><br \/>(FOR) 16:25 Buenos Aires<br \/>(AEP) 22:20 S\u00e1bado<\/p>\n<blockquote>\n<p><strong>ABRIL, MAYO Y JUNIO DESDE Y HACIA C\u00d3RDOBA<\/strong><\/p>\n<\/blockquote>\n<p><strong>Desde C\u00f3rdoba a R\u00edo de Janeiro<\/strong><br \/>(COR) 03:50 Gale\u00e3o<br \/>(GIG) 06:55 Martes, Jueves y S\u00e1bado<\/p>\n<p><strong>Desde R\u00edo de Janeiro a C\u00f3rdoba<\/strong><br \/>(GIG) 23:05 C\u00f3rdoba<br \/>(COR) 02:55 Lunes, Mi\u00e9rcoles y Viernes<\/p>\n<p><strong>Desde C\u00f3rdoba a San Pablo<\/strong><br \/>(COR) 04:00 Guarulhos<br \/>(GRU) 07:00 Lunes y Viernes<\/p>\n<p><strong>Desde San Pablo a C\u00f3rdoba<\/strong><br \/>(GRU) 23:15 C\u00f3rdoba<br \/>(COR) 02:35 Jueves y Domingo<\/p>\n<blockquote>\n<p><strong>ABRIL, MAYO Y JUNIO DESDE Y HACIA ROSARIO<\/strong><\/p>\n<\/blockquote>\n<p><strong>Desde Rosario a R\u00edo de Janeiro<\/strong><br \/>(ROS) 03:50 Gale\u00e3o<br \/>(GIG) 06:55 Lunes, Mi\u00e9rcoles y Viernes<\/p>\n<p><strong>Desde R\u00edo de Janeiro a San Pablo<\/strong><br \/>(GIG) 23:10 Rosario<br \/>(ROS) 02:35 Martes, Jueves y Domingo<\/p>\n<p><strong>Desde Rosario a San Pablo<\/strong><br \/>(ROS) 04:10 Guarulhos<br \/>(GRU) 07:00 Martes y S\u00e1bado<\/p>\n<p><strong>Desde San Pablo a Rosario<\/strong><br \/>(GRU) 23:15 Rosario<br \/>(ROS) 02:25 Lunes y Viernes<\/p>\n<blockquote>\n<p><strong>ABRIL Y MAYO DESDE Y HACIA MENDOZA<\/strong><\/p>\n<\/blockquote>\n<p><strong>Desde Mendoza a San Pablo\u00a0<\/strong><br \/>(MDZ) 15:35 Guarulhos<br \/>(GRU) 19:15 Martes, Jueves y Domingo<\/p>\n<p><strong>Desde San Pablo a Mendoza<\/strong><br \/>(GRU) 10:35 Mendoza<br \/>(MDZ) 14:45 Martes, Jueves y Domingo<\/p>\n<blockquote>\n<p><strong>A PARTIR DE JULIO DESDE Y HACIA BUENOS AIRES, C\u00d3RDOBA Y ROSARIO<\/strong><\/p>\n<\/blockquote>\n<p><strong>Desde Buenos Aires a Salvador<\/strong><br \/>(AEP) 21:05 Salvador<br \/>(SSA) 01:30 S\u00e1bado<\/p>\n<p><strong>Desde Salvador a Buenos Aires<\/strong><br \/>(SSA) 15:10 Buenos Aires<br \/>(AEP) 20:05 S\u00e1bado<\/p>\n<p><strong>Desde Buenos Aires a Florina\u00f3polis<\/strong><br \/>(EZE) 05:00 Florian\u00f3polis<br \/>(FLN) 07:10 Domingo<\/p>\n<p><strong>Desde Florian\u00f3polis a Buenos Aires<\/strong><br \/>(FLN) 13:15 Buenos Aires<br \/>(AEP) 15:35 S\u00e1bado<\/p>\n<p><strong>Desde Buenos Aires(Ezeiza) a Natal<\/strong><br \/>(EZE) 16:20 Natal<br \/>(NAT) 21:50 S\u00e1bado<\/p>\n<p><strong>Desde Natal a Jo\u00e3o Pessoa<\/strong><br \/>(NAT) 22:40 Jo\u00e3o Pessoa<br \/>(JPA) 23:35 S\u00e1bado<\/p>\n<p><strong>Desde Jo\u00e3o Pessoa a Buenos Aires (Ezeiza)<\/strong><br \/>(JPA) 00:25 Buenos Aires<br \/>(EZE) 06:05 Domingo<\/p>\n<p><strong>Desde C\u00f3rdoba a San Pablo<\/strong><br \/>(COR) 04:00 Guarulhos<br \/>(GRU) 07:00 Lunes, Mi\u00e9rcoles y Viernes<\/p>\n<p><strong>Desde San Pablo a C\u00f3rdoba<\/strong><br \/>(GRU) 23:15 C\u00f3rdoba<br \/>(COR) 02:35 Martes, Jueves y S\u00e1bado<\/p>\n<p><strong>Desde Rosario a San Pablo<\/strong><br \/>(ROS) 04:10 Guarulhos<br \/>(GRU) 07:00 Martes, Jueves y S\u00e1bado<\/p>\n<p><strong>Desde San Pablo a Rosario<\/strong><br \/>(GRU) 23:15 Rosario<br \/>(ROS) 02:25 Lunes, Mi\u00e9rcoles y Viernes<\/p>\n<blockquote>\n<p><strong>NUEVAS FRECUENCIAS DESDE Y HACIA MENDOZA ENTRE JUNIO Y JULIO<\/strong><\/p>\n<\/blockquote>\n<p><strong>Desde Mendoza a San Pablo<\/strong><br \/>(MDZ) 15:35 Guarulhos<br \/>(GRU) 19:15 Lunes, martes, jueves, s\u00e1bado y domingo<\/p>\n<p><strong>Desde San Pablo a Mendoza<\/strong><br \/>(GRU) 10:35 Mendoza<br \/>(MDZ) 14:45 Lunes, martes, jueves, s\u00e1bado y domingo<\/p>\n<p>Estos nuevos vuelos de <a rel=\"nofollow noopener\" target=\"_blank\" href=\"http:\/\/voegol.com\"><strong>GOL<\/strong><\/a> para viajes entre Argentina y Brasil, siguen afianzando a la aerol\u00ednea como la n\u00famero uno de Brasil y l\u00edder en los segmentos corporativos y de turista. Adem\u00e1s, tiene alianzas estrat\u00e9gicas con American Airways y Air France\/KLM, adem\u00e1s de varios acuerdos de c\u00f3digo compartido, aportando m\u00e1s comodidad y facilidad en las conexiones a distintos lugares del planeta.<\/p>\n<p>La flota de GOL est\u00e1 conformada por 145 aviones Boeing 737, con conexiones Wi-Fi, cargadores USB y servicio de entretenimiento de abordo.<\/p>\n<\/div>\n\n<p><em> &#8221; Fuentes conocedores.com &#8221; <\/em><\/p>\n","protected":false},"excerpt":{"rendered":"<p>A partir de junio y julio de 2023, una de las principales aerol\u00edneas de Latinoam\u00e9rica, GOL L\u00edneas A\u00e9reas, lanza nuevos vuelos para viajes entre Argentina y Brasil, uniendo las ciudades de Buenos Aires, C\u00f3rdoba, Rosario, Mendoza, R\u00edo de Janeiro, San Pablo, Recibe, Macei\u00f3, Natal y Fortaleza. Buenos Aires es el destino m\u00e1s common para los [&hellip;]<\/p>\n","protected":false},"author":4,"featured_media":524952,"comment_status":"open","ping_status":"closed","sticky":false,"template":"","format":"standard","meta":{"om_disable_all_campaigns":false,"jnews-multi-image_gallery":[],"jnews_single_post":[],"jnews_primary_category":[],"jnews_social_meta":[],"footnotes":""},"categories":[39],"tags":[803],"class_list":["post-524951","post","type-post","status-publish","format-standard","has-post-thumbnail","hentry","category-viajes","tag-aerolineas"],"_links":{"self":[{"href":"https:\/\/dimensionturistica.com\/es\/wp-json\/wp\/v2\/posts\/524951","targetHints":{"allow":["GET"]}}],"collection":[{"href":"https:\/\/dimensionturistica.com\/es\/wp-json\/wp\/v2\/posts"}],"about":[{"href":"https:\/\/dimensionturistica.com\/es\/wp-json\/wp\/v2\/types\/post"}],"author":[{"embeddable":true,"href":"https:\/\/dimensionturistica.com\/es\/wp-json\/wp\/v2\/users\/4"}],"replies":[{"embeddable":true,"href":"https:\/\/dimensionturistica.com\/es\/wp-json\/wp\/v2\/comments?post=524951"}],"version-history":[{"count":0,"href":"https:\/\/dimensionturistica.com\/es\/wp-json\/wp\/v2\/posts\/524951\/revisions"}],"wp:featuredmedia":[{"embeddable":true,"href":"https:\/\/dimensionturistica.com\/es\/wp-json\/wp\/v2\/media\/524952"}],"wp:attachment":[{"href":"https:\/\/dimensionturistica.com\/es\/wp-json\/wp\/v2\/media?parent=524951"}],"wp:term":[{"taxonomy":"category","embeddable":true,"href":"https:\/\/dimensionturistica.com\/es\/wp-json\/wp\/v2\/categories?post=524951"},{"taxonomy":"post_tag","embeddable":true,"href":"https:\/\/dimensionturistica.com\/es\/wp-json\/wp\/v2\/tags?post=524951"}],"curies":[{"name":"wp","href":"https:\/\/api.w.org\/{rel}","templated":true}]}}