{"id":524594,"date":"2023-04-28T19:08:00","date_gmt":"2023-04-28T19:08:00","guid":{"rendered":"https:\/\/dimensionturistica.com\/es\/?p=524594"},"modified":"2023-04-28T19:08:02","modified_gmt":"2023-04-28T19:08:02","slug":"proyectan-mas-de-570-mil-viajes-en-todo-el-pais-para-este-fin-de-semana-largo","status":"publish","type":"post","link":"https:\/\/dimensionturistica.com\/es\/proyectan-mas-de-570-mil-viajes-en-todo-el-pais-para-este-fin-de-semana-largo\/","title":{"rendered":"Proyectan m\u00e1s de 570 mil viajes en todo el pa\u00eds para este fin de semana largo"},"content":{"rendered":"<p> <br \/>\n<\/p>\n<div>\n<p class=\"d-the-single__excerpt | u-fw-600\">\n                Las regiones de Valpara\u00edso, Metropolitana y O\u00b4Higgins ser\u00e1n los principales destinos durante el segundo fin de semana largo del 2023.&#13;<\/p>\n<hr class=\"u-separator--light | common:margin-bottom-45\"\/>\n<p>Las estimaciones de viajes para el pr\u00f3ximo fin de semana son positivas. La Divisi\u00f3n de Estudios y Territorios de la Subsecretar\u00eda de Turismo proyecta que entre el 28 de abril y el 1 de mayo se realicen 570.690 viajes totales con pernoctaci\u00f3n, un 28,4% m\u00e1s que el mismo festivo de 2022.<\/p>\n<p>Se espera que la Regi\u00f3n de Valpara\u00edso reciba 111.203 viajes, la Metropolitana 91.448 viajes y O\u2019Higgins 56.442 viajes. En cuanto a las principales comunas de destino, Vi\u00f1a del Mar, Valpara\u00edso y Temuco ocupar\u00e1n las tres primeras posiciones.<\/p>\n<p>\u201cHacemos un llamado a planificar su viaje, ya que esperamos que el 42% se realice durante el viernes, a utilizar servicios tur\u00edsticos registrados y a aprovechar este tiempo de descanso, ya que la visita a nuestros seres queridos es el principal motivo del viaje con un 73%\u201d, asegur\u00f3 la subsecretaria de Turismo, Ver\u00f3nica Pardo.<\/p>\n<p>Las estimaciones tambi\u00e9n indican que el 58,5% de los viajes se realizar\u00e1 en auto propio, el 25,3% en bus, el 5,0% en avi\u00f3n y el 11,2% en otro medio de transporte (auto de acquainted o amigo, tren u otro); y que la vivienda de familiares o amigos sea el principal tipo de alojamiento utilizado con un 69,0%, seguido de segunda vivienda (7,9%).<\/p>\n<h3><strong>Proyecciones Aeropuerto de Santiago<\/strong><\/h3>\n<p>Nuevo Pudahuel proyecta que m\u00e1s de 220 mil pasajeros viajar\u00e1n por el Aeropuerto de Santiago entre el viernes 28 de abril y lunes 1 de mayo de 2023. Los principales destinos nacionales ser\u00e1n Antofagasta, Puerto Montt y Calama, y los internacionales ser\u00e1n Buenos Aires, Lima y Sao Paulo.<\/p>\n<p>El gerente common de Nuevo Pudahuel, Fran\u00e7ois-Regis Le Miere, anunci\u00f3 un plan refuerzo de los equipos en terreno para atender a un mayor flujo de personas. \u201cHacemos un llamado a los viajeros a llegar al aeropuerto con anticipaci\u00f3n, realizar el <em>check-in<\/em> en casa y aprovechar la tecnolog\u00eda automatizada disponible en los terminales\u201d.<\/p>\n<p>En ese sentido, el llamado es a la planificaci\u00f3n de los viajes para evitar complicaciones durante este fin de semana.<\/p>\n<\/p><\/div>\n\n<p><em> &#8221; Fuentes www.elmostrador.cl &#8221; <\/em><\/p>\n","protected":false},"excerpt":{"rendered":"<p>Las regiones de Valpara\u00edso, Metropolitana y O\u00b4Higgins ser\u00e1n los principales destinos durante el segundo fin de semana largo del 2023.&#13; Las estimaciones de viajes para el pr\u00f3ximo fin de semana son positivas. La Divisi\u00f3n de Estudios y Territorios de la Subsecretar\u00eda de Turismo proyecta que entre el 28 de abril y el 1 de mayo [&hellip;]<\/p>\n","protected":false},"author":4,"featured_media":524595,"comment_status":"open","ping_status":"closed","sticky":false,"template":"","format":"standard","meta":{"om_disable_all_campaigns":false,"jnews-multi-image_gallery":[],"jnews_single_post":[],"jnews_primary_category":[],"jnews_social_meta":[],"footnotes":""},"categories":[39],"tags":[12360,544,545],"class_list":["post-524594","post","type-post","status-publish","format-standard","has-post-thumbnail","hentry","category-viajes","tag-fin-de-semana-largo","tag-turismo","tag-viajes"],"_links":{"self":[{"href":"https:\/\/dimensionturistica.com\/es\/wp-json\/wp\/v2\/posts\/524594","targetHints":{"allow":["GET"]}}],"collection":[{"href":"https:\/\/dimensionturistica.com\/es\/wp-json\/wp\/v2\/posts"}],"about":[{"href":"https:\/\/dimensionturistica.com\/es\/wp-json\/wp\/v2\/types\/post"}],"author":[{"embeddable":true,"href":"https:\/\/dimensionturistica.com\/es\/wp-json\/wp\/v2\/users\/4"}],"replies":[{"embeddable":true,"href":"https:\/\/dimensionturistica.com\/es\/wp-json\/wp\/v2\/comments?post=524594"}],"version-history":[{"count":0,"href":"https:\/\/dimensionturistica.com\/es\/wp-json\/wp\/v2\/posts\/524594\/revisions"}],"wp:featuredmedia":[{"embeddable":true,"href":"https:\/\/dimensionturistica.com\/es\/wp-json\/wp\/v2\/media\/524595"}],"wp:attachment":[{"href":"https:\/\/dimensionturistica.com\/es\/wp-json\/wp\/v2\/media?parent=524594"}],"wp:term":[{"taxonomy":"category","embeddable":true,"href":"https:\/\/dimensionturistica.com\/es\/wp-json\/wp\/v2\/categories?post=524594"},{"taxonomy":"post_tag","embeddable":true,"href":"https:\/\/dimensionturistica.com\/es\/wp-json\/wp\/v2\/tags?post=524594"}],"curies":[{"name":"wp","href":"https:\/\/api.w.org\/{rel}","templated":true}]}}