{"id":524522,"date":"2023-04-28T15:05:54","date_gmt":"2023-04-28T15:05:54","guid":{"rendered":"https:\/\/dimensionturistica.com\/es\/?p=524522"},"modified":"2023-04-28T15:05:55","modified_gmt":"2023-04-28T15:05:55","slug":"el-ministerio-aprueba-el-plan-de-sostenibilidad-turistica-2026-de-calp-de-mas-de-2-millones-de-euros","status":"publish","type":"post","link":"https:\/\/dimensionturistica.com\/es\/el-ministerio-aprueba-el-plan-de-sostenibilidad-turistica-2026-de-calp-de-mas-de-2-millones-de-euros\/","title":{"rendered":"El Ministerio aprueba el Plan de Sostenibilidad Tur\u00edstica 2026 de Calp de m\u00e1s de 2 millones de euros"},"content":{"rendered":"<p> <br \/>\n<\/p>\n<div>\n<div class=\"post-data\">\n<p>28 de abril de 2023 &#8211; 13:29<\/p>\n<p>Itsaso Aurrekoetxea Jover<\/p>\n<\/p><\/div>\n<p>El Ministerio de Industria, Comercio y Turismo ha admitido la inclusi\u00f3n del Plan de Sostenibilidad Tur\u00edstica Calp 2026 en la Convocatoria Extraordinaria del Plan de Sostenibilidad Tur\u00edstica en Destino de los fondos Subsequent Technology de la Uni\u00f3n Europea para su financiaci\u00f3n a trav\u00e9s de estas ayudas europeas. Este plan alcanza los 2.001.722 de euros de inversi\u00f3n.<\/p>\n<p>El plan se basa en cuatro ejes tem\u00e1ticos. As\u00ed, se destinan 470.000 euros a transici\u00f3n verde y sostenible, 510.000 euros a eficiencia energ\u00e9tica, 400.000 euros a transici\u00f3n digital y 621.000 euros al eje de competitividad. En whole, el plan supone una inversi\u00f3n de 2.001.722 euros distribuidos en tres anualidades.<\/p>\n<p>El Plan de Sostenibilidad Tur\u00edstica de Calp apuesta por proyectos como el Plan Native de Prevenci\u00f3n de incendios Forestales, la restauraci\u00f3n de espacios naturales y su protecci\u00f3n ante el impacto tur\u00edstico o la recuperaci\u00f3n de h\u00e1bitats para fauna y flora marinos. Tambi\u00e9n se apuesta por la consolidaci\u00f3n de carriles bici e itinerarios peatonales en las avenidas de acceso a las playas o la implantaci\u00f3n de una purple de gesti\u00f3n energ\u00e9tica eficiente para los recursos tur\u00edsticos.<\/p>\n<p>En este sentido, el documento prev\u00e9 incorporar pasos de peatones inteligentes, as\u00ed como sistemas inteligentes, tanto de iluminaci\u00f3n, que permitir\u00e1 que las farolas se enciendan o apaguen en funci\u00f3n de la intensidad lum\u00ednica pure, como de riego, que activar\u00e1 el riego cuando se detecte falta de humedad en las zonas verdes, adem\u00e1s de contaminaci\u00f3n atmosf\u00e9rica o de aparcamientos. As\u00ed mismo, se pretende mejorar la experiencia del usuario a trav\u00e9s de herramientas digitales en los museos locales.<\/p>\n<p>Tambi\u00e9n el Plan integra el turismo inclusivo y accesible con nuevas rutas de promoci\u00f3n y comercializaci\u00f3n. Otro de los grandes proyectos incluidos dentro del plan ser\u00e1 la rehabilitaci\u00f3n de la Casa Beltr\u00e1n para crear el Museu de la Festa. <\/p>\n<p>Los Subsequent Technology son unos fondos puestos en marcha por la Uni\u00f3n Europea para paliar la disaster econ\u00f3mica por la pandemia de la COVID-19 al tiempo que trata de impulsar la transformaci\u00f3n de los destinos tur\u00edsticos hacia la sostenibilidad. Se gestionan a trav\u00e9s de la Secretar\u00eda de Estado de Turismo y las Comunidades Aut\u00f3nomas y, de hecho, la evaluaci\u00f3n de estos proyectos se llevar\u00e1 a cabo por una comisi\u00f3n bilateral entre ambas administraciones<\/p>\n<div class=\"dcip_amp_post_box_link\">Esta p\u00e1gina es una versi\u00f3n optimizada para dispositivos m\u00f3viles. <a rel=\"nofollow noopener\" target=\"_blank\" href=\"https:\/\/lamarinaalta.com\/el-ministerio-aprueba-el-plan-de-sostenibilidad-turistica-2026-de-calp-de-mas-de-2-millones-de-euros\/\" title=\"El Ministerio aprueba el Plan de Sostenibilidad Tur\u00edstica 2026 de Calp de m\u00e1s de 2 millones de euros\">Ver versi\u00f3n original.<\/a><\/div>\n<\/div>\n\n<p><em> &#8221; Fuentes lamarinaalta.com &#8221; <\/em><\/p>\n","protected":false},"excerpt":{"rendered":"<p>28 de abril de 2023 &#8211; 13:29 Itsaso Aurrekoetxea Jover El Ministerio de Industria, Comercio y Turismo ha admitido la inclusi\u00f3n del Plan de Sostenibilidad Tur\u00edstica Calp 2026 en la Convocatoria Extraordinaria del Plan de Sostenibilidad Tur\u00edstica en Destino de los fondos Subsequent Technology de la Uni\u00f3n Europea para su financiaci\u00f3n a trav\u00e9s de estas [&hellip;]<\/p>\n","protected":false},"author":4,"featured_media":524523,"comment_status":"open","ping_status":"closed","sticky":false,"template":"","format":"standard","meta":{"om_disable_all_campaigns":false,"jnews-multi-image_gallery":[],"jnews_single_post":[],"jnews_primary_category":[],"jnews_social_meta":[],"footnotes":""},"categories":[40],"tags":[],"class_list":["post-524522","post","type-post","status-publish","format-standard","has-post-thumbnail","hentry","category-industria"],"_links":{"self":[{"href":"https:\/\/dimensionturistica.com\/es\/wp-json\/wp\/v2\/posts\/524522","targetHints":{"allow":["GET"]}}],"collection":[{"href":"https:\/\/dimensionturistica.com\/es\/wp-json\/wp\/v2\/posts"}],"about":[{"href":"https:\/\/dimensionturistica.com\/es\/wp-json\/wp\/v2\/types\/post"}],"author":[{"embeddable":true,"href":"https:\/\/dimensionturistica.com\/es\/wp-json\/wp\/v2\/users\/4"}],"replies":[{"embeddable":true,"href":"https:\/\/dimensionturistica.com\/es\/wp-json\/wp\/v2\/comments?post=524522"}],"version-history":[{"count":0,"href":"https:\/\/dimensionturistica.com\/es\/wp-json\/wp\/v2\/posts\/524522\/revisions"}],"wp:featuredmedia":[{"embeddable":true,"href":"https:\/\/dimensionturistica.com\/es\/wp-json\/wp\/v2\/media\/524523"}],"wp:attachment":[{"href":"https:\/\/dimensionturistica.com\/es\/wp-json\/wp\/v2\/media?parent=524522"}],"wp:term":[{"taxonomy":"category","embeddable":true,"href":"https:\/\/dimensionturistica.com\/es\/wp-json\/wp\/v2\/categories?post=524522"},{"taxonomy":"post_tag","embeddable":true,"href":"https:\/\/dimensionturistica.com\/es\/wp-json\/wp\/v2\/tags?post=524522"}],"curies":[{"name":"wp","href":"https:\/\/api.w.org\/{rel}","templated":true}]}}