{"id":524048,"date":"2023-04-27T08:17:15","date_gmt":"2023-04-27T08:17:15","guid":{"rendered":"https:\/\/dimensionturistica.com\/es\/?p=524048"},"modified":"2023-04-27T08:17:16","modified_gmt":"2023-04-27T08:17:16","slug":"revista-viajar-protegete-este-verano-con-viajar","status":"publish","type":"post","link":"https:\/\/dimensionturistica.com\/es\/revista-viajar-protegete-este-verano-con-viajar\/","title":{"rendered":"Revista Viajar | Prot\u00e9gete este verano con Viajar"},"content":{"rendered":"<p> <br \/>\n<\/p>\n<div>\n<article class=\"article-photo \"><amp-img alt=\"N\u00famero de mayo de la revista Viajar.\" src=\"https:\/\/estaticos-cdn.prensaiberica.es\/clip\/93b96418-0089-4412-99f3-d4a9fc5f9c8b_16-9-aspect-ratio_default_0.jpg\" width=\"880\" height=\"495\" layout=\"responsive\"\/><\/p>\n<p class=\"article-photo__footer\"><em>Prot\u00e9gete este verano con Viajar<\/em><\/p>\n<\/article>\n<p class=\"article-body__text  \">\n    Con el calor proliferan los insectos y optamos por ropa m\u00e1s ligera. Un binomio perfecto para estar m\u00e1s expuestos a las temidas picaduras. Por eso <strong>la <\/strong><a rel=\"nofollow noopener\" target=\"_blank\" href=\"https:\/\/www.diariodemallorca.es\/tags\/revista-viajar\/\" title=\"revista Viajar\" class=\"link copy\"><strong>revista Viajar<\/strong><\/a><strong> ha pensado en el regalo perfect para esta \u00e9poca del a\u00f1o: un eficaz repelente<\/strong>, de la mano de Halley, para poner a raya a mosquitos y garrapatas. Su f\u00f3rmula, que resulta <strong>agradable sobre la piel y no engrasa<\/strong>, cuenta con extracto pure de Pyrethrum, un principio activo muy eficaz y nada agresivo, que permitir\u00e1 su aplicaci\u00f3n frecuente tanto en adultos como en ni\u00f1os sin riesgo de irritaci\u00f3n cut\u00e1nea. No te quedes sin tu revista Viajar y ll\u00e9valo siempre contigo.\n<\/p>\n<p class=\"article-body__text  \">\n    Adem\u00e1s, en este n\u00famero, que lleva en su portada la playa de Tunco, en El Salvador (bajo la lente de Gonzalo Azumendi) te propone una <strong>incre\u00edble aventura para descubrir una Centroam\u00e9rica inesperada<\/strong>, que incluye tambi\u00e9n parada en <a rel=\"nofollow noopener\" target=\"_blank\" href=\"https:\/\/www.diariodemallorca.es\/tags\/honduras\/\" title=\"Honduras\" class=\"link copy\">Honduras<\/a> y en <a rel=\"nofollow noopener\" target=\"_blank\" href=\"https:\/\/www.diariodemallorca.es\/tags\/nicaragua\/\" title=\"Nicaragua\" class=\"link copy\">Nicaragua<\/a>. Los lectores se sorprender\u00e1n\u00a0de la bella estampa de sus volcanes al amanecer, de su fauna, sus ciudades coloniales llenas de colour y vida\u2026 Sin duda un territorio fascinante. Tanto como los destinos que este mes propone Viajar para sus m\u00edticas expediciones: Singapur y Malasia, Indonesia y Laponia son las siguientes opciones a las que te puedes apuntar.\u00a0\u00a0\n<\/p>\n<p class=\"article-body__text  \">\n    Otro lugar incre\u00edble fuera de nuestras fronteras es Ciudad del Cabo, una urbe, la m\u00e1s antigua de <a rel=\"nofollow noopener\" target=\"_blank\" href=\"https:\/\/www.diariodemallorca.es\/tags\/sudafrica\/\" title=\"Sud\u00e1frica\" class=\"link copy\">Sud\u00e1frica<\/a>, repleta de contrastes, que concentra todo un continente entre sus calles.\n<\/p>\n<p class=\"article-body__text  \">\n    La revista tambi\u00e9n se fija en <strong>islas incre\u00edbles como las Feroe<\/strong>, el archipi\u00e9lago en el que los volcanes tambi\u00e9n reclaman su protagonismo pure.\n<\/p>\n<p class=\"article-body__text  \">\n    Ya en territorio patrio y siguiendo por destinos insulares, <a rel=\"nofollow noopener\" target=\"_blank\" href=\"https:\/\/www.diariodemallorca.es\/tags\/menorca\/\" title=\"Menorca\" class=\"link copy\"><strong>Menorca<\/strong><\/a><strong> se presenta como una excelente opci\u00f3n <\/strong>por sus calas, talayots y pueblos marineros. El contrapunto perfecto a una escapada primaveral a Sevilla, un recorrido por la Sierra de la Culebra, en Zamora, o un espor\u00e1dico retiro al Jerte, en el que dejarse sorprender por los caballos pottokas, los m\u00e1s salvajes del continente.\n<\/p>\n<p class=\"article-body__text  \">\n    Y adem\u00e1s, hoteles con acciones sostenibles, el Gran Ca\u00f1\u00f3n del Colorado, Marrakech en 360 grados, los viajes de Mar G\u00f3mez y Adriana Brownlee, los encantos de Bangkok, las plazas m\u00e1s bonitas del mundo, las mezquitas de Sim\u00e1n en Estambul y mucho m\u00e1s en el nuevo n\u00famero de Viajar del mes de mayo. Ya disponible en tu punto de venta recurring.\n<\/p>\n<\/div>\n\n<p><em> &#8221; Fuentes www.diariodemallorca.es &#8221; <\/em><\/p>\n","protected":false},"excerpt":{"rendered":"<p>Prot\u00e9gete este verano con Viajar Con el calor proliferan los insectos y optamos por ropa m\u00e1s ligera. Un binomio perfecto para estar m\u00e1s expuestos a las temidas picaduras. Por eso la revista Viajar ha pensado en el regalo perfect para esta \u00e9poca del a\u00f1o: un eficaz repelente, de la mano de Halley, para poner a [&hellip;]<\/p>\n","protected":false},"author":4,"featured_media":524049,"comment_status":"open","ping_status":"closed","sticky":false,"template":"","format":"standard","meta":{"om_disable_all_campaigns":false,"jnews-multi-image_gallery":[],"jnews_single_post":[],"jnews_primary_category":[],"jnews_social_meta":[],"footnotes":""},"categories":[39],"tags":[66711,3888,544,2873,790],"class_list":["post-524048","post","type-post","status-publish","format-standard","has-post-thumbnail","hentry","category-viajes","tag-protegete","tag-revista-viajar","tag-turismo","tag-verano","tag-viajar"],"_links":{"self":[{"href":"https:\/\/dimensionturistica.com\/es\/wp-json\/wp\/v2\/posts\/524048","targetHints":{"allow":["GET"]}}],"collection":[{"href":"https:\/\/dimensionturistica.com\/es\/wp-json\/wp\/v2\/posts"}],"about":[{"href":"https:\/\/dimensionturistica.com\/es\/wp-json\/wp\/v2\/types\/post"}],"author":[{"embeddable":true,"href":"https:\/\/dimensionturistica.com\/es\/wp-json\/wp\/v2\/users\/4"}],"replies":[{"embeddable":true,"href":"https:\/\/dimensionturistica.com\/es\/wp-json\/wp\/v2\/comments?post=524048"}],"version-history":[{"count":0,"href":"https:\/\/dimensionturistica.com\/es\/wp-json\/wp\/v2\/posts\/524048\/revisions"}],"wp:featuredmedia":[{"embeddable":true,"href":"https:\/\/dimensionturistica.com\/es\/wp-json\/wp\/v2\/media\/524049"}],"wp:attachment":[{"href":"https:\/\/dimensionturistica.com\/es\/wp-json\/wp\/v2\/media?parent=524048"}],"wp:term":[{"taxonomy":"category","embeddable":true,"href":"https:\/\/dimensionturistica.com\/es\/wp-json\/wp\/v2\/categories?post=524048"},{"taxonomy":"post_tag","embeddable":true,"href":"https:\/\/dimensionturistica.com\/es\/wp-json\/wp\/v2\/tags?post=524048"}],"curies":[{"name":"wp","href":"https:\/\/api.w.org\/{rel}","templated":true}]}}