{"id":522958,"date":"2023-04-24T16:25:02","date_gmt":"2023-04-24T16:25:02","guid":{"rendered":"https:\/\/dimensionturistica.com\/es\/?p=522958"},"modified":"2023-04-24T16:25:02","modified_gmt":"2023-04-24T16:25:02","slug":"compania-tui-lanza-campana-turistica-quincena-de-cuba","status":"publish","type":"post","link":"https:\/\/dimensionturistica.com\/es\/compania-tui-lanza-campana-turistica-quincena-de-cuba\/","title":{"rendered":"Compa\u00f1\u00eda TUI lanza campa\u00f1a tur\u00edstica Quincena de Cuba"},"content":{"rendered":"<p> <br \/>\n<\/p>\n<div>\n<p>   De acuerdo con una nota sobre el anuncio la mayorista de grandes viajes, filial espa\u00f1ola de la firma TUI AG, de Alemania, cuenta con m\u00e1s de dos mil 300 plazas con salidas garantizadas de mayo a octubre.<\/p>\n<p>   La nueva campa\u00f1a, Quincena de Cuba, tiene el objetivo de contribuir a la favorable evoluci\u00f3n de la industria sin chimeneas en el pa\u00eds caribe\u00f1o e incentivar las reservas a la isla, indic\u00f3.<\/p>\n<p>   TUI destac\u00f3 que tiene cuatro programas exclusivos que permiten conocer y disfrutar lo mejor de la naci\u00f3n cubana.<\/p>\n<p>   Cuba Colombina, Cuba Oriental, a lo Largo y ancho del archipi\u00e9lago con propuestas \u00fanicas con los mejores servicios, que tambi\u00e9n pueden combinarse con estancias en playas como Varadero, cayo Santa Mar\u00eda y Guardalavaca, detall\u00f3.<\/p>\n<p>   En otra parte de su acci\u00f3n promocional, TUI apunt\u00f3 que Cuba es una de las islas m\u00e1s atractivas del Caribe, con m\u00e1s de seis mil kil\u00f3metros de costa, otros miles de islotes y una larga lista de lugares Patrimonio de la Humanidad. <\/p>\n<p>   \u201cEl legado colonial en sus edificios, la cultura musical del lugar, la forma de vida relajada de este rinc\u00f3n del mundo y los numerosos planes para vivir la historia, la naturaleza y las costumbres del pa\u00eds hacen que este destino est\u00e9, inevitablemente, en la mente de muchos viajeros\u201d, apostill\u00f3.<\/p>\n<p>mgt\/ft<\/p>\n<\/p><\/div>\n\n<p><em> &#8221; Fuentes www.prensa-latina.cu &#8221; <\/em><\/p>\n","protected":false},"excerpt":{"rendered":"<p>De acuerdo con una nota sobre el anuncio la mayorista de grandes viajes, filial espa\u00f1ola de la firma TUI AG, de Alemania, cuenta con m\u00e1s de dos mil 300 plazas con salidas garantizadas de mayo a octubre. La nueva campa\u00f1a, Quincena de Cuba, tiene el objetivo de contribuir a la favorable evoluci\u00f3n de la industria [&hellip;]<\/p>\n","protected":false},"author":4,"featured_media":449349,"comment_status":"open","ping_status":"closed","sticky":false,"template":"","format":"standard","meta":{"om_disable_all_campaigns":false,"jnews-multi-image_gallery":[],"jnews_single_post":[],"jnews_primary_category":[],"jnews_social_meta":[],"footnotes":""},"categories":[40],"tags":[956,715,770,35201,544],"class_list":["post-522958","post","type-post","status-publish","format-standard","has-post-thumbnail","hentry","category-industria","tag-cuba","tag-economia","tag-espana","tag-nota-informativa","tag-turismo"],"_links":{"self":[{"href":"https:\/\/dimensionturistica.com\/es\/wp-json\/wp\/v2\/posts\/522958","targetHints":{"allow":["GET"]}}],"collection":[{"href":"https:\/\/dimensionturistica.com\/es\/wp-json\/wp\/v2\/posts"}],"about":[{"href":"https:\/\/dimensionturistica.com\/es\/wp-json\/wp\/v2\/types\/post"}],"author":[{"embeddable":true,"href":"https:\/\/dimensionturistica.com\/es\/wp-json\/wp\/v2\/users\/4"}],"replies":[{"embeddable":true,"href":"https:\/\/dimensionturistica.com\/es\/wp-json\/wp\/v2\/comments?post=522958"}],"version-history":[{"count":0,"href":"https:\/\/dimensionturistica.com\/es\/wp-json\/wp\/v2\/posts\/522958\/revisions"}],"wp:featuredmedia":[{"embeddable":true,"href":"https:\/\/dimensionturistica.com\/es\/wp-json\/wp\/v2\/media\/449349"}],"wp:attachment":[{"href":"https:\/\/dimensionturistica.com\/es\/wp-json\/wp\/v2\/media?parent=522958"}],"wp:term":[{"taxonomy":"category","embeddable":true,"href":"https:\/\/dimensionturistica.com\/es\/wp-json\/wp\/v2\/categories?post=522958"},{"taxonomy":"post_tag","embeddable":true,"href":"https:\/\/dimensionturistica.com\/es\/wp-json\/wp\/v2\/tags?post=522958"}],"curies":[{"name":"wp","href":"https:\/\/api.w.org\/{rel}","templated":true}]}}