{"id":522817,"date":"2023-04-24T13:13:36","date_gmt":"2023-04-24T13:13:36","guid":{"rendered":"https:\/\/dimensionturistica.com\/es\/?p=522817"},"modified":"2023-04-24T13:13:36","modified_gmt":"2023-04-24T13:13:36","slug":"las-agencias-destacan-los-viajes-a-capitales-europeas-en-la-segunda-parte-de","status":"publish","type":"post","link":"https:\/\/dimensionturistica.com\/es\/las-agencias-destacan-los-viajes-a-capitales-europeas-en-la-segunda-parte-de\/","title":{"rendered":"Las agencias destacan los viajes a capitales europeas en la segunda parte de&#8230;"},"content":{"rendered":"<p> <br \/>\n<\/p>\n<div>\n<p>   SEVILLA, 24 (EUROPA PRESS)<\/p>\n<p>   Las agencias de viaje de Sevilla han expresado este lunes su satisfacci\u00f3n por la &#8220;recuperaci\u00f3n&#8221; de la actividad en el sector, &#8220;tanto emisora como receptora&#8221;, y, en este sentido, han destacado las &#8220;escapadas programadas&#8221; por miles de sevillanos en la segunda parte de la Feria de Abril &#8220;aprovechando los dos pr\u00f3ximos festivos: el de car\u00e1cter local, este mi\u00e9rcoles 26, y el del 1 de mayo&#8221;.<\/p>\n<p>   As\u00ed lo ha expresado el presidente de la Asociaci\u00f3n Empresarial de Agencias de Viajes de Sevilla (Aevise), Jos\u00e9 Manuel Lastra, en declaraciones a Europa Press. &#8220;Las playas andaluzas y las capitales europeas, como Par\u00eds o Roma, son destinos muy solicitados por los sevillanos aprovechando la cercan\u00eda de los dos festivos&#8221;.<\/p>\n<p>   Asimismo, el presidente de las agencias sevillanas ha vaticinado que los datos en cuanto al turismo en estas fechas ser\u00e1n mejores que los registrados el pasado a\u00f1o. &#8220;Las expectativas son muy buenas y a ello contribuir\u00e1 que en Madrid &#8211;principal mercado emisor nacional en nuestra ciudad&#8211; tambi\u00e9n es festivo el d\u00eda 2 de mayo, con lo que la Feria se consolida como generador de econom\u00eda y empleo&#8221;.<\/p>\n<p>   Lastra ha destacado que, siguiendo la l\u00ednea positiva de la pasada Semana Santa, &#8220;los indicadores para esta Feria son muy buenos&#8221;. De este modo, la ocupaci\u00f3n media hotelera es del 85% &#8220;y superar\u00e1 el 90% algunos d\u00edas&#8221;, y el movimiento aeroportuario y ferroviario es de &#8220;alta intensidad&#8221; &#8211;con 600 vuelos previstos con destino Sevilla, lo que supone 100.000 asientos, y 120.000 plazas en la Alta Velocidad, con trenes de doble composici\u00f3n&#8211;.<\/p>\n<p>   Todo ello, &#8220;sin olvidar la llegada de turistas a trav\u00e9s de cruceros y el transporte por carretera, ya sea en veh\u00edculo propio o en autobuses, organizados por touroperadores nacionales e internacionales&#8221;, ha a\u00f1adido el presidente de las agencias de viaje sevillanas.<\/p>\n<p>\n        <button class=\"read-more-btn\" on=\"tap:AMP.setState({ expand:'content-body', hiddenState: true })\"><br \/>\n          Leer m\u00e1s        <\/button>\n      <\/p>\n<\/p><\/div>\n\n<p><em> &#8221; Fuentes www.teleprensa.com &#8221; <\/em><\/p>\n","protected":false},"excerpt":{"rendered":"<p>SEVILLA, 24 (EUROPA PRESS) Las agencias de viaje de Sevilla han expresado este lunes su satisfacci\u00f3n por la &#8220;recuperaci\u00f3n&#8221; de la actividad en el sector, &#8220;tanto emisora como receptora&#8221;, y, en este sentido, han destacado las &#8220;escapadas programadas&#8221; por miles de sevillanos en la segunda parte de la Feria de Abril &#8220;aprovechando los dos pr\u00f3ximos [&hellip;]<\/p>\n","protected":false},"author":4,"featured_media":522818,"comment_status":"open","ping_status":"closed","sticky":false,"template":"","format":"standard","meta":{"om_disable_all_campaigns":false,"jnews-multi-image_gallery":[],"jnews_single_post":[],"jnews_primary_category":[],"jnews_social_meta":[],"footnotes":""},"categories":[39],"tags":[1061],"class_list":["post-522817","post","type-post","status-publish","format-standard","has-post-thumbnail","hentry","category-viajes","tag-feria"],"_links":{"self":[{"href":"https:\/\/dimensionturistica.com\/es\/wp-json\/wp\/v2\/posts\/522817","targetHints":{"allow":["GET"]}}],"collection":[{"href":"https:\/\/dimensionturistica.com\/es\/wp-json\/wp\/v2\/posts"}],"about":[{"href":"https:\/\/dimensionturistica.com\/es\/wp-json\/wp\/v2\/types\/post"}],"author":[{"embeddable":true,"href":"https:\/\/dimensionturistica.com\/es\/wp-json\/wp\/v2\/users\/4"}],"replies":[{"embeddable":true,"href":"https:\/\/dimensionturistica.com\/es\/wp-json\/wp\/v2\/comments?post=522817"}],"version-history":[{"count":0,"href":"https:\/\/dimensionturistica.com\/es\/wp-json\/wp\/v2\/posts\/522817\/revisions"}],"wp:featuredmedia":[{"embeddable":true,"href":"https:\/\/dimensionturistica.com\/es\/wp-json\/wp\/v2\/media\/522818"}],"wp:attachment":[{"href":"https:\/\/dimensionturistica.com\/es\/wp-json\/wp\/v2\/media?parent=522817"}],"wp:term":[{"taxonomy":"category","embeddable":true,"href":"https:\/\/dimensionturistica.com\/es\/wp-json\/wp\/v2\/categories?post=522817"},{"taxonomy":"post_tag","embeddable":true,"href":"https:\/\/dimensionturistica.com\/es\/wp-json\/wp\/v2\/tags?post=522817"}],"curies":[{"name":"wp","href":"https:\/\/api.w.org\/{rel}","templated":true}]}}