{"id":522237,"date":"2023-04-22T04:24:07","date_gmt":"2023-04-22T04:24:07","guid":{"rendered":"https:\/\/dimensionturistica.com\/es\/?p=522237"},"modified":"2023-04-22T04:24:07","modified_gmt":"2023-04-22T04:24:07","slug":"deja-a-los-empresarios-para-ir-a-una-comida-del-partido-en-la-vila","status":"publish","type":"post","link":"https:\/\/dimensionturistica.com\/es\/deja-a-los-empresarios-para-ir-a-una-comida-del-partido-en-la-vila\/","title":{"rendered":"deja a los empresarios para ir a una comida del partido en La Vila"},"content":{"rendered":"<p> <br \/>\n<\/p>\n<div>\n<p class=\"paragraph\" id=\"paragraph_1\">La llegada de <strong>H\u00e9ctor G\u00f3mez<\/strong> al Ministerio de Industria, Comercio y Turismo el pasado mes de marzo fue muy bien recibido por los empresarios tur\u00edsticos\u00a0de la provincia de Alicante. Las fuentes consultadas por EL ESPA\u00d1OL consideran a G\u00f3mez un hombre &#8220;que sabe c\u00f3mo funciona el sector&#8221;, que ha tenido<strong> una estrecha relaci\u00f3n con &#8220;la parte vacacional&#8221;<\/strong> de la industria y al que se le presupone una empat\u00eda por su origen canario, donde la mayor parte del PIB proviene del turismo.<\/p>\n<p class=\"paragraph\" id=\"paragraph_2\">Sin embargo, su estreno en Benidorm, una de las cinco ciudades con m\u00e1s pernoctaciones de Espa\u00f1a,<strong> no ha sido especialmente wise<\/strong> con las necesidades del empresariado native, al menos en lo que se refiere a la posibilidad de estrechar v\u00ednculos. G\u00f3mez ten\u00eda este viernes como papel basic clausurar el<span>\u00a0VI Congreso Digital Vacationer que organiza AMETIC, la patronal de la industria digital en Espa\u00f1a,<\/span>\u00a0algo que ya hizo su antecesora, <strong>Reyes Maroto<\/strong>, la primera vez que visit\u00f3 la ciudad.\u00a0<\/p>\n<p class=\"paragraph\" id=\"paragraph_3\">Sin embargo, su intervenci\u00f3n en el congreso se limit\u00f3 a eso, una intervenci\u00f3n. No hubo ning\u00fan encuentro espec\u00edfico con empresarios pese a que<strong> existe una agenda de reivindicaciones inmediatas<\/strong> que la patronal quiere trasladar a Madrid, fundamentalmente porque afectan a leyes de rango nacional o a programas espec\u00edficos que, aunque no dependen directamente de Turismo, s\u00ed lo hacen de manera colateral (<a rel=\"nofollow noopener\" target=\"_blank\" href=\"https:\/\/www.elespanol.com\/alicante\/economia\/turismo\/20230328\/benidorm-escasa-precios-imserso-insuficiente-siquiera-cubrimos\/751925042_0.amp.html\" data-amp-replace=\"CLIENT_ID\" data-amp-addparams=\"reader_id=CLIENT_ID(amp-access)\">como el Imserso<\/a>).\u00a0<\/p>\n<p class=\"paragraph\" id=\"paragraph_4\">[<a rel=\"nofollow noopener\" target=\"_blank\" href=\"https:\/\/www.elespanol.com\/alicante\/economia\/turismo\/20230416\/fede-fuster-hosbec-valencia-ciudad-malacostumbrado-siempre\/755424774_0.amp.html\" data-amp-replace=\"CLIENT_ID\" data-amp-addparams=\"reader_id=CLIENT_ID(amp-access)\"><em>Fede Fuster (Hosbec): &#8220;Valencia es una ciudad que se ha malacostumbrado a vivir siempre en el dopaje&#8221;<\/em><\/a>]<\/p>\n<p class=\"paragraph\" id=\"paragraph_5\">Esta reuni\u00f3n, sin embargo, tendr\u00e1 que producirse en otra ocasi\u00f3n, porque G\u00f3mez acudi\u00f3 nada m\u00e1s clausurar el congreso\u00a0acudi\u00f3 a una comida a la vecina localidad de Villajoyosa, con el objetivo de participar en un acto del partido y apoyar al alcalde, <strong>Andreu Verd\u00fa<\/strong>, y a los candidatos socialistas en la Marina Baixa en las pr\u00f3ximas municipales. En el acto estaba tambi\u00e9n presente el secretario common del PSPV en la provincia de Alicante, <strong>Alejandro Soler<\/strong>.<\/p>\n<section class=\"article-media article-media--rrss\">\n    <amp-twitter height=\"694\" width=\"486\" layout=\"responsive\" data-tweetid=\"1649436883607224326?ref_src=twsrc%5Etfw\" class=\"i-amphtml-layout-responsive i-amphtml-layout-size-defined\" i-amphtml-layout=\"responsive\"><i-amphtml-sizer slot=\"i-amphtml-svc\" style=\"display:block;padding-top:142.7984%\"\/><\/amp-twitter><br \/>\n<\/section>\n<p class=\"paragraph\" id=\"paragraph_6\">M\u00e1s tarde tuvo la oportunidad de mantener un breve encuentro con el presidente de la Generalitat, <strong>Ximo Puig<\/strong>, en Valencia, en el que hablaron sobre &#8220;el impacto positivo que tendr\u00e1 la llegada de los fondos europeos de recuperaci\u00f3n para transformar ese sector, as\u00ed c<strong>omo de la cer\u00e1mica o el autom\u00f3vil&#8221;.<\/strong><\/p>\n<p class=\"paragraph\" id=\"paragraph_7\">Seg\u00fan fuentes de Presidencia, en el encuentro Puig destac\u00f3 algunas de las claves actuales para la Comunidad Valenciana, como la situaci\u00f3n de la industria cer\u00e1mica en un contexto energ\u00e9tico complejo, el proyecto de la <a rel=\"nofollow noopener\" target=\"_blank\" href=\"https:\/\/www.elespanol.com\/invertia\/observatorios\/movilidad\/20221111\/construccion-sagunto-gigafactoria-volkswagen-millones-empleara-personas\/717428536_0.amp.html\" data-amp-replace=\"CLIENT_ID\" data-amp-addparams=\"reader_id=CLIENT_ID(amp-access)\">gigafactor\u00eda de bater\u00edas de Volkswagen<\/a> en Sagunto y el turismo.<\/p>\n<p><amp-ad data-block-on-consent=\"_auto_reject\" data-cid=\"3a3af678-3ecb-45f3-83a7-bd8efcd6bc5c\" data-html-access-allowed=\"true\" height=\"3\" layout=\"responsive\" type=\"sunmedia\" width=\"4\" class=\"i-amphtml-layout-responsive i-amphtml-layout-size-defined\" i-amphtml-layout=\"responsive\"><i-amphtml-sizer slot=\"i-amphtml-svc\" style=\"display:block;padding-top:75%\"\/><\/amp-ad><\/p>\n<h3 class=\"content__summary-title\">&#8220;Empleo de calidad&#8221;<\/h3>\n<p class=\"paragraph\" id=\"paragraph_8\">Durante su intervenci\u00f3n en el\u00a0<span>VI Congreso Digital Vacationer, G\u00f3mez indic\u00f3 que las<\/span> previsiones para la pr\u00f3xima temporada tur\u00edstica durante el verano son &#8220;extraordinarias&#8221;<strong> con ocupaciones entre el 85 y 90 %<\/strong> e, incluso, rozando el 100 % en algunas comunidades. <\/p>\n<p>&#8220;Vamos a ser prudentes, pero en lo que resta de a\u00f1o las previsiones son extremadamente buenas&#8221;, subray\u00f3 el ministro, quien abog\u00f3 por seguir trabajando en el sector tur\u00edstico &#8220;no solo atendiendo a criterios num\u00e9ricos de ocupaci\u00f3n&#8221; sino tambi\u00e9n <strong>en la parte orientada a la generaci\u00f3n de empleo<\/strong> de calidad.<\/p>\n<p class=\"paragraph\" id=\"paragraph_9\">[<a rel=\"nofollow noopener\" target=\"_blank\" href=\"https:\/\/www.elespanol.com\/alicante\/economia\/turismo\/20230421\/reservas-vienen-fuerza-benidorm-anticipa-tecnico-puente\/757924416_0.amp.html\" data-amp-replace=\"CLIENT_ID\" data-amp-addparams=\"reader_id=CLIENT_ID(amp-access)\"><em>&#8220;Las reservas vienen con fuerza&#8221;: Benidorm anticipa el lleno t\u00e9cnico para el puente del 1 de mayo<\/em><\/a>]<\/p>\n<p class=\"paragraph\" id=\"paragraph_10\">&#8220;Es muy importante modernizar los destinos y los establecimientos para convertirnos en una referencia&#8221;, manifest\u00f3 G\u00f3mez, y agreg\u00f3 que la industria tur\u00edstica<strong> vive un &#8220;momento crucial en nuestro pa\u00eds&#8221;<\/strong> y que Espa\u00f1a se est\u00e1 comportando &#8220;de manera ejemplar desde el punto de vista de la acogida de turistas&#8221;.<\/p>\n<p class=\"paragraph\" id=\"paragraph_11\">Afirm\u00f3 que la gesti\u00f3n del sector en los destinos espa\u00f1oles no se dedica \u00fanica y exclusivamente &#8220;a contar turistas&#8221; sino que tambi\u00e9n <strong>&#8220;lideramos pernoctaciones, mejoramos en afiliaci\u00f3n<\/strong> a la Seguridad Social y el comportamiento de todo el tejido productivo tur\u00edstico est\u00e1 siendo extraordinario&#8221;.<\/p>\n<\/p><\/div>\n\n<p><em> &#8221; Fuentes www.elespanol.com &#8221; <\/em><\/p>\n","protected":false},"excerpt":{"rendered":"<p>La llegada de H\u00e9ctor G\u00f3mez al Ministerio de Industria, Comercio y Turismo el pasado mes de marzo fue muy bien recibido por los empresarios tur\u00edsticos\u00a0de la provincia de Alicante. Las fuentes consultadas por EL ESPA\u00d1OL consideran a G\u00f3mez un hombre &#8220;que sabe c\u00f3mo funciona el sector&#8221;, que ha tenido una estrecha relaci\u00f3n con &#8220;la parte [&hellip;]<\/p>\n","protected":false},"author":4,"featured_media":522238,"comment_status":"open","ping_status":"closed","sticky":false,"template":"","format":"standard","meta":{"om_disable_all_campaigns":false,"jnews-multi-image_gallery":[],"jnews_single_post":[],"jnews_primary_category":[],"jnews_social_meta":[],"footnotes":""},"categories":[40],"tags":[19663,3005,863,715,544],"class_list":["post-522237","post","type-post","status-publish","format-standard","has-post-thumbnail","hentry","category-industria","tag-alicante-provincia","tag-comunidad-valenciana","tag-costa-blanca","tag-economia","tag-turismo"],"_links":{"self":[{"href":"https:\/\/dimensionturistica.com\/es\/wp-json\/wp\/v2\/posts\/522237","targetHints":{"allow":["GET"]}}],"collection":[{"href":"https:\/\/dimensionturistica.com\/es\/wp-json\/wp\/v2\/posts"}],"about":[{"href":"https:\/\/dimensionturistica.com\/es\/wp-json\/wp\/v2\/types\/post"}],"author":[{"embeddable":true,"href":"https:\/\/dimensionturistica.com\/es\/wp-json\/wp\/v2\/users\/4"}],"replies":[{"embeddable":true,"href":"https:\/\/dimensionturistica.com\/es\/wp-json\/wp\/v2\/comments?post=522237"}],"version-history":[{"count":0,"href":"https:\/\/dimensionturistica.com\/es\/wp-json\/wp\/v2\/posts\/522237\/revisions"}],"wp:featuredmedia":[{"embeddable":true,"href":"https:\/\/dimensionturistica.com\/es\/wp-json\/wp\/v2\/media\/522238"}],"wp:attachment":[{"href":"https:\/\/dimensionturistica.com\/es\/wp-json\/wp\/v2\/media?parent=522237"}],"wp:term":[{"taxonomy":"category","embeddable":true,"href":"https:\/\/dimensionturistica.com\/es\/wp-json\/wp\/v2\/categories?post=522237"},{"taxonomy":"post_tag","embeddable":true,"href":"https:\/\/dimensionturistica.com\/es\/wp-json\/wp\/v2\/tags?post=522237"}],"curies":[{"name":"wp","href":"https:\/\/api.w.org\/{rel}","templated":true}]}}