{"id":522153,"date":"2023-04-21T20:41:40","date_gmt":"2023-04-21T20:41:40","guid":{"rendered":"https:\/\/dimensionturistica.com\/es\/?p=522153"},"modified":"2023-04-21T20:41:41","modified_gmt":"2023-04-21T20:41:41","slug":"crisis-aerea-en-donde-se-estan-hospedando-los-colombianos-viajar-vida","status":"publish","type":"post","link":"https:\/\/dimensionturistica.com\/es\/crisis-aerea-en-donde-se-estan-hospedando-los-colombianos-viajar-vida\/","title":{"rendered":"Crisis a\u00e9rea: \u00bfen d\u00f3nde se est\u00e1n hospedando los colombianos? &#8211; Viajar &#8211; Vida"},"content":{"rendered":"<p> <br \/>\n<\/p>\n<div itemprop=\"articleBody\">\n<!-- inread - article_add_mudules.html.twig --><\/p>\n<p class=\"contenido\" id=\"p761445-m1130-1129-1131\">La <a rel=\"nofollow noopener\" target=\"_blank\" href=\"https:\/\/www.eltiempo.com\/vida\/viajar\/semana-santa-pese-a-crisis-de-aerolineas-turismo-si-crecio-758254\">Semana Santa<\/a>, como suele suceder anualmente, es un medidor del comportamiento tur\u00edstico en Colombia, <b>sector que ven\u00eda de registrar cifras hist\u00f3ricas al finalizar el 2022<\/b>.\u00a0<\/p>\n<p>Lea adem\u00e1s: <a rel=\"nofollow noopener\" target=\"_blank\" href=\"https:\/\/www.eltiempo.com\/vida\/viajar\/el-2022-ha-sido-el-mejor-ano-en-transporte-aereo-de-pasajeros-en-colombia-739775\">(El 2022 ha sido el mejor a\u00f1o en transporte a\u00e9reo de pasajeros en Colombia)<br \/><\/a><br \/>Al iniciar este a\u00f1o, sin embargo, la situaci\u00f3n financiera de <b>Extremely Air y Viva Air<\/b> -aerol\u00edneas que ten\u00edan el 18,5 por ciento del mercado- vaticinaba lo que ser\u00eda una disaster a\u00e9rea e impactar\u00eda negativamente lo que se hab\u00eda logrado el a\u00f1o pasado en el sector.\u00a0\u00a0<\/p>\n<p>Lea tambi\u00e9n: <a rel=\"nofollow noopener\" target=\"_blank\" href=\"https:\/\/www.eltiempo.com\/vida\/viajar\/viva-air-y-ultra-air-las-razones-de-la-crisis-en-el-sector-aereo-755190\">(Dos aerol\u00edneas quebraron en un mes en Colombia: \u00bfqu\u00e9 ha generado la crisis?)<\/a><\/p>\n<p class=\"contenido\" id=\"p761445-m1206-3-1207\">En efecto, el cese de operaciones de estas aerol\u00edneas impact\u00f3 el turismo de lugares como San Andr\u00e9s y Providencia, en donde se <b>perdieron cerca de 60.000 millones de pesos durante la Semana Santa\u00a0<\/b>por la carencia de turistas, seg\u00fan\u00a0Juan Enrique Archbold Dau, secretario de Turismo departamental.\u00a0<\/p>\n<p>Destinos como <b>Caldas (-55,62 puntos porcentuales), Huila (-18), Risaralda (-14,6) y Cauca (-13,04)<\/b>, entre otros, presentaron una tasa de ocupaci\u00f3n inferior a la Semana Mayor del 2022, seg\u00fan un reporte de la Asociaci\u00f3n Hotelera y Tur\u00edstica de Colombia (Cotelco).\u00a0<\/p>\n<p>En normal, el reporte de Cotelco cube\u00a0la ocupaci\u00f3n hotelera en el pa\u00eds estuvo entre<b> 43,2 % y 51,3 %<\/b> lo que significa una disminuci\u00f3n entre 7,4 y 15,5 puntos porcentuales respecto al a\u00f1o 2022.<\/p>\n<p>Lea tambi\u00e9n:<a rel=\"nofollow noopener\" target=\"_blank\" href=\"https:\/\/www.eltiempo.com\/vida\/viajar\/semana-santa-ocupacion-hotelera-cayo-en-2023-758471\"> (La ocupaci\u00f3n hotelera en Semana Santa de 2023 cay\u00f3, \u00bfen cu\u00e1nto?)<\/a><\/p>\n<div class=\"fotografia\" id=\"p761445-m1212-4-1213\">\n<div class=\"imagen-cuerpo-bk\">\n<figure itemscope=\"\" itemtype=\"https:\/\/schema.org\/ImageObject\" itemprop=\"image\" id=\"m1217-1216-1218\" class=\"foto-galeria-articulo\"><img decoding=\"async\" alt=\"\" src=\"https:\/\/www.eltiempo.com\/images\/1x1.png\" style=\" display: inline;\" width=\"652px\" height=\"366px\" data-original=\"\/files\/article_content_new\/uploads\/2018\/10\/26\/5bd3a8e5b64f4.jpeg\"\/><meta itemprop=\"width\" content=\"652\"\/><meta itemprop=\"height\" content=\"366\"\/><meta itemprop=\"url\" content=\"https:\/\/www.eltiempo.com\/files\/article_content_new\/uploads\/2018\/10\/26\/5bd3a8e5b64f4.jpeg\"\/><\/figure>\n<\/div>\n<div class=\"figcaption-cuerpo-bk credito-image-bk\"><figcaption class=\"foto-info\">\n<div class=\"titulo-foto-bk\">\n<p id=\"m1224-1-1225\" class=\"titulo\">Una caba\u00f1a colombiana que se ofrece por las plataformas de alquiler de alojamiento.<\/p>\n<\/div>\n<\/figcaption><\/div>\n<\/div>\n<p class=\"contenido\" id=\"p761445-m1238-5-1239\">En entrevista con este diario, Jos\u00e9 Andr\u00e9s Duarte, el presidente ejecutivo de Cotelco, explic\u00f3 un issue que estar\u00eda afectando la ocupaci\u00f3n hotelera. &#8220;La tasa de inter\u00e9s del Banco de la Rep\u00fablica sigue siendo costosa para el consumidor que hoy financia sus viajes a trav\u00e9s de cr\u00e9ditos y obviamente se le hace m\u00e1s oneroso&#8221;, detall\u00f3 Duarte.<\/p>\n<p>Esto, explica el gremio, sumado\u00a0al &#8220;aumento en el <b>IVA del 0 al 19 por ciento en servicios de alojamiento y hospedaje, y del 5 al 19 por ciento en tiquetes a\u00e9reos, adem\u00e1s del impacto negativo que deja hasta el momento el cierre de la aerol\u00ednea Viva Air<\/b>, sumado al cese de operaciones de Ultra Air&#8221;.<\/p>\n<div class=\"articulo-quote\" id=\"p761445-m1244-6-1245\">\n<div class=\"quote-bk\">\n<p id=\"m1249-1248-1250\" class=\"mensaje\">La tasa de inter\u00e9s del Banco de la Rep\u00fablica sigue siendo costosa para el consumidor que hoy financia sus viajes a trav\u00e9s de cr\u00e9ditos y obviamente se le hace m\u00e1s oneroso<\/p>\n<\/div>\n<\/div>\n<p class=\"contenido\" id=\"p761445-m1268-7-1269\">&#8220;Este efecto negativo se viene presentando desde inicios del a\u00f1o; entre <b>enero y febrero de 2023 se observaron comportamientos negativos <\/b>en la tasa de ocupaci\u00f3n en ocho regiones del pa\u00eds versus el mismo periodo del a\u00f1o pasado a\u00fan marcado por pandemia&#8221;, agreg\u00f3\u00a0Duarte\u00a0<\/p>\n<h2 class=\"articulo-titulo\" id=\"p761445-m1274-8-1275\">&#8216;Pasajeros de avi\u00f3n aumentaron&#8217;<\/h2>\n<p class=\"contenido\" id=\"p761445-m1280-9-1281\">Pese al efecto negativo de la ocupaci\u00f3n hotelera durante esta Semana Santa, el ministro de Comercio, Industria y Turismo, Germ\u00e1n Uma\u00f1a Mendoza, inform\u00f3 que los viajeros en aerol\u00edneas aument\u00f3 en 4,95 por ciento respecto al 2022. Espec\u00edficamente, <b>en 2022 se movilizaron 916.551 pasajeros, mientras que en 2023, 961.895<\/b>.<\/p>\n<p>Para realizar esta medici\u00f3n, el Ministerio de Comercio proces\u00f3 datos de las aerol\u00edneas <b>Avianca, EasyFly, Latam, Satena y Wingo<\/b>, que fueron las que m\u00e1s movieron pasajeros durante esta Semana Santa.\u00a0<\/p>\n<p>EL TIEMPO consult\u00f3 a la Aerocivil para conocer c\u00f3mo se explica dicho crecimiento, teniendo en cuenta el cierre de estas aerol\u00edneas. <\/p>\n<p>Aseguraron que la cifra es actual, teniendo en cuenta que &#8220;el mercado a\u00e9reo est\u00e1 creciendo casi al 14 por ciento anual despu\u00e9s de pandemia y porque gran parte de las operaciones de Viva y Ultra las asumieron Avianca, Latam, FAC, etc\u00e9tera&#8221;, detall\u00f3 la entidad.<\/p>\n<p>Lea adem\u00e1s: <a rel=\"nofollow noopener\" target=\"_blank\" href=\"https:\/\/www.eltiempo.com\/vida\/viajar\/por-que-aumentaron-los-viajeros-en-semana-santa-si-dos-aerolineas-cerraron-758671\">(\u00bfPor qu\u00e9 aumentaron los viajeros en Semana Santa si dos aerol\u00edneas cerraron?)<\/a><\/p>\n<div class=\"fotografia\" id=\"p761445-m1286-10-1287\">\n<div class=\"imagen-cuerpo-bk\">\n<figure itemscope=\"\" itemtype=\"https:\/\/schema.org\/ImageObject\" itemprop=\"image\" id=\"m1291-1290-1292\" class=\"foto-galeria-articulo\"><img decoding=\"async\" alt=\"\" src=\"https:\/\/www.eltiempo.com\/images\/1x1.png\" style=\" display: inline;\" width=\"652px\" height=\"366px\" data-original=\"\/files\/article_content_new\/uploads\/2020\/02\/27\/5e5837f464a26.jpeg\"\/><meta itemprop=\"width\" content=\"652\"\/><meta itemprop=\"height\" content=\"366\"\/><meta itemprop=\"url\" content=\"https:\/\/www.eltiempo.com\/files\/article_content_new\/uploads\/2020\/02\/27\/5e5837f464a26.jpeg\"\/><\/figure>\n<\/div>\n<div class=\"figcaption-cuerpo-bk credito-image-bk\"><figcaption class=\"foto-info\">\n<div class=\"titulo-foto-bk\">\n<p id=\"m1298-1-1299\" class=\"titulo\">Los alojamientos en casas, fincas y apartamentos son una alternativa de alojamiento que cada vez gana m\u00e1s terreno.<\/p>\n<\/div>\n<\/figcaption><\/div>\n<\/div>\n<p class=\"contenido\" id=\"p761445-m1312-11-1313\">&#8220;Si no hubieran dejado de operar<b> (Ultra Air y Viva Air), solo la movilizaci\u00f3n en la Semana Santa hubiera superado f\u00e1cilmente el 20 por ciento de incremento<\/b>&#8220;, explic\u00f3 la Aerocivil. <\/p>\n<p>Y agregaron: &#8220;En (Aeropuerto) El Dorado, por ejemplo, las operaciones no han bajado el promedio de 600 diarias, con o sin Viva o Ultra&#8221;.<\/p>\n<p>Ahora bien, el Gobierno nacional confirm\u00f3 que el salvavidas del turismo en la Semana Mayor fue el transporte terrestre, pues desde el viernes 31 de marzo al 9 de abril<b> se movilizaron 3&#8217;405.957 pasajeros, un 2,28 por ciento m\u00e1s que en 2022, a\u00f1o en el que se movilizaron 3&#8217;329.952 pasajeros<\/b>, seg\u00fan datos del Ministerio de Transporte.\u00a0<\/p>\n<p>Le puede interesar: <a rel=\"nofollow noopener\" target=\"_blank\" href=\"https:\/\/www.eltiempo.com\/vida\/viajar\/por-que-aumentaron-los-viajeros-en-semana-santa-si-dos-aerolineas-cerraron-758671\">(\u00bfPor qu\u00e9 aumentaron los viajeros en Semana Santa si dos aerol\u00edneas cerraron?)<\/a><\/p>\n<p>La Agencia Nacional de Infraestructura (ANI) inform\u00f3 que las v\u00edas que mayor tr\u00e1nsito tuvieron fueron la Cartagena \u2013 Barranquilla y Circunvalar de la Prosperidad, Autopista Pacifico 1 y 2, Autopista al Mar 2, IP Malla Vial del Meta y la Ruta del Sol 3. <\/p>\n<p>En estos trayectos ocurrieron aumentos del tr\u00e1nsito <b>entre el 30 y 60 por ciento con respecto a la movilizaci\u00f3n de veh\u00edculos<\/b> para la misma temporada del a\u00f1o anterior.<\/p>\n<div class=\"fotografia\" id=\"p761445-m1318-12-1319\">\n<div class=\"imagen-cuerpo-bk\">\n<figure itemscope=\"\" itemtype=\"https:\/\/schema.org\/ImageObject\" itemprop=\"image\" id=\"m1323-1322-1324\" class=\"foto-galeria-articulo\"><img decoding=\"async\" alt=\"\" src=\"https:\/\/www.eltiempo.com\/images\/1x1.png\" style=\" display: inline;\" width=\"652px\" height=\"366px\" data-original=\"\/files\/article_content_new\/uploads\/2017\/08\/06\/5987b0ac580bf.jpeg\"\/><meta itemprop=\"width\" content=\"652\"\/><meta itemprop=\"height\" content=\"366\"\/><meta itemprop=\"url\" content=\"https:\/\/www.eltiempo.com\/files\/article_content_new\/uploads\/2017\/08\/06\/5987b0ac580bf.jpeg\"\/><\/figure>\n<\/div>\n<div class=\"figcaption-cuerpo-bk credito-image-bk\"><figcaption class=\"foto-info\">\n<div class=\"titulo-foto-bk\">\n<p id=\"m1330-1-1331\" class=\"titulo\">En Colombia hay 21.600 anfitriones activos en Airbnb.<\/p>\n<\/div>\n<\/figcaption><\/div>\n<\/div>\n<h2 class=\"articulo-titulo\" id=\"p761445-m1344-13-1345\">Y entonces, \u00bfen d\u00f3nde se hospedaron los turistas?<\/h2>\n<p class=\"contenido\" id=\"p761445-m1350-14-1351\">Teniendo en cuenta estos balances y el comportamiento del turismo en Colombia en los \u00faltimos a\u00f1os, expertos en el sector reflexionan <b>sobre la forma c\u00f3mo los turistas nacionales se est\u00e1n hospedando<\/b>.\u00a0<\/p>\n<p>&#8220;Si cae la hoteler\u00eda pero el Gobierno dice que aumenta el n\u00famero de viajeros nacionales por avi\u00f3n, es porque claramente los turistas se est\u00e1n hospedando en distintos lugares (&#8230;) <b>No hay otra explicaci\u00f3n diferente a que los colombianos est\u00e1n migrando hacia otros modelos de hospedaje, como Airbnb, apartahoteles<\/b>, rentar casas o arrendar apartamentos&#8221;, apunta a EL TIEMPO Natalia Bayona, directora de Innovaci\u00f3n, Transformaci\u00f3n Digital e Inversiones de la Organizaci\u00f3n Mundial del Turismo (OMT).\u00a0<\/p>\n<p>En una opini\u00f3n related se encuentra Juan Carlos V\u00e9lez, expresidente de Anato: &#8220;Hay muchos factores que a mi modo de ver impactaron en la ocupaci\u00f3n hotelera en destinos tur\u00edsticos tan relevantes como es la Costa Atl\u00e1ntica o San Andr\u00e9s. Los bloqueos del Bajo Cauca impidieron el flujo de viajeros en carro desde el interior del pa\u00eds. Algo impact\u00f3 tambi\u00e9n el cese de operaciones de Ultra y VIVA. Y en el caso de San Andr\u00e9s, la disminuci\u00f3n de operaciones a\u00e9reas a ese destino que ya se presentaba de manera severa antes de la crisis de Ultra y VIVA. <b>Y por \u00faltimo siento que hay un gran crecimiento de Airbnb en detrimento de los hoteles<\/b>&#8220;.\u00a0<\/p>\n<p>&#8220;Las infraestructuras hoteleras para el turismo de sol y playa, que es cerca del 60 por ciento del turismo en el mundo, seguir\u00e1n teniendo una participaci\u00f3n muy activa en este sector, as\u00ed como tambi\u00e9n en el alojamiento del turismo de negocios, pero indudablemente las aplicaciones, como Airbnb, empiezan a impactar lo relacionado con el alojamiento de viajeros&#8221;, agreg\u00f3 a este diario.<\/p>\n<p>Entre tanto, Jos\u00e9 Andr\u00e9s Duarte, el presidente ejecutivo de Cotelco, indic\u00f3 que ha tenido conversaciones con el ministro de Comercio sobre la hoteler\u00eda casual.\u00a0<\/p>\n<p>&#8220;Lo que estamos viendo nosotros desde enero en la ca\u00edda en la ocupaci\u00f3n, que se est\u00e1 registrando precisamente por el IVA del 0 al 19 por ciento en el alojamiento y hospedaje, clarito se lo hemos dicho al ministro (Germ\u00e1n Uma\u00f1a Mendoza)\u00a0y a su equipo: mucho de lo que se pudo haber movilizado est\u00e1 permitiendo otras alternativas informales que no est\u00e1n tributando, donde no se cobra ese IVA del 19 por ciento&#8221;, explic\u00f3 Duarte, advirtiendo que esta discusi\u00f3n se debe seguir planteando sobre la mesa.\u00a0<\/p>\n<h2 class=\"articulo-titulo\" id=\"p761445-m1356-15-1357\">Dif\u00edcil medici\u00f3n<\/h2>\n<p class=\"contenido\" id=\"p761445-m1362-16-1363\">A finales del a\u00f1o pasado, el gobierno del expresidente Iv\u00e1n Duque fij\u00f3 v\u00eda decreto nuevas medidas para los operadores de plataformas tipo Airbnb en Colombia. Seg\u00fan los ajustes, este tipo de herramientas tecnol\u00f3gicas deben exigirle a los prestadores de servicio de alquiler el RNT <b>(Registro Nacional de Turismo<\/b>). En su momento, la decisi\u00f3n fue celebrada por las agencias de viaje y hoteleros en la b\u00fasqueda de un sector m\u00e1s equilibrado.<\/p>\n<div class=\"fotografia\" id=\"p761445-m1368-17-1369\">\n<div class=\"imagen-cuerpo-bk\">\n<figure itemscope=\"\" itemtype=\"https:\/\/schema.org\/ImageObject\" itemprop=\"image\" id=\"m1373-1372-1374\" class=\"foto-galeria-articulo\"><img decoding=\"async\" alt=\"\" src=\"https:\/\/www.eltiempo.com\/images\/1x1.png\" style=\" display: inline;\" width=\"652px\" height=\"366px\" data-original=\"\/files\/article_content_new\/uploads\/2022\/09\/30\/6336e4f0df9e1.jpeg\"\/><meta itemprop=\"width\" content=\"652\"\/><meta itemprop=\"height\" content=\"366\"\/><meta itemprop=\"url\" content=\"https:\/\/www.eltiempo.com\/files\/article_content_new\/uploads\/2022\/09\/30\/6336e4f0df9e1.jpeg\"\/><\/figure>\n<\/div>\n<div class=\"figcaption-cuerpo-bk credito-image-bk\"><figcaption class=\"foto-info\">\n<div class=\"titulo-foto-bk\">\n<p id=\"m1380-1-1381\" class=\"titulo\">Airbnb ubicado en Rionegro.<\/p>\n<\/div>\n<\/figcaption><\/div>\n<\/div>\n<p class=\"contenido\" id=\"p761445-m1394-18-1395\">Sin embargo, las autoridades tur\u00edsticas han elevando su voz afirmando que se debe determinar &#8220;c\u00f3mo es posible verificar qui\u00e9nes se est\u00e1n postulando para su RNT bajo una categor\u00eda de prestador y que sea realmente un prestador. Y dos, las ofertas tur\u00edsticas tambi\u00e9n est\u00e1n las redes sociales y WhatsApp y que necesariamente no tienen Registro Nacional de Turismo&#8221;.<\/p>\n<p>Un reporte entregado a EL TIEMPO y basado en el Registro Nacional de Turismo (RNT) \u2013registro p\u00fablico en el cual deben inscribirse todos los prestadores de servicios tur\u00edsticos que efect\u00faen sus operaciones en Colombia\u2013, se\u00f1ala que hasta agosto de 2022 <b>se realizaron 11.776 inscripciones RNT<\/b> de hoteles en el pa\u00eds, lo que significa un whole de 436.478 de camas.<\/p>\n<p>Los datos, detalla el reporte, representan una variaci\u00f3n de 5, 14, 17 y 8,66 por ciento al comparar con los valores de 2021 (11.160), 2020 (10.314) y 2019 (10.837), respectivamente.<\/p>\n<p>Las estad\u00edsticas hacen parte de la subcategor\u00eda hoteles <b>(desagregaci\u00f3n de la categor\u00eda establecimientos de alojamiento) <\/b>y fueron entregadas por el Ministerio de Comercio, Industria y Turismo, y el Dane.<\/p>\n<p>La mayor\u00eda de los registros de los hoteles se encuentran distribuidos en ciudades principales como Bogot\u00e1, Medell\u00edn, Cartagena, Santa Marta, Villavicencio, Pasto, Cali y Bucaramanga. Destinos, de hecho, que coinciden como las m\u00e1s visitadas por los turistas extranjeros entre enero y julio del 2022, seg\u00fan ProColombia y Migraci\u00f3n Colombia.<\/p>\n<h2 class=\"articulo-titulo\" id=\"p761445-m1400-19-1401\">\u00bfQu\u00e9 dicen las plataformas tecnol\u00f3gicas?\u00a0<\/h2>\n<p class=\"contenido\" id=\"p761445-m1406-20-1407\">EL TIEMPO se comunic\u00f3 con Reserving.com para conocer las cifras de reservaciones de hospedaje durante la Semana Santa, pero aseguraron que &#8220;por pol\u00edticas&#8221; de la empresa &#8220;no comparten&#8221; esa informaci\u00f3n.<\/p>\n<p>Por su parte, Airbnb sostuvo que se encuentra revisando sus estados financieros para poder dar con exactitud la cifra de reservaciones. Por el momento, la plataforma entreg\u00f3 los destinos m\u00e1s buscado durante la Semana Mayor:\u00a0<b>Cartagena, Medell\u00edn, Bogot\u00e1, Santa Marta, Cali, San Andr\u00e9s, Barranquilla, Cove\u00f1as, Gaira y Guatape<\/b>.\u00a0<\/p>\n<p>CAMILO ANDR\u00c9S PE\u00d1A CASTA\u00d1EDA<br \/>SUBEDITOR VIDA DE HOY<br \/>REDACCI\u00d3N VIAJAR<br \/>CAMPEN@ELTIEMPO.COM<\/p>\n<\/div>\n\n<p><em> &#8221; Fuentes www.eltiempo.com &#8221; <\/em><\/p>\n","protected":false},"excerpt":{"rendered":"<p>La Semana Santa, como suele suceder anualmente, es un medidor del comportamiento tur\u00edstico en Colombia, sector que ven\u00eda de registrar cifras hist\u00f3ricas al finalizar el 2022.\u00a0 Lea adem\u00e1s: (El 2022 ha sido el mejor a\u00f1o en transporte a\u00e9reo de pasajeros en Colombia)Al iniciar este a\u00f1o, sin embargo, la situaci\u00f3n financiera de Extremely Air y Viva [&hellip;]<\/p>\n","protected":false},"author":4,"featured_media":522154,"comment_status":"open","ping_status":"closed","sticky":false,"template":"","format":"standard","meta":{"om_disable_all_campaigns":false,"jnews-multi-image_gallery":[],"jnews_single_post":[],"jnews_primary_category":[],"jnews_social_meta":[],"footnotes":""},"categories":[39],"tags":[803,1289,2946,544,545,740],"class_list":["post-522153","post","type-post","status-publish","format-standard","has-post-thumbnail","hentry","category-viajes","tag-aerolineas","tag-hoteles","tag-semana-santa","tag-turismo","tag-viajes","tag-vuelos"],"_links":{"self":[{"href":"https:\/\/dimensionturistica.com\/es\/wp-json\/wp\/v2\/posts\/522153","targetHints":{"allow":["GET"]}}],"collection":[{"href":"https:\/\/dimensionturistica.com\/es\/wp-json\/wp\/v2\/posts"}],"about":[{"href":"https:\/\/dimensionturistica.com\/es\/wp-json\/wp\/v2\/types\/post"}],"author":[{"embeddable":true,"href":"https:\/\/dimensionturistica.com\/es\/wp-json\/wp\/v2\/users\/4"}],"replies":[{"embeddable":true,"href":"https:\/\/dimensionturistica.com\/es\/wp-json\/wp\/v2\/comments?post=522153"}],"version-history":[{"count":0,"href":"https:\/\/dimensionturistica.com\/es\/wp-json\/wp\/v2\/posts\/522153\/revisions"}],"wp:featuredmedia":[{"embeddable":true,"href":"https:\/\/dimensionturistica.com\/es\/wp-json\/wp\/v2\/media\/522154"}],"wp:attachment":[{"href":"https:\/\/dimensionturistica.com\/es\/wp-json\/wp\/v2\/media?parent=522153"}],"wp:term":[{"taxonomy":"category","embeddable":true,"href":"https:\/\/dimensionturistica.com\/es\/wp-json\/wp\/v2\/categories?post=522153"},{"taxonomy":"post_tag","embeddable":true,"href":"https:\/\/dimensionturistica.com\/es\/wp-json\/wp\/v2\/tags?post=522153"}],"curies":[{"name":"wp","href":"https:\/\/api.w.org\/{rel}","templated":true}]}}