{"id":522038,"date":"2023-04-21T11:47:53","date_gmt":"2023-04-21T11:47:53","guid":{"rendered":"https:\/\/dimensionturistica.com\/es\/?p=522038"},"modified":"2023-04-21T11:47:53","modified_gmt":"2023-04-21T11:47:53","slug":"benidorm-anticipa-el-lleno-tecnico-para-el-puente-del-1-de-mayo","status":"publish","type":"post","link":"https:\/\/dimensionturistica.com\/es\/benidorm-anticipa-el-lleno-tecnico-para-el-puente-del-1-de-mayo\/","title":{"rendered":"Benidorm anticipa el lleno t\u00e9cnico para el puente del 1 de mayo"},"content":{"rendered":"<p> <br \/>\n<\/p>\n<div>\n<p class=\"paragraph\" id=\"paragraph_1\">Tras el <a rel=\"nofollow noopener\" target=\"_blank\" href=\"https:\/\/www.elespanol.com\/alicante\/economia\/20230320\/hoteles-comunidad-valenciana-optimistas-semana-santa-reservado\/749925141_0.amp.html\" data-amp-replace=\"CLIENT_ID\" data-amp-addparams=\"reader_id=CLIENT_ID(amp-access)\">\u00e9xito de la Semana Santa<\/a>, la temporada tur\u00edstica empieza con fuerza en la Costa Blanca, y m\u00e1s concretamente en la tur\u00edstica Benidorm, donde se prev\u00e9 una ocupaci\u00f3n hotelera casi rozando el lleno para el pr\u00f3ximo fin de semana, coincidiendo con el <strong>puente del 1 de Mayo<\/strong>.\u00a0<\/p>\n<p class=\"paragraph\" id=\"paragraph_2\">Seg\u00fan los datos de Biontrend, el puente del 1 y 2 de mayo (este segundo d\u00eda es festivo en la Comunidad de Madrid) las reservas hoteleras superan ya el 87% en Benidorm y el 80% en la Costa Blanca con lo se rozar\u00e1 el \u2018lleno t\u00e9cnico\u2019 con las reservas de \u00faltima hora.<\/p>\n<p class=\"paragraph\" id=\"paragraph_3\">Sobre las ofertas de \u00faltima hora, el presidente de HOSBEC es claro: \u201cEste a\u00f1o no habr\u00e1 ofertas de \u00faltima hora pues la reserva adelantada est\u00e1 siendo importante y las herramientas tecnol\u00f3gicas nos permiten<strong> afinar mucho para saber c\u00f3mo se va a comportar el mercado sin caer en el recurso de \u2018gangas<\/strong>\u2019.\u201d<\/p>\n<p class=\"paragraph\" id=\"paragraph_4\">Para Fede Fuster, \u201clos turistas deber\u00edan adelantar todo lo posible sus opciones de compra, porque s\u00f3lo as\u00ed se van a poder asegurar las<strong> condiciones m\u00e1s ventajosas<\/strong>. Cuando un hotel tiene vendido su objetivo, toda la oferta que queda disponible para reservar va a incrementar su precio. As\u00ed ocurri\u00f3 ya durante el pasado verano y todos los indicadores nos muestran que este 2023 va a ser igual\u201d.<\/p>\n<p class=\"paragraph\" id=\"paragraph_5\">Las previsiones meteorol\u00f3gicas acompa\u00f1an y todos los destinos de la Comunitat Valenciana est\u00e1n llamados a registrar cifras m\u00e1ximas de ocupaci\u00f3n en los pr\u00f3ximos d\u00edas.<\/p>\n<h3 class=\"content__summary-title\">Sobre Biontrend<\/h3>\n<p class=\"paragraph\" id=\"paragraph_6\">Biontrend es la plataforma tecnol\u00f3gica de Bigdata que conecta los sistemas de reservas de establecimientos hoteleros para proporcionar un cuadro de mando integral de <strong>previsiones de reservas a 365 d\u00edas vista<\/strong>.<\/p>\n<p class=\"paragraph\" id=\"paragraph_7\">Esta herramienta es dise\u00f1ada y ejecutada por HOSBEC y financiada a trav\u00e9s de Turisme Comunitat Valenciana.<\/p>\n<p><amp-ad data-block-on-consent=\"_auto_reject\" data-cid=\"3a3af678-3ecb-45f3-83a7-bd8efcd6bc5c\" data-html-access-allowed=\"true\" height=\"3\" layout=\"responsive\" type=\"sunmedia\" width=\"4\" class=\"i-amphtml-layout-responsive i-amphtml-layout-size-defined\" i-amphtml-layout=\"responsive\"><i-amphtml-sizer slot=\"i-amphtml-svc\" style=\"display:block;padding-top:75%\"\/><\/amp-ad><\/p>\n<p class=\"paragraph\" id=\"paragraph_8\">En estos momentos <strong>hay m\u00e1s de 100 hoteles conectados a este sistema de inteligencia tur\u00edstica<\/strong> y s\u00f3lo las empresas conectadas pueden acceder a sus resultados, predicciones y an\u00e1lisis de variables como precio, canal de venta, pa\u00edses de origen, comparativos con set competitivo, y muchas otras funcionalidades.<\/p>\n<h3 class=\"content__summary-title\">Resultados de Semana Santa<\/h3>\n<p class=\"paragraph\" data-mrf-recirculation=\"links-parrafos\" id=\"paragraph_9\">Como ya adelantamos en este diario hace unos d\u00edas,<a rel=\"nofollow noopener\" target=\"_blank\" href=\"https:\/\/www.elespanol.com\/alicante\/economia\/20230411\/disparan-turismo-valenciano-semana-santa-superado-expectativas\/755424673_0.amp.html\" data-amp-replace=\"CLIENT_ID\" data-amp-addparams=\"reader_id=CLIENT_ID(amp-access)\"> la Semana Santa 2023<\/a> ha impulsado la ocupaci\u00f3n de los destinos y zonas de la Comunidad Valenciana &#8220;con datos que, de media,<span>\u00a0<\/span><strong>posicionan a la Comunidad Valenciana por encima del 85 %&#8221;,<\/strong><span>\u00a0<\/span>seg\u00fan las cifras ofrecidas este martes por la patronal tur\u00edstica Hosbec.\u00a0<\/p>\n<p class=\"paragraph\" data-mrf-recirculation=\"links-parrafos\" id=\"paragraph_10\">Seg\u00fan la asociaci\u00f3n, &#8220;los resultados finales han sido incluso mejores que los previstos inicialmente, lo que demuestra que<span>\u00a0<\/span><strong>la reserva de \u00faltima hora motivada sobre todo por el buen tiempo<\/strong><span>\u00a0<\/span>ha funcionado intensamente y la industria del alojamiento hotelero ha acumulado reservas como hace tiempo que no se ve\u00edan&#8221;.<\/p>\n<p class=\"paragraph\" data-mrf-recirculation=\"links-parrafos\" id=\"paragraph_11\">Todos los destinos han tenido un buen comportamiento, y la mayor parte de ellos<span>\u00a0<\/span><strong>registran ocupaciones superiores a esta media.<\/strong><span>\u00a0<\/span>Destacan los destinos urbanos de<span>\u00a0<\/span><strong>Alicante y Valencia<\/strong>, que registran ocupaciones alrededor del 92 % y que suman entre sus atractivos el producto de sol y playa, as\u00ed como Altea, que ya anunciaba un lleno t\u00e9cnico, Gand\u00eda que se queda a las puertas del 90 % o Benic\u00e0ssim que con el SanSan Competition se ha quedado a las puertas del lleno complete.<\/p>\n<\/p><\/div>\n\n<p><em> &#8221; Fuentes www.elespanol.com &#8221; <\/em><\/p>\n","protected":false},"excerpt":{"rendered":"<p>Tras el \u00e9xito de la Semana Santa, la temporada tur\u00edstica empieza con fuerza en la Costa Blanca, y m\u00e1s concretamente en la tur\u00edstica Benidorm, donde se prev\u00e9 una ocupaci\u00f3n hotelera casi rozando el lleno para el pr\u00f3ximo fin de semana, coincidiendo con el puente del 1 de Mayo.\u00a0 Seg\u00fan los datos de Biontrend, el puente [&hellip;]<\/p>\n","protected":false},"author":4,"featured_media":522039,"comment_status":"open","ping_status":"closed","sticky":false,"template":"","format":"standard","meta":{"om_disable_all_campaigns":false,"jnews-multi-image_gallery":[],"jnews_single_post":[],"jnews_primary_category":[],"jnews_social_meta":[],"footnotes":""},"categories":[40],"tags":[19663,862,3005,544],"class_list":["post-522038","post","type-post","status-publish","format-standard","has-post-thumbnail","hentry","category-industria","tag-alicante-provincia","tag-benidorm","tag-comunidad-valenciana","tag-turismo"],"_links":{"self":[{"href":"https:\/\/dimensionturistica.com\/es\/wp-json\/wp\/v2\/posts\/522038","targetHints":{"allow":["GET"]}}],"collection":[{"href":"https:\/\/dimensionturistica.com\/es\/wp-json\/wp\/v2\/posts"}],"about":[{"href":"https:\/\/dimensionturistica.com\/es\/wp-json\/wp\/v2\/types\/post"}],"author":[{"embeddable":true,"href":"https:\/\/dimensionturistica.com\/es\/wp-json\/wp\/v2\/users\/4"}],"replies":[{"embeddable":true,"href":"https:\/\/dimensionturistica.com\/es\/wp-json\/wp\/v2\/comments?post=522038"}],"version-history":[{"count":0,"href":"https:\/\/dimensionturistica.com\/es\/wp-json\/wp\/v2\/posts\/522038\/revisions"}],"wp:featuredmedia":[{"embeddable":true,"href":"https:\/\/dimensionturistica.com\/es\/wp-json\/wp\/v2\/media\/522039"}],"wp:attachment":[{"href":"https:\/\/dimensionturistica.com\/es\/wp-json\/wp\/v2\/media?parent=522038"}],"wp:term":[{"taxonomy":"category","embeddable":true,"href":"https:\/\/dimensionturistica.com\/es\/wp-json\/wp\/v2\/categories?post=522038"},{"taxonomy":"post_tag","embeddable":true,"href":"https:\/\/dimensionturistica.com\/es\/wp-json\/wp\/v2\/tags?post=522038"}],"curies":[{"name":"wp","href":"https:\/\/api.w.org\/{rel}","templated":true}]}}