{"id":521657,"date":"2023-04-20T00:15:09","date_gmt":"2023-04-20T00:15:09","guid":{"rendered":"https:\/\/dimensionturistica.com\/es\/?p=521657"},"modified":"2023-04-20T00:15:09","modified_gmt":"2023-04-20T00:15:09","slug":"cancun-lider-turistico-en-latinoamerica","status":"publish","type":"post","link":"https:\/\/dimensionturistica.com\/es\/cancun-lider-turistico-en-latinoamerica\/","title":{"rendered":"Canc\u00fan, l\u00edder tur\u00edstico en Latinoam\u00e9rica"},"content":{"rendered":"<p> <br \/>\n<\/p>\n<div>\n<p class=\"jsx-3954459878\">Canc\u00fan, QRoo.- Con motivo de aniversario n\u00famero 53 de Canc\u00fan, la agencia de viajes Despegar prepar\u00f3 un an\u00e1lisis sobre el posicionamiento en la regi\u00f3n, destac\u00e1ndose como el destino con la mayor recuperaci\u00f3n tur\u00edstica en Latinoam\u00e9rica.<\/p>\n<p class=\"jsx-3954459878\">Entre los principales resultados que sustentan esta tendencia, de acuerdo con el informe de Despegar, la <strong>Riviera Maya <\/strong>y <strong>Canc\u00fan <\/strong>se ubican entre los destinos de M\u00e9xico m\u00e1s buscados por los viajeros latinoamericanos.<\/p>\n<p>Adem\u00e1s, en 2022, <a rel=\"nofollow noopener\" target=\"_blank\" href=\"https:\/\/www.eleconomista.com.mx\/estados\/Cancun-en-el-top-3-de-destinos-con-mayor-ocupacion-20230409-0026.html\"><strong>la reserva de viajes a Canc\u00fan se duplic\u00f3<\/strong><\/a>, en comparaci\u00f3n con el mismo periodo de 2020 y 2021; tambi\u00e9n en 2022, Canc\u00fan fue el tercer destino con mayor crecimiento en reserva de viajes a trav\u00e9s de m\u00f3viles (+57%).<\/p>\n<p class=\"jsx-3954459878\">Aunado a ello, la agencia hace referencia a que el Consejo Mundial de Viajes y Turismo (WTTC) dio a conocer que en 2022 <a rel=\"nofollow noopener\" target=\"_blank\" href=\"https:\/\/www.eleconomista.com.mx\/politica\/Quintana-Roo-recibe-a-medio-millon-de-turistas-durante-Semana-Santa-20230410-0035.html\"><strong>Canc\u00fan aport\u00f3 el 37.5% del PIB del estado<\/strong><\/a>, con una contribuci\u00f3n de 4,000 millones de d\u00f3lares.<\/p>\n<p class=\"jsx-3954459878\">\u201cCanc\u00fan es una potencia tur\u00edstica a nivel nacional e internacional; para Despegar es uno de los destinos m\u00e1s relevantes de la regi\u00f3n, pues la recuperaci\u00f3n que ha tenido en menos de 2 a\u00f1os ha sido impresionante, logrando ya alcanzar los niveles pre pandemia en reservas\u201d, coment\u00f3 Alejandro S\u00e1nchez, gerente de Loyalty y Alianzas Financieras de Despegar.<\/p>\n<h2 class=\"jsx-1282840227\"> Crecimiento por arriba de 2022<\/h2>\n<p class=\"jsx-3954459878\">Otros datos que confirman lo que consigna el estudio de Despegar es que el<strong> Aeropuerto Internacional de Canc\u00fan <\/strong>cerr\u00f3 el mes de marzo pasado con un crecimiento de 20.5% en pasajeros movilizados desde la terminal a\u00e9rea.<\/p>\n<p class=\"jsx-3954459878\">Seg\u00fan el reporte mensual que elabora Asur (consorcio concesionario de la terminal a\u00e9rea), el Aeropuerto moviliz\u00f3 al cierre del primer trimestre del a\u00f1o<strong> <a rel=\"nofollow noopener\" target=\"_blank\" href=\"https:\/\/www.eleconomista.com.mx\/estados\/Quintana-Roo-mantiene-conexiones-aereas-con-126-ciudades-de-todo-el-mundo-20230411-0080.html\">un total de 8.4 millones de pasajeros<\/a><\/strong>, contra los 7 millones que moviliz\u00f3 en el mismo periodo de 2022.<\/p>\n<p class=\"jsx-3954459878\">Aunado a ello, seg\u00fan datos de la Secretar\u00eda de Turismo federal, Canc\u00fan se ubica en el sitio 1 a nivel nacional en captaci\u00f3n de pasajeros internacionales, dejando en segundo sitio a la Ciudad de M\u00e9xico (AICM) y Puerto Vallarta; entre los aeropuertos recibieron 2 millones 739 mil turistas durante el primer bimestre del a\u00f1o.<br \/>Seg\u00fan la dependencia, al aeropuerto de Canc\u00fan arribaron 1 mill\u00f3n 639,000 turistas internacionales, esto es 43.8% m\u00e1s que en el mismo lapso de 2022; seguido del Aeropuerto Internacional de la Ciudad de M\u00e9xico con 669,826 turistas, 24.7% m\u00e1s respecto al primer bimestre de 2022; mientras que el aeropuerto de Puerto Vallarta recibi\u00f3 430,713 turistas internacionales, esto es 43.1% m\u00e1s a lo observado durante los primeros dos meses de 2022.<\/p>\n<\/div>\n\n<p><em> &#8221; Fuentes www.eleconomista.com.mx &#8221; <\/em><\/p>\n","protected":false},"excerpt":{"rendered":"<p>Canc\u00fan, QRoo.- Con motivo de aniversario n\u00famero 53 de Canc\u00fan, la agencia de viajes Despegar prepar\u00f3 un an\u00e1lisis sobre el posicionamiento en la regi\u00f3n, destac\u00e1ndose como el destino con la mayor recuperaci\u00f3n tur\u00edstica en Latinoam\u00e9rica. Entre los principales resultados que sustentan esta tendencia, de acuerdo con el informe de Despegar, la Riviera Maya y Canc\u00fan [&hellip;]<\/p>\n","protected":false},"author":4,"featured_media":521658,"comment_status":"open","ping_status":"closed","sticky":false,"template":"","format":"standard","meta":{"om_disable_all_campaigns":false,"jnews-multi-image_gallery":[],"jnews_single_post":[],"jnews_primary_category":[],"jnews_social_meta":[],"footnotes":""},"categories":[39],"tags":[2010,544],"class_list":["post-521657","post","type-post","status-publish","format-standard","has-post-thumbnail","hentry","category-viajes","tag-cancun","tag-turismo"],"_links":{"self":[{"href":"https:\/\/dimensionturistica.com\/es\/wp-json\/wp\/v2\/posts\/521657","targetHints":{"allow":["GET"]}}],"collection":[{"href":"https:\/\/dimensionturistica.com\/es\/wp-json\/wp\/v2\/posts"}],"about":[{"href":"https:\/\/dimensionturistica.com\/es\/wp-json\/wp\/v2\/types\/post"}],"author":[{"embeddable":true,"href":"https:\/\/dimensionturistica.com\/es\/wp-json\/wp\/v2\/users\/4"}],"replies":[{"embeddable":true,"href":"https:\/\/dimensionturistica.com\/es\/wp-json\/wp\/v2\/comments?post=521657"}],"version-history":[{"count":0,"href":"https:\/\/dimensionturistica.com\/es\/wp-json\/wp\/v2\/posts\/521657\/revisions"}],"wp:featuredmedia":[{"embeddable":true,"href":"https:\/\/dimensionturistica.com\/es\/wp-json\/wp\/v2\/media\/521658"}],"wp:attachment":[{"href":"https:\/\/dimensionturistica.com\/es\/wp-json\/wp\/v2\/media?parent=521657"}],"wp:term":[{"taxonomy":"category","embeddable":true,"href":"https:\/\/dimensionturistica.com\/es\/wp-json\/wp\/v2\/categories?post=521657"},{"taxonomy":"post_tag","embeddable":true,"href":"https:\/\/dimensionturistica.com\/es\/wp-json\/wp\/v2\/tags?post=521657"}],"curies":[{"name":"wp","href":"https:\/\/api.w.org\/{rel}","templated":true}]}}