{"id":520396,"date":"2023-04-17T11:39:12","date_gmt":"2023-04-17T11:39:12","guid":{"rendered":"https:\/\/dimensionturistica.com\/es\/?p=520396"},"modified":"2023-04-17T11:39:12","modified_gmt":"2023-04-17T11:39:12","slug":"accidente-en-el-puerto-de-cruceros-sin-victimas","status":"publish","type":"post","link":"https:\/\/dimensionturistica.com\/es\/accidente-en-el-puerto-de-cruceros-sin-victimas\/","title":{"rendered":"Accidente en el Puerto de Cruceros sin v\u00edctimas"},"content":{"rendered":"<p> <br \/>\n<\/p>\n<div>\n<p>                <span itemprop=\"articleBody\"><\/p>\n<p><img decoding=\"async\" itemprop=\"image\" src=\"https:\/\/dimensionturistica.com\/es\/wp-content\/uploads\/2023\/04\/Se-derrumba-una-pasarela-de-pasajeros-en-el-muelle-de.webp\" alt=\"\"\/><\/p>\n<p>&#13;<br \/>\n &#13;<\/p>\n<p>\u00a0<\/p>\n<p>&#13;<\/p>\n<li class=\"texto\"><i class=\"fa fa-file-text-o\"\/>Lancelot Digital<\/li>\n<p>&#13;<\/p>\n<p>\u00a0<\/p>\n<p>&#13;<\/p>\n<p>Llama la atenci\u00f3n que se produzca un hecho tan grave como el derrumbamiento de una pasarela de pasajeros en el muelle de cruceros de Arrecife, un accidente que afortunadamente no ocasion\u00f3 v\u00edctimas, y no haya informaci\u00f3n al respecto. En efecto, el pasado d\u00eda 1 de abril, una pasarela de grandes dimensiones se desprendi\u00f3 del amarre del buque Marella Explorer y cay\u00f3 al fondo del mar entre el cantil del muelle y el costado del crucero. Afortunadamente, en esos momentos, ning\u00fan pasajero y ning\u00fan tripulante del crucero, estaba caminando sobre la plataforma de m\u00e1s de seis metros de altura, por lo que no hubo herido, pero a d\u00eda de hoy no se sabe nada, ni de qu\u00e9 fue lo que ocurri\u00f3, ni si se ha abierto ya una investigaci\u00f3n que aclare los hechos.\u00a0<\/p>\n<p>&#13;<\/p>\n<p>\u00a0<\/p>\n<p>&#13;<\/p>\n<h2>Falta de informaci\u00f3n\u00a0\u00a0<\/h2>\n<p>&#13;<\/p>\n<p>\u00a0<\/p>\n<p>&#13;<\/p>\n<p>Este silencio administrativo y la falta de informaci\u00f3n clarificadora parece una constante cuando a Puertos se refiere. Desgraciadamente los accidentes se producen en todas las actividades, pero hay que hacer todo lo posible por evitarlo. Tal vez el incidente lo produjo un mal amarre o las malas condiciones de la pasarela, pero ambas cosas son controlables. Lanzarote vive en estos momentos un buen momento tur\u00edstico y es preciso cuidar cada peque\u00f1o detalle y evitar cualquier incidente que empa\u00f1e la buena marcha del sector. Lo cierto es que la suerte se ali\u00f3 con la isla y no ocurri\u00f3 nada, pero, \u00bfqu\u00e9 habr\u00eda pasado si en lugar de estar vac\u00eda la pasarela hubiera estado llena de gente cruz\u00e1ndola? Mejor no pensarlo y seguir trabajando para evitar este tipo de accidentes. Eso s\u00ed, esperamos saber pronto qu\u00e9 fue exactamente lo que ocurri\u00f3.\u00a0 Esperemos que las autoridades lanzarote\u00f1as lo exijan para saber la verdad y nada m\u00e1s que la verdad.<\/p>\n<p>                    <\/span><\/p><\/div>\n<p><script src=\"https:\/\/connect.facebook.net\/es_ES\/all.js#xfbml=1\" type=\"text\/javascript\"><\/script><script type=\"text\/javascript\">\n\/\/<![CDATA[\n   \twindow.fbAsyncInit = function() {\n\t\tFB.init({ appId: '171342606239806', \n\t\t\tstatus: true, \n\t\t\tcookie: true,\n\t\t\txfbml: true,\n\t\t\toauth: true\n\t\t});\n   \t\t    \n\t  \t\t};\n    \/\/      \n    jQuery(window).load(function() {\n    \t(function(){\n    \t\tif(!document.getElementById('fb-root')) {\n    \t\t\tvar root = document.createElement('div');\n    \t\t\troot.id = 'fb-root';\n    \t\t\tdocument.getElementById('gkfb-root').appendChild(root);\n    \t\t\tvar e = document.createElement('script');\n    \t\t\te.src = document.location.protocol + '\/\/connect.facebook.net\/es_ES\/all.js';\n    \t\t\te.async = true;\n    \t\t\tdocument.getElementById('fb-root').appendChild(e);\n    \t\t}  \n    \t})();\n    });\n    \/\/]]>\n<\/script><br \/>\n<br \/><\/p>\n<p><em> &#8221; Fuentes www.lancelotdigital.com &#8221; <\/em><\/p>\n","protected":false},"excerpt":{"rendered":"<p>&#13; &#13; \u00a0 &#13; Lancelot Digital &#13; \u00a0 &#13; Llama la atenci\u00f3n que se produzca un hecho tan grave como el derrumbamiento de una pasarela de pasajeros en el muelle de cruceros de Arrecife, un accidente que afortunadamente no ocasion\u00f3 v\u00edctimas, y no haya informaci\u00f3n al respecto. En efecto, el pasado d\u00eda 1 de abril, [&hellip;]<\/p>\n","protected":false},"author":4,"featured_media":519881,"comment_status":"open","ping_status":"closed","sticky":false,"template":"","format":"standard","meta":{"om_disable_all_campaigns":false,"jnews-multi-image_gallery":[],"jnews_single_post":[],"jnews_primary_category":[],"jnews_social_meta":[],"footnotes":""},"categories":[41],"tags":[946],"class_list":["post-520396","post","type-post","status-publish","format-standard","has-post-thumbnail","hentry","category-cruceros","tag-lancelot-digital-noticias-lanzarote-diario-digital-periodico-canarias-sucesos-deportes-cultura-vida-social-opinion-semanario-revista"],"_links":{"self":[{"href":"https:\/\/dimensionturistica.com\/es\/wp-json\/wp\/v2\/posts\/520396","targetHints":{"allow":["GET"]}}],"collection":[{"href":"https:\/\/dimensionturistica.com\/es\/wp-json\/wp\/v2\/posts"}],"about":[{"href":"https:\/\/dimensionturistica.com\/es\/wp-json\/wp\/v2\/types\/post"}],"author":[{"embeddable":true,"href":"https:\/\/dimensionturistica.com\/es\/wp-json\/wp\/v2\/users\/4"}],"replies":[{"embeddable":true,"href":"https:\/\/dimensionturistica.com\/es\/wp-json\/wp\/v2\/comments?post=520396"}],"version-history":[{"count":0,"href":"https:\/\/dimensionturistica.com\/es\/wp-json\/wp\/v2\/posts\/520396\/revisions"}],"wp:featuredmedia":[{"embeddable":true,"href":"https:\/\/dimensionturistica.com\/es\/wp-json\/wp\/v2\/media\/519881"}],"wp:attachment":[{"href":"https:\/\/dimensionturistica.com\/es\/wp-json\/wp\/v2\/media?parent=520396"}],"wp:term":[{"taxonomy":"category","embeddable":true,"href":"https:\/\/dimensionturistica.com\/es\/wp-json\/wp\/v2\/categories?post=520396"},{"taxonomy":"post_tag","embeddable":true,"href":"https:\/\/dimensionturistica.com\/es\/wp-json\/wp\/v2\/tags?post=520396"}],"curies":[{"name":"wp","href":"https:\/\/api.w.org\/{rel}","templated":true}]}}