{"id":519880,"date":"2023-04-15T14:40:22","date_gmt":"2023-04-15T14:40:22","guid":{"rendered":"https:\/\/dimensionturistica.com\/es\/?p=519880"},"modified":"2023-04-15T14:40:22","modified_gmt":"2023-04-15T14:40:22","slug":"se-derrumba-una-pasarela-de-pasajeros-en-el-muelle-de-cruceros-de-arrecife","status":"publish","type":"post","link":"https:\/\/dimensionturistica.com\/es\/se-derrumba-una-pasarela-de-pasajeros-en-el-muelle-de-cruceros-de-arrecife\/","title":{"rendered":"Se derrumba una pasarela de pasajeros en el muelle de cruceros de Arrecife"},"content":{"rendered":"<p> <br \/>\n<\/p>\n<div>\n<p>                <span itemprop=\"articleBody\"><\/p>\n<p><strong><img decoding=\"async\" itemprop=\"image\" src=\"https:\/\/dimensionturistica.com\/es\/wp-content\/uploads\/2023\/04\/Se-derrumba-una-pasarela-de-pasajeros-en-el-muelle-de.webp\"\/><\/strong><\/p>\n<p>&#13;<\/p>\n<p><strong>Por suerte cay\u00f3 al mar, donde permanece desde has 15 d\u00edas, y no se registr\u00f3 ning\u00fan herido<\/strong><\/p>\n<p>&#13;<br \/>\n &#13;<\/p>\n<li class=\"texto\"><i class=\"fa fa-file-text-o\"\/>Lancelot Digital<\/li>\n<p>&#13;<\/p>\n<p>\u00a0<\/p>\n<p>&#13;<\/p>\n<p>Una pasarela de\u00a0grandes dimensiones\u00a0se desprendi\u00f3 del amarre del buque Marella Explorer y cay\u00f3 al fondo del mar entre el cantil del muelle y el costado del crucero. El suceso tuvo lugar en la tarde del pasado 1 de abril y por suerte no hubo que lamentar heridos porque, en el momento del accidente, ning\u00fan pasajero ni tripulante del crucero tur\u00edstico caminaba por dicha plataforma\u00a0de m\u00e1s de 6 metros de altura (como se puede apreciar en la fotograf\u00eda) del suelo.<\/p>\n<p>&#13;<\/p>\n<p>\u00a0<\/p>\n<p>&#13;<\/p>\n<p>La realidad es que la pasarela sigue en el fondo del mar del muelle de cruceros y todav\u00eda la Autoridad Portuaria no ha podido o no ha querido extraerla para evitar posibles accidentes a los buques de gran calado a marea vac\u00eda que, m\u00e1s que chocar con el casco, podr\u00eda afectar a las h\u00e9lices, seg\u00fan fuentes cercanas a los consignatarios del Puerto de Arrecife.<\/p>\n<p>&#13;<\/p>\n<p>\u00a0<\/p>\n<p>&#13;<\/p>\n<p>M\u00e1s all\u00e1 de la peligrosidad de que la pasarela est\u00e9 en alg\u00fan lugar del fondo del mar cerca del muelle, el problema es que el Puerto de Arrecife se ha quedado sin poder utilizar esa &#8220;torreta&#8221; desde hace dos semanas. Seg\u00fan esas mismas fuentes, ya alg\u00fan gran crucero ha solicitado ese servicio y el Puerto de Arrecife ha negado la utilizaci\u00f3n, con los consiguientes contratiempos para la \u00f3ptima operatividad del muelle.<\/p>\n<p>&#13;<\/p>\n<p>\u00a0<\/p>\n<p>&#13;<\/p>\n<p>Al parecer, s\u00f3lo existen dos torretas con pasarelas en el Puerto de Arrecife. Ua est\u00e1 en el muelle de Los M\u00e1rmoles y la otra en la zona del llamado muelle de cruceros (Marina de Arrecife), por lo que se hace necesario, al decir de los operarios del puerto, que se ponga en servicio \u00e9sta tras la correspondiente revisi\u00f3n t\u00e9cnica que evite otro accidente.<\/p>\n<p>&#13;<\/p>\n<p>\u00a0<\/p>\n<p>&#13;<\/p>\n<p>Se desconocen los motivos de la ca\u00edda de la pasarela: no se sabe si\u00a0fue por alguna deficiencia t\u00e9cnica o porque los operarios no lograron fijarla correctamente. Todo apunta que la Autoridad Portuaria abrir\u00e1 una investigaci\u00f3n para evitar que vuelva a ocurrir. En esta ocasi\u00f3n hubo suerte de que nadie transitara por la torreta en ese momento.<\/p>\n<p>&#13;<\/p>\n<p>\u00a0<\/p>\n<p>&#13;<\/p>\n<p>\t                    <\/span><\/p><\/div>\n<p><script src=\"https:\/\/connect.facebook.net\/es_ES\/all.js#xfbml=1\" type=\"text\/javascript\"><\/script><script type=\"text\/javascript\">\n\/\/<![CDATA[\n   \twindow.fbAsyncInit = function() {\n\t\tFB.init({ appId: '171342606239806', \n\t\t\tstatus: true, \n\t\t\tcookie: true,\n\t\t\txfbml: true,\n\t\t\toauth: true\n\t\t});\n   \t\t    \n\t  \t\t};\n    \/\/      \n    jQuery(window).load(function() {\n    \t(function(){\n    \t\tif(!document.getElementById('fb-root')) {\n    \t\t\tvar root = document.createElement('div');\n    \t\t\troot.id = 'fb-root';\n    \t\t\tdocument.getElementById('gkfb-root').appendChild(root);\n    \t\t\tvar e = document.createElement('script');\n    \t\t\te.src = document.location.protocol + '\/\/connect.facebook.net\/es_ES\/all.js';\n    \t\t\te.async = true;\n    \t\t\tdocument.getElementById('fb-root').appendChild(e);\n    \t\t}  \n    \t})();\n    });\n    \/\/]]>\n<\/script><br \/>\n<br \/><\/p>\n<p><em> &#8221; Fuentes www.lancelotdigital.com &#8221; <\/em><\/p>\n","protected":false},"excerpt":{"rendered":"<p>&#13; Por suerte cay\u00f3 al mar, donde permanece desde has 15 d\u00edas, y no se registr\u00f3 ning\u00fan herido &#13; &#13; Lancelot Digital &#13; \u00a0 &#13; Una pasarela de\u00a0grandes dimensiones\u00a0se desprendi\u00f3 del amarre del buque Marella Explorer y cay\u00f3 al fondo del mar entre el cantil del muelle y el costado del crucero. El suceso tuvo [&hellip;]<\/p>\n","protected":false},"author":4,"featured_media":519881,"comment_status":"open","ping_status":"closed","sticky":false,"template":"","format":"standard","meta":{"om_disable_all_campaigns":false,"jnews-multi-image_gallery":[],"jnews_single_post":[],"jnews_primary_category":[],"jnews_social_meta":[],"footnotes":""},"categories":[41],"tags":[946],"class_list":["post-519880","post","type-post","status-publish","format-standard","has-post-thumbnail","hentry","category-cruceros","tag-lancelot-digital-noticias-lanzarote-diario-digital-periodico-canarias-sucesos-deportes-cultura-vida-social-opinion-semanario-revista"],"_links":{"self":[{"href":"https:\/\/dimensionturistica.com\/es\/wp-json\/wp\/v2\/posts\/519880","targetHints":{"allow":["GET"]}}],"collection":[{"href":"https:\/\/dimensionturistica.com\/es\/wp-json\/wp\/v2\/posts"}],"about":[{"href":"https:\/\/dimensionturistica.com\/es\/wp-json\/wp\/v2\/types\/post"}],"author":[{"embeddable":true,"href":"https:\/\/dimensionturistica.com\/es\/wp-json\/wp\/v2\/users\/4"}],"replies":[{"embeddable":true,"href":"https:\/\/dimensionturistica.com\/es\/wp-json\/wp\/v2\/comments?post=519880"}],"version-history":[{"count":0,"href":"https:\/\/dimensionturistica.com\/es\/wp-json\/wp\/v2\/posts\/519880\/revisions"}],"wp:featuredmedia":[{"embeddable":true,"href":"https:\/\/dimensionturistica.com\/es\/wp-json\/wp\/v2\/media\/519881"}],"wp:attachment":[{"href":"https:\/\/dimensionturistica.com\/es\/wp-json\/wp\/v2\/media?parent=519880"}],"wp:term":[{"taxonomy":"category","embeddable":true,"href":"https:\/\/dimensionturistica.com\/es\/wp-json\/wp\/v2\/categories?post=519880"},{"taxonomy":"post_tag","embeddable":true,"href":"https:\/\/dimensionturistica.com\/es\/wp-json\/wp\/v2\/tags?post=519880"}],"curies":[{"name":"wp","href":"https:\/\/api.w.org\/{rel}","templated":true}]}}