{"id":519817,"date":"2023-04-15T05:28:02","date_gmt":"2023-04-15T05:28:02","guid":{"rendered":"https:\/\/dimensionturistica.com\/es\/?p=519817"},"modified":"2023-04-15T05:28:02","modified_gmt":"2023-04-15T05:28:02","slug":"los-hosteleros-defienden-el-turismo-de-cruceros-y-los-vecinos-su-limitacion","status":"publish","type":"post","link":"https:\/\/dimensionturistica.com\/es\/los-hosteleros-defienden-el-turismo-de-cruceros-y-los-vecinos-su-limitacion\/","title":{"rendered":"Los hosteleros defienden el turismo de cruceros y los vecinos su limitaci\u00f3n"},"content":{"rendered":"<p> <br \/>\n<\/p>\n<p>\n    Los <a rel=\"nofollow noopener\" target=\"_blank\" href=\"https:\/\/www.levante-emv.com\/valencia\/2023\/04\/14\/ayuntamiento-puerto-exploran-limites-aforo-85951577.html\" title=\"l\u00edmites a la llegada de cruceros que ha propuesto el Ayuntamiento de Val\u00e8ncia\" class=\"link copy\">l\u00edmites a la llegada de cruceros que ha propuesto el Ayuntamiento de Val\u00e8ncia<\/a>, a trav\u00e9s de la <strong>Fundaci\u00f3n Go to Val\u00e8ncia<\/strong>, generan divisi\u00f3n de opiniones. Mientras la <strong>Federaci\u00f3n de Asociaciones de Vecinos<\/strong> de Val\u00e8ncia se ha posicionado a favor de poner management y l\u00edmites al turismo de cruceros, la <strong>Federaci\u00f3n de Hosteler\u00eda de Val\u00e8ncia<\/strong>, con <strong>Manuel Espinar<\/strong> al frente, pone el acento en el valor de los crucerista en la promoci\u00f3n de la ciudad.\u00a0\n<\/p>\n<div amp-access=\"FALSE\" amp-access-hide=\"\">\n<p class=\"article-body__text  \">\n    \u00abEl turista de cruceros tiene un valor intangible que es su potencial como prescriptor de la ciudad bien para recomendarlo al llegar a sus pa\u00edses de origen o para querer volver para una estancia m\u00e1s larga\u00bb, asegura Espinar. \u00abEso hay que valorarlo\u00bb. El presidente de los hosteleros aboga por desestacionalizar la actividad y potenciar Val\u00e8ncia como puerto base de salida de cruceros, ya que c\u00bbon eso tambi\u00e9n conseguir\u00eda que ese crucerista pasara al menos una o dos noches en la ciudad antes de salir\u00bb.\u00a0\n<\/p>\n<h3 class=\"article-body__ladillo\"\/>\n<h3 class=\"article-body__ladillo\">Puerto base y desestacionalizar<\/h3>\n<p class=\"article-body__text  \">\n    La federaci\u00f3n vecinal se muestra menos receptivo y \u00abest\u00e1 a favor de las medidas que supongan una regulaci\u00f3n y management de la actividad tur\u00edstica con un objetivo de avanzar en la sostenibilidad\u00bb, apunta su presidenta,<strong> Mar\u00eda Jos\u00e9 Broseta<\/strong>.\u00a0\n<\/p>\n<p class=\"article-body__text  \">\n    La vicealcaldesa y candidata socialista a la alcald\u00eda de Val\u00e8ncia, <strong>Sandra G\u00f3mez<\/strong>, insisti\u00f3 ayer su propuesta de limitar el n\u00famero de cruceros que llegan al d\u00eda a la ciudad en un intento de anticiparse as\u00ed a los problemas que esta actividad ya est\u00e1 dejando en otras ciudades, como Barcelona, otra de las mecas de los cruceros, donde las plataformas vecinales se han rebelado contra este tipo de turismo de bajo coste.\u00a0\n<\/p>\n<p class=\"article-body__text  \">\n    G\u00f3mez , que ha incluido el l\u00edmite de aforo de los cruceros en su programa electoral, asegur\u00f3 ayer que \u00abqueremos seguir siendo capital del turismo inteligente, debemos tener un modelo tur\u00edstico sostenible, que ordene y planifique las actividades que generan aglomeraciones y poco impacto econ\u00f3mico en la ciudad\u00bb.\ufeffLa propuesta de establecer l\u00edmites al turismo de bajo impacto econ\u00f3mico contin\u00faa la l\u00ednea marcada por los socialistas de la ciudad de Val\u00e8ncia con el recargo planteado para los apartamentos tur\u00edsticos y los cruceros en la tasa tur\u00edstica aprobada en les Corts. \u00abSe trata de actividades tur\u00edsticas que generan un impacto econ\u00f3mico muy limitado en la ciudad y que suponen un desequilibrio para el modelo tur\u00edstico de calidad y sostenible social y medioambientalmente que se ha implantado con \u00e9xito en nuestra ciudad\u00bb.\u00a0\n<\/p>\n<article class=\"article-photo article-photo--full \"><amp-img alt=\"Sandra G\u00f3mez\" src=\"https:\/\/estaticos-cdn.prensaiberica.es\/clip\/95e63aa2-9c4b-4cba-83f9-de5bc3a11ced_media-aspect-ratio_default_0.jpg\" width=\"660\" height=\"371\" layout=\"responsive\"\/><\/p>\n<p class=\"article-photo__footer \"><em>Sandra G\u00f3mez<\/em><\/p>\n<\/article>\n<h3 class=\"article-body__ladillo\">Turismo sostenible, no &#8220;low cost&#8221;<\/h3>\n<p class=\"article-body__text  \">\n    La propuesta contempla analizar la capacidad de recepci\u00f3n de visitantes que tiene la ciudad en relaci\u00f3n con la actividad de los cruceros para fijar un tope y evitar que se produzcan concentraciones en algunos espacios concretos de la ciudad. \u00abEsta medida, que implantaremos en colaboraci\u00f3n con la Autoridad Portuaria, nos permitir\u00e1 compatibilizar el bienestar de los residentes y la satisfacci\u00f3n del conjunto de turistas que nos visitan\u00bb, a\u00f1adi\u00f3.\n<\/p>\n<article class=\"article-quote article-quote--middle-quote \">\n<h3>&#8220;Tenemos que compatibilizar el bienestar de los residentes y la satisfacci\u00f3n del conjunto de turistas que nos visitan&#8221;<\/h3>\n<p class=\"article-quote__author\">\n                Sandra G\u00f3mez<br \/>\n                                    . Viceacaldesa y candidata socialista a la alcald\u00eda de Val\u00e8ncia\n                            <\/p>\n<\/article>\n<p class=\"article-body__text  \">\n    \u00a0\u00abHemos transformado el modelo \u2018low cost\u2019 del PP por un modelo sostenible y de calidad, pero debemos seguir avanzando y controlar el turismo de cruceros para evitar que genere una distorsi\u00f3n\u00bb, a\u00f1adi\u00f3. \u00abPara revalidar este modelo de \u00e9xito\u00a0debemos de seguir implantando medidas que nos permitan mejorar la gesti\u00f3n de los flujos tur\u00edsticos mediante el uso de tecnolog\u00edas, la interacci\u00f3n con el turista o la ampliaci\u00f3n de focos de atracci\u00f3n a nuevos espacios\u00bb.\n<\/p>\n<p class=\"article-body__text  \">\n    El nuevo presidente del Puerto de Val\u00e8ncia, que impulsa una nueva terminal de cruceros con mayor capacidad y cercan\u00eda a la ciudad,Joan Calabuig, que la semana pr\u00f3xima tomar\u00e1 posesi\u00f3n de su cargo, ya se ha mostrado a favor de planificar la actividad de los cruceros en la ciudad, que el a\u00f1o pasado bati\u00f3 r\u00e9cord de cruceristas, con 300 barcos y 613.000 visitantes (200.000 m\u00e1s que en 2021).\n<\/p>\n<\/div>\n\n<p><em> &#8221; Fuentes www.levante-emv.com &#8221; <\/em><\/p>\n","protected":false},"excerpt":{"rendered":"<p>Los l\u00edmites a la llegada de cruceros que ha propuesto el Ayuntamiento de Val\u00e8ncia, a trav\u00e9s de la Fundaci\u00f3n Go to Val\u00e8ncia, generan divisi\u00f3n de opiniones. Mientras la Federaci\u00f3n de Asociaciones de Vecinos de Val\u00e8ncia se ha posicionado a favor de poner management y l\u00edmites al turismo de cruceros, la Federaci\u00f3n de Hosteler\u00eda de Val\u00e8ncia, [&hellip;]<\/p>\n","protected":false},"author":4,"featured_media":519818,"comment_status":"open","ping_status":"closed","sticky":false,"template":"","format":"standard","meta":{"om_disable_all_campaigns":false,"jnews-multi-image_gallery":[],"jnews_single_post":[],"jnews_primary_category":[],"jnews_social_meta":[],"footnotes":""},"categories":[41],"tags":[543,45773,2769],"class_list":["post-519817","post","type-post","status-publish","format-standard","has-post-thumbnail","hentry","category-cruceros","tag-cruceros","tag-limites","tag-valencia"],"_links":{"self":[{"href":"https:\/\/dimensionturistica.com\/es\/wp-json\/wp\/v2\/posts\/519817","targetHints":{"allow":["GET"]}}],"collection":[{"href":"https:\/\/dimensionturistica.com\/es\/wp-json\/wp\/v2\/posts"}],"about":[{"href":"https:\/\/dimensionturistica.com\/es\/wp-json\/wp\/v2\/types\/post"}],"author":[{"embeddable":true,"href":"https:\/\/dimensionturistica.com\/es\/wp-json\/wp\/v2\/users\/4"}],"replies":[{"embeddable":true,"href":"https:\/\/dimensionturistica.com\/es\/wp-json\/wp\/v2\/comments?post=519817"}],"version-history":[{"count":0,"href":"https:\/\/dimensionturistica.com\/es\/wp-json\/wp\/v2\/posts\/519817\/revisions"}],"wp:featuredmedia":[{"embeddable":true,"href":"https:\/\/dimensionturistica.com\/es\/wp-json\/wp\/v2\/media\/519818"}],"wp:attachment":[{"href":"https:\/\/dimensionturistica.com\/es\/wp-json\/wp\/v2\/media?parent=519817"}],"wp:term":[{"taxonomy":"category","embeddable":true,"href":"https:\/\/dimensionturistica.com\/es\/wp-json\/wp\/v2\/categories?post=519817"},{"taxonomy":"post_tag","embeddable":true,"href":"https:\/\/dimensionturistica.com\/es\/wp-json\/wp\/v2\/tags?post=519817"}],"curies":[{"name":"wp","href":"https:\/\/api.w.org\/{rel}","templated":true}]}}